{"id":305517,"date":"2025-08-08T16:52:12","date_gmt":"2025-08-08T16:52:12","guid":{"rendered":"https:\/\/www.europesays.com\/fr\/305517\/"},"modified":"2025-08-08T16:52:12","modified_gmt":"2025-08-08T16:52:12","slug":"achetez-une-ile-en-ecosse-pour-moins-cher-quun-deux-pieces-a-paris","status":"publish","type":"post","link":"https:\/\/www.europesays.com\/fr\/305517\/","title":{"rendered":"Achetez une \u00eele en \u00c9cosse pour moins cher qu\u2019un deux-pi\u00e8ces \u00e0 Paris"},"content":{"rendered":"<p>&#13;<br \/>\n                            En r\u00e9sum\u00e9&#13;<br \/>\n                            \u2022 \u00cele Pladda en \u00c9cosse vendue au prix d\u2019un T2 parisien, 350 000 \u20ac  <br \/>\u2022 Nature sauvage, phare victorien, sans voisin, accessible via Glasgow  <br \/>\u2022 Lieu id\u00e9al pour escapade, calme, d\u00e9paysement et vie simple au bord de la mer                            <\/p>\n<p>C\u2019est l\u2019histoire d\u2019un endroit que personne ne regarde\u2026 mais que tout le monde pourrait s\u2019offrir. Une<strong> \u00eele<\/strong> enti\u00e8re, sauvage, battue par les vents d\u2019<strong>\u00c9cosse,<\/strong> avec un vrai phare, des go\u00e9lands \u00e0 perte de vue et pas un voisin \u00e0 l\u2019horizon. Le tout pour moins cher qu\u2019un petit appart \u00e0 <strong>Belleville<\/strong>. On parle ici d\u2019un bout du monde qui se n\u00e9gocie au prix d\u2019un T2 parisien, mais avec en bonus le silence, les embruns, la po\u00e9sie brute. \u00c0 la crois\u00e9e entre escapade et fantasme, cette \u00eele a tout du lieu r\u00eav\u00e9 pour changer de vie, sans casser sa tirelire.<\/p>\n<p><b>Pladda : une carte postale perdue au large de l\u2019\u00c9cosse (et \u00e0 vendre\u202f!)<\/b><\/p>\n<p>Cap sur <b>Pladda<\/b>, un caillou f\u00e9\u00e9rique pos\u00e9 dans le <b>Firth of Clyde<\/b>, face \u00e0 l\u2019\u00eele d\u2019Arran, non loin de <a href=\"https:\/\/discover.ulysse.com\/glasgow-incontournables-plus-grande-ville-ecosse\" rel=\"nofollow noopener\" target=\"_blank\">Glasgow<\/a>. Si vous pensiez qu\u2019il fallait \u00eatre milliardaire pour s\u2019offrir une \u00eele priv\u00e9e, d\u00e9trompez-vous. Pour environ <b>350 000 euros<\/b>, soit le prix d\u2019un deux-pi\u00e8ces avec vis-\u00e0-vis \u00e0 Paris, on peut devenir propri\u00e9taire de cette \u00eele d\u00e9sert\u00e9e, avec son phare victorien, ses b\u00e2tisses abandonn\u00e9es, son ciel immense et ses oiseaux marins en guise de colocataires.<\/p>\n<p>Ce petit bout de terre \u2013 11 hectares tout de m\u00eame \u2013 est un condens\u00e9 d\u2019aventure \u00e9cossaise. Ici, pas de routes ni de boutiques : seulement la nature, \u00e0 l\u2019\u00e9tat brut. <strong>Le phare de Pladda<\/strong>, \u00e9rig\u00e9 \u00e0 la fin du XVIIIe si\u00e8cle, se dresse toujours fi\u00e8rement face \u00e0 l\u2019oc\u00e9an. Autour, quelques b\u00e2tisses \u00e0 retaper qui n\u2019attendent que les mains bricoleuses ou les \u00e2mes po\u00e9tiques. L\u2019\u00eele est inhabit\u00e9e depuis des ann\u00e9es, mais son aura, elle, reste intacte.<\/p>\n<p>Ce qui frappe quand on la d\u00e9couvre, c\u2019est cette sensation de bout du monde accessible. Des herbes folles qui dansent au vent, des rochers l\u00e9ch\u00e9s par l\u2019Atlantique, une lumi\u00e8re qui change toutes les dix minutes. Pladda, c\u2019est une respiration. Une parenth\u00e8se hors du tumulte. Et peut-\u00eatre, qui sait, le d\u00e9cor de votre prochaine vie.<\/p>\n<blockquote class=\"instagram-media\" style=\"background: #FFF; border: 0; border-radius: 3px; margin: 1px; max-width: 540px; min-width: 326px; padding: 0; width: calc(100% - 2px);\" data-instgrm-captioned=\"\" data-instgrm-permalink=\"https:\/\/www.instagram.com\/p\/C-3G-EVqMwG\/?utm_source=ig_embed&amp;utm_campaign=loading\" data-instgrm-version=\"14\">\n<\/blockquote>\n<p><b>Comment rejoindre cette perle (presque) secr\u00e8te ?<\/b><\/p>\n<p>On pourrait croire que cette \u00eele est perdue au bout du globe, mais <b>Pladda est bel et bien accessible depuis la France<\/b>, sans prendre l\u2019avion si vous avez le temps. Depuis Paris, Strasbourg ou Lyon, il suffit de monter \u00e0 bord d\u2019un<a href=\"https:\/\/discover.ulysse.com\/vente-flash-eurostar-20-sur-les-billets-pour-lete\" rel=\"nofollow noopener\" target=\"_blank\"> Eurostar <\/a>pour Londres (comptez environ 90 \u00e0 120\u202f\u20ac selon la p\u00e9riode), puis de filer en train vers Glasgow. Les paysages britanniques d\u00e9filent, entre campagne anglaise et brume \u00e9cossaise. D\u00e9j\u00e0, le d\u00e9paysement commence.<\/p>\n<p>Une fois \u00e0 Glasgow, cap sur le <b>port d\u2019Ardrossan<\/b> (1h15 en train), o\u00f9 un ferry vous attend pour rejoindre la superbe \u00eele d\u2019<b>Arran<\/b>. L\u00e0, changement d\u2019ambiance : villages cosy, falaises dentel\u00e9es, cerfs qui gambadent au loin, distilleries fumantes\u2026 Arran est un petit bijou d\u2019\u00c9cosse, et c\u2019est depuis sa c\u00f4te sud que Pladda s\u2019offre \u00e0 la vue. Pour atteindre l\u2019\u00eele, il faut affr\u00e9ter un <b>bateau priv\u00e9<\/b>, ou embarquer avec des p\u00eacheurs locaux, moyennant une centaine d\u2019euros pour l\u2019aller-retour.<\/p>\n<p>On y va pour la journ\u00e9e, ou pour camper si on a l\u2019\u00e2me aventureuse. Il n\u2019y a pas de r\u00e9seau, pas d\u2019\u00e9lectricit\u00e9, pas de bruit autre que celui du vent et des vagues. Bref, le r\u00eave sauvage dans sa version la plus pure.<\/p>\n<blockquote class=\"instagram-media\" style=\"background: #FFF; border: 0; border-radius: 3px; margin: 1px; max-width: 540px; min-width: 326px; padding: 0; width: calc(100% - 2px);\" data-instgrm-captioned=\"\" data-instgrm-permalink=\"https:\/\/www.instagram.com\/p\/CRHn3YOrhyg\/?utm_source=ig_embed&amp;utm_campaign=loading\" data-instgrm-version=\"14\">\n<\/blockquote>\n<p><b>L\u2019\u00c9cosse, version rugueuse et romantique : un luxe qui ne dit pas son nom<\/b><\/p>\n<p>Il y a des lieux qui ne crient pas leur beaut\u00e9, mais qui vous happent d\u2019un regard. Pladda, c\u2019est \u00e7a. Une \u00eele silencieuse, brute, magn\u00e9tique, qui raconte une autre fa\u00e7on de vivre. Un peu boh\u00e8me, un peu radicale, compl\u00e8tement hors normes.<\/p>\n<p>Ici, pas de piscine \u00e0 d\u00e9bordement ni de rooftop branch\u00e9. Le luxe, c\u2019est de pouvoir marcher des heures sans croiser \u00e2me qui vive, d\u2019avoir l\u2019oc\u00e9an pour seul horizon, de compter les \u00e9toiles en pleine nuit sans aucune pollution lumineuse. C\u2019est l\u2019endroit id\u00e9al pour \u00e9crire un roman, m\u00e9diter, ou simplement souffler loin du monde.<\/p>\n<p>Et puis, il y a les voisins \u2013 l\u2019\u00eele d\u2019Arran, notamment \u2013 qui offrent tout ce dont on a besoin pour rester civilis\u00e9. H\u00e9bergements douillets, plats de la mer, pubs chaleureux, vie locale tranquille\u2026 Le <b>co\u00fbt de la vie y est doux<\/b> : 15\u202f\u20ac pour un bon repas, autour de 100\u202f\u20ac la nuit en h\u00f4tel ou B&amp;B. De quoi se refaire une sant\u00e9 avant ou apr\u00e8s l\u2019aventure insulaire.<\/p>\n<p>Acheter l\u2019\u00eele, c\u2019est une autre histoire. Il faudra pr\u00e9voir des travaux, de la logistique, et probablement quelques litres d\u2019huile de coude. Mais la magie de Pladda, elle, ne co\u00fbte rien. Et elle reste l\u00e0, intacte, pr\u00eate \u00e0 \u00eatre d\u00e9couverte.<\/p>\n<blockquote class=\"instagram-media\" style=\"background: #FFF; border: 0; border-radius: 3px; margin: 1px; max-width: 540px; min-width: 326px; padding: 0; width: calc(100% - 2px);\" data-instgrm-captioned=\"\" data-instgrm-permalink=\"https:\/\/www.instagram.com\/p\/DCCYyipKyEU\/?utm_source=ig_embed&amp;utm_campaign=loading\" data-instgrm-version=\"14\">\n<\/blockquote>\n<p><b>Une \u00e9chapp\u00e9e belle au prix d\u2019un appart parisien<\/b><\/p>\n<p>Alors oui, c\u2019est fou. Acheter une \u00eele en \u00c9cosse pour le prix d\u2019un deux-pi\u00e8ces dans le 18\u1d49, c\u2019est presque trop beau pour \u00eatre vrai. Mais <b>Pladda existe<\/b>, et elle attend celui ou celle qui osera tout plaquer pour quelques hectares de libert\u00e9.<\/p>\n<blockquote class=\"instagram-media\" style=\"background: #FFF; border: 0; border-radius: 3px; margin: 1px; max-width: 540px; min-width: 326px; padding: 0; width: calc(100% - 2px);\" data-instgrm-captioned=\"\" data-instgrm-permalink=\"https:\/\/www.instagram.com\/p\/CsGp823ITMk\/?utm_source=ig_embed&amp;utm_campaign=loading\" data-instgrm-version=\"14\">\n<\/blockquote>\n<p>Et pour les autres, il reste la possibilit\u00e9 de la visiter, le temps d\u2019un d\u00e9tour sauvage et hors du temps. Loin de la fr\u00e9n\u00e9sie urbaine, des loyers \u00e9touffants et des voisins trop bruyants, une \u00eele \u00e9cossaise s\u2019offre au regard, et peut-\u00eatre, au c\u0153ur. Pr\u00eat \u00e0 troquer les embouteillages contre le cri des mouettes ?<\/p>\n<p>                        <script async src=\"\/\/www.instagram.com\/embed.js\"><\/script><\/p>\n","protected":false},"excerpt":{"rendered":"&#13; En r\u00e9sum\u00e9&#13; \u2022 \u00cele Pladda en \u00c9cosse vendue au prix d\u2019un T2 parisien, 350 000 \u20ac \u2022&hellip;\n","protected":false},"author":2,"featured_media":305518,"comment_status":"","ping_status":"","sticky":false,"template":"","format":"standard","meta":{"footnotes":""},"categories":[1888],"tags":[1111,1928,11,1927,1777,674,1011,27,12,1926,626,1925,25],"class_list":{"0":"post-305517","1":"post","2":"type-post","3":"status-publish","4":"format-standard","5":"has-post-thumbnail","7":"category-paris","8":"tag-actu","9":"tag-actu-paris","10":"tag-actualites","11":"tag-actualites-paris","12":"tag-eu","13":"tag-europe","14":"tag-fr","15":"tag-france","16":"tag-news","17":"tag-news-paris","18":"tag-paris","19":"tag-paris-news","20":"tag-republique-francaise"},"share_on_mastodon":{"url":"https:\/\/pubeurope.com\/@fr\/114994187055504071","error":""},"_links":{"self":[{"href":"https:\/\/www.europesays.com\/fr\/wp-json\/wp\/v2\/posts\/305517","targetHints":{"allow":["GET"]}}],"collection":[{"href":"https:\/\/www.europesays.com\/fr\/wp-json\/wp\/v2\/posts"}],"about":[{"href":"https:\/\/www.europesays.com\/fr\/wp-json\/wp\/v2\/types\/post"}],"author":[{"embeddable":true,"href":"https:\/\/www.europesays.com\/fr\/wp-json\/wp\/v2\/users\/2"}],"replies":[{"embeddable":true,"href":"https:\/\/www.europesays.com\/fr\/wp-json\/wp\/v2\/comments?post=305517"}],"version-history":[{"count":0,"href":"https:\/\/www.europesays.com\/fr\/wp-json\/wp\/v2\/posts\/305517\/revisions"}],"wp:featuredmedia":[{"embeddable":true,"href":"https:\/\/www.europesays.com\/fr\/wp-json\/wp\/v2\/media\/305518"}],"wp:attachment":[{"href":"https:\/\/www.europesays.com\/fr\/wp-json\/wp\/v2\/media?parent=305517"}],"wp:term":[{"taxonomy":"category","embeddable":true,"href":"https:\/\/www.europesays.com\/fr\/wp-json\/wp\/v2\/categories?post=305517"},{"taxonomy":"post_tag","embeddable":true,"href":"https:\/\/www.europesays.com\/fr\/wp-json\/wp\/v2\/tags?post=305517"}],"curies":[{"name":"wp","href":"https:\/\/api.w.org\/{rel}","templated":true}]}}