{"id":305523,"date":"2025-08-08T16:55:16","date_gmt":"2025-08-08T16:55:16","guid":{"rendered":"https:\/\/www.europesays.com\/fr\/305523\/"},"modified":"2025-08-08T16:55:16","modified_gmt":"2025-08-08T16:55:16","slug":"a-lapproche-de-lecheance-fixee-a-la-russie-les-ukrainiens-ont-peu-despoir-de-paix","status":"publish","type":"post","link":"https:\/\/www.europesays.com\/fr\/305523\/","title":{"rendered":"\u00c0 l&rsquo;approche de l&rsquo;\u00e9ch\u00e9ance fix\u00e9e \u00e0 la Russie, les Ukrainiens ont peu d&rsquo;espoir de paix"},"content":{"rendered":"<p>Les soldats ukrainiens sur le champ de bataille ont exprim\u00e9 peu d&rsquo;espoir de trouver une solution diplomatique \u00e0 la guerre avec la Russie, alors que le pr\u00e9sident am\u00e9ricain, Donald Trump, a fix\u00e9 au Kremlin la date butoir de vendredi pour conclure la paix. M. Trump envisage aussi un \u00e9ventuel sommet avec son homologue russe, Vladimir Poutine, pour discuter de l&rsquo;invasion de l&rsquo;Ukraine par Moscou.<\/p>\n<p>Le dirigeant am\u00e9ricain, exasp\u00e9r\u00e9 par le fait que le chef du Kremlin n&rsquo;ait pas tenu compte de ses appels \u00e0 cesser les bombardements des villes ukrainiennes, a lanc\u00e9 il y a pr\u00e8s de deux semaines son ultimatum. Celui-ci vise \u00e0 imposer des sanctions suppl\u00e9mentaires \u00e0 la Russie, ainsi qu&rsquo;\u00e0 introduire des droits de douane secondaires ciblant les pays acheteurs de p\u00e9trole russe, si le Kremlin ne se prononce pas en faveur d&rsquo;un r\u00e8glement. Les mesures que le locataire de la Maison-Blanche comptait prendre vendredi restaient floues.<\/p>\n<p>Les efforts de Donald Trump pour faire pression sur Vladimir Poutine afin qu&rsquo;il cesse les combats n&rsquo;ont jusqu&rsquo;\u00e0 pr\u00e9sent donn\u00e9 aucun r\u00e9sultat. L&rsquo;arm\u00e9e russe, plus puissante, progresse lentement en Ukraine, au prix de lourds sacrifices en hommes et en blind\u00e9s, tout en bombardant sans rel\u00e2che les villes ukrainiennes. La Russie et l&rsquo;Ukraine ont des positions tr\u00e8s \u00e9loign\u00e9es en mati\u00e8re de paix.<\/p>\n<p>Les forces ukrainiennes sont engag\u00e9es dans d&rsquo;intenses combats le long de la ligne de front de 1000 kilom\u00e8tres qui serpente du nord-est au sud-est de l&rsquo;Ukraine. La zone de Pokrovsk, dans l&rsquo;est de la r\u00e9gion de Donetsk, subit de plein fouet les cons\u00e9quences de la perc\u00e9e russe, qui cherche \u00e0 p\u00e9n\u00e9trer dans la r\u00e9gion voisine de Dnipro. L&rsquo;Ukraine souffre d&rsquo;importantes p\u00e9nuries de main-d&rsquo;\u0153uvre.<\/p>\n<p>Des combats intenses se d\u00e9roulent \u00e9galement dans la r\u00e9gion frontali\u00e8re de Soumy, au nord de l&rsquo;Ukraine, o\u00f9 les forces ukrainiennes affrontent des soldats russes pour emp\u00eacher l&rsquo;envoi de renforts de cette r\u00e9gion \u00e0 Donetsk.<\/p>\n<p>Dans la r\u00e9gion de Pokrovsk, \u00e0 Donetsk, un commandant a dit penser que Moscou n&rsquo;est pas int\u00e9ress\u00e9 par la paix.<\/p>\n<p>\u00abIl est impossible de n\u00e9gocier avec eux. La seule option est de les vaincre\u00bb, a affirm\u00e9 Buda, le commandant de la brigade Spartan, \u00e0 l&rsquo;Associated Press. Il a utilis\u00e9 uniquement son indicatif, conform\u00e9ment aux r\u00e8gles de l&rsquo;arm\u00e9e ukrainienne.<\/p>\n<p>\u00abJ&rsquo;aimerais qu&rsquo;ils acceptent et que tout cela cesse, mais la Russie refuse; elle refuse de n\u00e9gocier. La seule option est donc de les vaincre\u00bb, a d\u00e9clar\u00e9 le militaire.<\/p>\n<p>Dans la r\u00e9gion m\u00e9ridionale de Zaporijia, un commandant d&rsquo;obusiers utilisant l&rsquo;indicatif d&rsquo;appel \u00abVarsovie\u00bb a assur\u00e9 que les troupes \u00e9taient d\u00e9termin\u00e9es \u00e0 contrecarrer l&rsquo;invasion russe.<\/p>\n<p>\u00abNous sommes sur notre territoire, nous n&rsquo;avons aucune issue, a-t-il dit. Nous maintenons donc notre position, nous n&rsquo;avons pas le choix.\u00bb<\/p>\n<p>Donald Trump a d\u00e9clar\u00e9 jeudi qu&rsquo;il rencontrerait le pr\u00e9sident Poutine m\u00eame si le dirigeant russe ne rencontrait pas son homologue ukrainien, Volodymyr Zelensky. Cela a aliment\u00e9 les craintes en Europe que l&rsquo;Ukraine soit mise \u00e0 l&rsquo;\u00e9cart des efforts visant \u00e0 mettre fin au plus grand conflit du continent depuis la Seconde Guerre mondiale.<\/p>\n<p>L&rsquo;Institute for the Study of War, un groupe de r\u00e9flexion de Washington, a estim\u00e9 jeudi dans une \u00e9valuation que \u00abPoutine ne souhaite toujours pas mettre fin \u00e0 sa guerre et tente d&rsquo;obtenir des concessions bilat\u00e9rales des \u00c9tats-Unis sans s&rsquo;engager v\u00e9ritablement dans un processus de paix.\u00bb<\/p>\n<p>\u00abPoutine continue de croire que le temps joue en faveur de la Russie et que celle-ci peut survivre \u00e0 l&rsquo;Ukraine et \u00e0 l&rsquo;Occident \u00bb, a indiqu\u00e9 l&rsquo;institut.<\/p>\n<p>Le premier ministre hongrois, Viktor Orb\u00e1n, a d\u00e9clar\u00e9 vendredi que l&rsquo;Europe devait prendre l&rsquo;initiative des efforts visant \u00e0 mettre fin au conflit.<\/p>\n<p>Selon lui, les dirigeants allemand et fran\u00e7ais devraient se rendre \u00e0 Moscou \u00abpour n\u00e9gocier au nom de l&rsquo;Europe\u00bb. \u00ab[Sinon], nous serons mis \u00e0 l&rsquo;\u00e9cart de la gestion des questions de s\u00e9curit\u00e9 de notre propre continent\u00bb, a-t-il avanc\u00e9 \u00e0 la t\u00e9l\u00e9vision publique hongroise.<\/p>\n<p>M. Orb\u00e1n, qui critique s\u00e9v\u00e8rement l&rsquo;Union europ\u00e9enne, \u00e0 laquelle son pays appartient, a d\u00e9clar\u00e9 que les craintes de l&rsquo;Europe qu&rsquo;un sommet Trump-Poutine ne r\u00e9ponde pas aux int\u00e9r\u00eats du continent l&rsquo;obligeaient \u00e0 prendre l&rsquo;initiative diplomatique.<\/p>\n<p>\u00abCette guerre ne peut \u00eatre termin\u00e9e sur le front, aucune solution ne peut \u00eatre trouv\u00e9e sur le champ de bataille\u00bb, a argu\u00e9 le dirigeant de la Hongrie. \u00abCette guerre doit \u00eatre termin\u00e9e par les diplomates, les responsables politiques et les dirigeants r\u00e9unis \u00e0 la table des n\u00e9gociations.\u00bb<\/p>\n<p>___<\/p>\n<p>Samya Kullab, \u00e0 Kyiv, en Ukraine, a contribu\u00e9 \u00e0 cette d\u00e9p\u00eache.<\/p>\n<p>Vasilisa Stepanenko, The Associated Press<\/p>\n","protected":false},"excerpt":{"rendered":"Les soldats ukrainiens sur le champ de bataille ont exprim\u00e9 peu d&rsquo;espoir de trouver une solution diplomatique \u00e0&hellip;\n","protected":false},"author":2,"featured_media":305524,"comment_status":"","ping_status":"","sticky":false,"template":"","format":"standard","meta":{"footnotes":""},"categories":[1591],"tags":[11,35494,75,1887,5493,2489,12,1885,1886,132,135],"class_list":{"0":"post-305523","1":"post","2":"type-post","3":"status-publish","4":"format-standard","5":"has-post-thumbnail","7":"category-russie","8":"tag-actualites","9":"tag-champ-de-bataille","10":"tag-donald-trump","11":"tag-federation-de-russie","12":"tag-lukraine","13":"tag-la-russie","14":"tag-news","15":"tag-russia","16":"tag-russian-federation","17":"tag-russie","18":"tag-vladimir-poutine"},"share_on_mastodon":{"url":"https:\/\/pubeurope.com\/@fr\/114994198823723576","error":""},"_links":{"self":[{"href":"https:\/\/www.europesays.com\/fr\/wp-json\/wp\/v2\/posts\/305523","targetHints":{"allow":["GET"]}}],"collection":[{"href":"https:\/\/www.europesays.com\/fr\/wp-json\/wp\/v2\/posts"}],"about":[{"href":"https:\/\/www.europesays.com\/fr\/wp-json\/wp\/v2\/types\/post"}],"author":[{"embeddable":true,"href":"https:\/\/www.europesays.com\/fr\/wp-json\/wp\/v2\/users\/2"}],"replies":[{"embeddable":true,"href":"https:\/\/www.europesays.com\/fr\/wp-json\/wp\/v2\/comments?post=305523"}],"version-history":[{"count":0,"href":"https:\/\/www.europesays.com\/fr\/wp-json\/wp\/v2\/posts\/305523\/revisions"}],"wp:featuredmedia":[{"embeddable":true,"href":"https:\/\/www.europesays.com\/fr\/wp-json\/wp\/v2\/media\/305524"}],"wp:attachment":[{"href":"https:\/\/www.europesays.com\/fr\/wp-json\/wp\/v2\/media?parent=305523"}],"wp:term":[{"taxonomy":"category","embeddable":true,"href":"https:\/\/www.europesays.com\/fr\/wp-json\/wp\/v2\/categories?post=305523"},{"taxonomy":"post_tag","embeddable":true,"href":"https:\/\/www.europesays.com\/fr\/wp-json\/wp\/v2\/tags?post=305523"}],"curies":[{"name":"wp","href":"https:\/\/api.w.org\/{rel}","templated":true}]}}