{"id":305530,"date":"2025-08-08T16:59:09","date_gmt":"2025-08-08T16:59:09","guid":{"rendered":"https:\/\/www.europesays.com\/fr\/305530\/"},"modified":"2025-08-08T16:59:09","modified_gmt":"2025-08-08T16:59:09","slug":"en-allemagne-la-chute-de-popularite-vertigineuse-du-nouveau-gouvernement-rts-ch","status":"publish","type":"post","link":"https:\/\/www.europesays.com\/fr\/305530\/","title":{"rendered":"En Allemagne, la chute de popularit\u00e9 vertigineuse du nouveau gouvernement &#8211; rts.ch"},"content":{"rendered":"<p>La crise des droits de douane ne fait pas les affaires de Friedrich Merz. Pr\u00e8s de 100 jours apr\u00e8s son entr\u00e9e en fonction, le gouvernement du nouveau chancelier n\u2019a jamais \u00e9t\u00e9 aussi impopulaire.<\/p>\n<p>Ils ne sont m\u00eame pas un tiers \u00e0 \u00eatre satisfaits du travail du gouvernement: 29% des Allemands lui donnent un satisfecit, soit dix points de moins qu&rsquo;en juillet, selon <a href=\"https:\/\/www.tagesschau.de\/inland\/deutschlandtrend\/deutschlandtrend-pdf-186.pdf\" class=\"inline-link\" data-item-id=\"richtext_link\" target=\"_blank\" rel=\"noopener\">un sondage de la cha\u00eene de t\u00e9l\u00e9vision publique ARD<\/a>. A l&rsquo;inverse, 69% des Allemands ne sont pas contents de leur gouvernement.<\/p>\n<p>Dans le d\u00e9tail, Friedrich Merz est consid\u00e9r\u00e9 comme un chancelier qui, \u00e0 la diff\u00e9rence de son pr\u00e9d\u00e9cesseur Olaf Scholz, sait communiquer. Mais \u00e0 la diff\u00e9rence d\u2019une Angela Merkel, les Allemands ne lui accordent aucune comp\u00e9tence en mati\u00e8re de gestion de crise. Et des crises en ce moment, ce n&rsquo;est pas ce qui manque.<\/p>\n<p><strong class=\"inline-title\">&gt;&gt; Relire\u00a0: <\/strong><a href=\"https:\/\/www.rts.ch\/info\/monde\/2025\/article\/friedrich-merz-echoue-a-devenir-chancelier-allemand-au-premier-tour-28874540.html\" data-item-id=\"richtext_link\" target=\"_blank\" rel=\"noopener\">En Allemagne, Friedrich Merz \u00e9lu chancelier par le Bundestag apr\u00e8s un d\u00e9saveu au premier tour<\/a><\/p>\n<p>Pas de grand succ\u00e8s<\/p>\n<p>Par exemple, sur le dossier des droits de douanes: lorsque le chancelier allemand a \u00e9t\u00e9 re\u00e7u par Donald Trump, il s\u2019est parfaitement mis en sc\u00e8ne \u00e0 la Maison Blanche et il a \u00ab\u00a0vendu\u00a0\u00bb sa visite comme un grand succ\u00e8s. Mais en fait, il n&rsquo;y a pas eu de r\u00e9sultat particulier.<\/p>\n<p>Certes, l\u2019Allemagne n\u2019a pas \u00e9t\u00e9 mise au m\u00eame r\u00e9gime que la Suisse, mais elle n\u2019a pas obtenu davantage que les autres pays. Une majorit\u00e9 d\u2019Allemands estiment donc que le style de communication de leur chancelier n\u2019est pas convaincant.<\/p>\n<p><strong class=\"inline-title\">&gt;&gt; Relire\u00a0: <\/strong><a href=\"https:\/\/www.rts.ch\/info\/economie\/2025\/article\/taxes-douanieres-americaines-quels-pays-europeens-sont-les-plus-menaces-28941709.html\" data-item-id=\"richtext_link\" target=\"_blank\" rel=\"noopener\">Pourquoi certains pays de l&rsquo;UE craignent plus les taxes douani\u00e8res am\u00e9ricaines<\/a><\/p>\n<p>Alors que Friedrich Merz, durant la campagne \u00e9lectorale, avait mis en avant sa carri\u00e8re dans le secteur priv\u00e9, 35% des Allemands estiment aujourd\u2019hui qu\u2019il ne d\u00e9fend pas suffisamment les int\u00e9r\u00eats \u00e9conomiques de l\u2019Allemagne.<\/p>\n<p>Rentr\u00e9e difficile<\/p>\n<p>La rentr\u00e9e s\u2019annonce aussi difficile pour le gouvernement de Friedrich Merz, car de gros dossiers l\u2019attendent, avec la r\u00e9forme du syst\u00e8me social et notamment la r\u00e9forme de l\u2019aide sociale. L&rsquo;objectif est que l&rsquo;Etat fasse des \u00e9conomies, ce qui fait d\u00e9j\u00e0 d\u00e9bat au sein m\u00eame du gouvernement.<\/p>\n<p>Le dossier de la retraite sera \u00e9galement important. Une commission sera mise en place \u00e0 l\u2019automne pour \u00e9tudier les grandes lignes d\u2019une r\u00e9forme en profondeur. Les futures d\u00e9cisions ne seront certainement pas populaires.<\/p>\n<p class=\"sources\">Sujet radio. Blandine Milcent<\/p>\n<p class=\"credit\">Adaptation web: lia<\/p>\n","protected":false},"excerpt":{"rendered":"La crise des droits de douane ne fait pas les affaires de Friedrich Merz. Pr\u00e8s de 100 jours&hellip;\n","protected":false},"author":2,"featured_media":305531,"comment_status":"","ping_status":"","sticky":false,"template":"","format":"standard","meta":{"footnotes":""},"categories":[1587],"tags":[11,672,22514,1804,352,1805,1803,5949,1777,674,4710,1801,418,74,12,316,4190,1802],"class_list":{"0":"post-305530","1":"post","2":"type-post","3":"status-publish","4":"format-standard","5":"has-post-thumbnail","7":"category-allemagne","8":"tag-actualites","9":"tag-allemagne","10":"tag-allemands","11":"tag-bundesrepublik-deutschland","12":"tag-crise","13":"tag-de","14":"tag-deutschland","15":"tag-elections","16":"tag-eu","17":"tag-europe","18":"tag-friedrich-merz","19":"tag-germany","20":"tag-gouvernement","21":"tag-monde","22":"tag-news","23":"tag-politique","24":"tag-reforme","25":"tag-republique-federale-dallemagne"},"share_on_mastodon":{"url":"https:\/\/pubeurope.com\/@fr\/114994214534959485","error":""},"_links":{"self":[{"href":"https:\/\/www.europesays.com\/fr\/wp-json\/wp\/v2\/posts\/305530","targetHints":{"allow":["GET"]}}],"collection":[{"href":"https:\/\/www.europesays.com\/fr\/wp-json\/wp\/v2\/posts"}],"about":[{"href":"https:\/\/www.europesays.com\/fr\/wp-json\/wp\/v2\/types\/post"}],"author":[{"embeddable":true,"href":"https:\/\/www.europesays.com\/fr\/wp-json\/wp\/v2\/users\/2"}],"replies":[{"embeddable":true,"href":"https:\/\/www.europesays.com\/fr\/wp-json\/wp\/v2\/comments?post=305530"}],"version-history":[{"count":0,"href":"https:\/\/www.europesays.com\/fr\/wp-json\/wp\/v2\/posts\/305530\/revisions"}],"wp:featuredmedia":[{"embeddable":true,"href":"https:\/\/www.europesays.com\/fr\/wp-json\/wp\/v2\/media\/305531"}],"wp:attachment":[{"href":"https:\/\/www.europesays.com\/fr\/wp-json\/wp\/v2\/media?parent=305530"}],"wp:term":[{"taxonomy":"category","embeddable":true,"href":"https:\/\/www.europesays.com\/fr\/wp-json\/wp\/v2\/categories?post=305530"},{"taxonomy":"post_tag","embeddable":true,"href":"https:\/\/www.europesays.com\/fr\/wp-json\/wp\/v2\/tags?post=305530"}],"curies":[{"name":"wp","href":"https:\/\/api.w.org\/{rel}","templated":true}]}}