{"id":305534,"date":"2025-08-08T17:01:07","date_gmt":"2025-08-08T17:01:07","guid":{"rendered":"https:\/\/www.europesays.com\/fr\/305534\/"},"modified":"2025-08-08T17:01:07","modified_gmt":"2025-08-08T17:01:07","slug":"une-telle-decision-doit-avoir-des-consequences-sur-les-relations-ue-israel-dit-le-president-du-conseil-europeen-lorient-le-jour","status":"publish","type":"post","link":"https:\/\/www.europesays.com\/fr\/305534\/","title":{"rendered":"\u00ab Une telle d\u00e9cision doit avoir des cons\u00e9quences sur les relations UE-Isra\u00ebl \u00bb, dit le pr\u00e9sident du Conseil europ\u00e9en &#8211; L&#039;Orient-Le Jour"},"content":{"rendered":"<ol>\n<li><a href=\"https:\/\/news.google.com\/rss\/articles\/CBMi_wFBVV95cUxQbEpiWS13UGlqdlJmSHdyYmc0cUFYcGNlaUJ0dW5wUkRGVnhCa2tBOGJCQk9oX2FPcktJcU9WcktDZjhucTBjN2Q1NWwxc2pVRzI1YjlLbUNaTXVqaWxLYlRnSG9wNjk0SHFUelRjbkxrVTFyWGJyWlotNHk3bGpCZ2I4cGdmZHhTLVN3Mmx6RXhpU1lIUWQzM3dGTUF2NDYtT3RWY2Roc01QdmpWTHFWbDNzcWoxVThabU91WWV0N3hyaEhsbmFMNFpxVmtONERXRzhWbVA3Q3J4S05pN2daa3F0VThUWE5yd3dua1FJeG52TmNORjN0VjE3RkN1aTQ?oc=5\" target=\"_blank\" rel=\"nofollow noopener\">\u00ab Une telle d\u00e9cision doit avoir des cons\u00e9quences sur les relations UE-Isra\u00ebl \u00bb, dit le pr\u00e9sident du Conseil europ\u00e9en<\/a>&nbsp;&nbsp;L&rsquo;Orient-Le Jour<\/li>\n<li><a href=\"https:\/\/news.google.com\/rss\/articles\/CBMi1gJBVV95cUxOVndOV2VVOVJQOEVBYzlkaVcxTjM2UlZSVVF3dXNuc1h0Y2w4eGhfbEdtYzVZX2JKYno4dEx1bTlodmNYc2xSVTU2MFl0ZDhrN3ZSZ2FVeEJqclBIZWFEX1VaNkVNUS1xeU4tbWppN3lQNlRpT1VBWVZxTGR5Y2pzX3RnVktxcWZSclJqMWxKMkM4dlhBZUZzby02MmZjeTVXVXBKdGRJOENzT253bS13RFIxSzJCNnZ5V1ExYVVNUnJBWjFZV0hHUGtuT1p2a0p1bFNFM1FJUWU3R0ZFd0dQNndSWUwzR3NZcXpyS0NyLU1RSGRYLVRXdWhxTF81Qi1heFBjODVnbG1XdmtHSl95N2JEbEFzUkRYMlBZVkxkZHlMQzRiU0gwZG1IYThzOWdPRG5SSlN3R3NfV085N3Jkd3JjeWVGQk9XdHREck01bXFQNmxNa0E?oc=5\" target=\"_blank\" rel=\"nofollow noopener\">En direct, Gaza : les r\u00e9actions internationales se multiplient pour d\u00e9noncer le plan d\u2019Isra\u00ebl pour prendre le contr\u00f4le de l\u2019enclave<\/a>&nbsp;&nbsp;Le Monde.fr<\/li>\n<li><a href=\"https:\/\/news.google.com\/rss\/articles\/CBMilAJBVV95cUxPLVF4aWxBQ1dXcmlTZ21PaVFDS1g2NzVKQkxrZTY4bmlmcVVJckpJMmN6MURsbmNpV0g1a21xM1NPNGpOWG41UFhpTlBnVmNHTW9lU05CQkRNTnZCaDBqelBLMW5FMWZHVXdkQ1RVX2d3ZzZVdHQycEh1ZXlHRUoya2JMWVdNWnZOWEJ6LWlLalFVZTFSbkFhMllfNzBCNGU2eDNhZ0Y1WnYteUduVUpLZERfNFRFaW45blhjMUpzSHhvM2MyMjRCbE8yTWo2MzFLTFZZR1g1U0ctc0gzQU1nb2IyOW5BYzNRR3NyeE9rVmpVNDNobGdjUlU5NDJxUXhMbUEyRC00NmcyRWYyMVZWVWtBd0o?oc=5\" target=\"_blank\" rel=\"nofollow noopener\">Guerre \u00e0 Gaza : \u00abVouloir administrer directement deux millions de Palestiniens est une grave erreur<\/a>&nbsp;&nbsp;Lib\u00e9ration<\/li>\n<li><a href=\"https:\/\/news.google.com\/rss\/articles\/CBMi2wFBVV95cUxPVks5SzBKd0JDandzMG44TUpSQ1FvZjZSSnlxd1J4M1pyRE9ELWtCLXNDSDQzT09IQjJES0xKQ1RoU1A0N0RGS2hNVUw3VHBXSWh2VV9LbEFPLWhEU3VwM0tULTZoZmtMXy15YUtnZkNxZk1PMFBqa2N4TjZNTnFDRlhCUlp1UVJWSmpHczZFMTIyM09xemtWakI1NFJfMGJjUmVXazluaFExX1VGdE5CNjFpTW01X2tES2pkQ3U5b0ktcm1DWnFnODhYNlp1cE5tQUNLV0JfVjVuUlk?oc=5\" target=\"_blank\" rel=\"nofollow noopener\">\u00ab Pi\u00e8ge strat\u00e9gique \u00bb, \u00ab d\u00e9sastre \u00bb\u2026 Le pari tr\u00e8s risqu\u00e9 de Netanyahou sur l&rsquo;occupation de Gaza<\/a>&nbsp;&nbsp;Les Echos<\/li>\n<li><a href=\"https:\/\/news.google.com\/rss\/articles\/CBMi3AFBVV95cUxNNWtaUmExVHJOajZ0RVVmNEJxaVFtZG0zSV83QTV1eDRoT0ZaTDJjUEFzYndqYWhURGRBc2tIYzlUQmNCNHIxMy1wRmpLZXZwTURQYlZ6RWNPcGs0VDgydy00bXVwcGNneVNta0NkU0lDQmZaZDI3N1ZFenRhbWNhUmM4SklWUnd6OENpVHozakZiQWdXTnMzR1FmcHd3R05rOWF5N3hrc2F1RXc5ckVjYm91TVZpb1hreFdtWVpBRGNwWUVLUjkyM1BWM1ltZG9fRGxEUWlwVnhhN1lV?oc=5\" target=\"_blank\" rel=\"nofollow noopener\">Isra\u00ebl veut envahir la ville de Gaza, pr\u00e9ambule \u00e0 une occupation militaire de toute l\u2019enclave<\/a>&nbsp;&nbsp;Mediapart<\/li>\n<\/ol>\n","protected":false},"excerpt":{"rendered":"\u00ab Une telle d\u00e9cision doit avoir des cons\u00e9quences sur les relations UE-Isra\u00ebl \u00bb, dit le pr\u00e9sident du Conseil&hellip;\n","protected":false},"author":2,"featured_media":1445,"comment_status":"","ping_status":"","sticky":false,"template":"","format":"standard","meta":{"footnotes":""},"categories":[1586],"tags":[11,1777,674,1779,1011,27,12,25,1778,364],"class_list":{"0":"post-305534","1":"post","2":"type-post","3":"status-publish","4":"format-standard","5":"has-post-thumbnail","7":"category-europe","8":"tag-actualites","9":"tag-eu","10":"tag-europe","11":"tag-european-union","12":"tag-fr","13":"tag-france","14":"tag-news","15":"tag-republique-francaise","16":"tag-ue","17":"tag-union-europeenne"},"share_on_mastodon":{"url":"https:\/\/pubeurope.com\/@fr\/114994222435199361","error":""},"_links":{"self":[{"href":"https:\/\/www.europesays.com\/fr\/wp-json\/wp\/v2\/posts\/305534","targetHints":{"allow":["GET"]}}],"collection":[{"href":"https:\/\/www.europesays.com\/fr\/wp-json\/wp\/v2\/posts"}],"about":[{"href":"https:\/\/www.europesays.com\/fr\/wp-json\/wp\/v2\/types\/post"}],"author":[{"embeddable":true,"href":"https:\/\/www.europesays.com\/fr\/wp-json\/wp\/v2\/users\/2"}],"replies":[{"embeddable":true,"href":"https:\/\/www.europesays.com\/fr\/wp-json\/wp\/v2\/comments?post=305534"}],"version-history":[{"count":0,"href":"https:\/\/www.europesays.com\/fr\/wp-json\/wp\/v2\/posts\/305534\/revisions"}],"wp:featuredmedia":[{"embeddable":true,"href":"https:\/\/www.europesays.com\/fr\/wp-json\/wp\/v2\/media\/1445"}],"wp:attachment":[{"href":"https:\/\/www.europesays.com\/fr\/wp-json\/wp\/v2\/media?parent=305534"}],"wp:term":[{"taxonomy":"category","embeddable":true,"href":"https:\/\/www.europesays.com\/fr\/wp-json\/wp\/v2\/categories?post=305534"},{"taxonomy":"post_tag","embeddable":true,"href":"https:\/\/www.europesays.com\/fr\/wp-json\/wp\/v2\/tags?post=305534"}],"curies":[{"name":"wp","href":"https:\/\/api.w.org\/{rel}","templated":true}]}}