{"id":305543,"date":"2025-08-08T17:07:10","date_gmt":"2025-08-08T17:07:10","guid":{"rendered":"https:\/\/www.europesays.com\/fr\/305543\/"},"modified":"2025-08-08T17:07:10","modified_gmt":"2025-08-08T17:07:10","slug":"mayol-fait-peau-neuve-decouvrez-les-nouveautes-qui-attendent-les-supporters-du-rct","status":"publish","type":"post","link":"https:\/\/www.europesays.com\/fr\/305543\/","title":{"rendered":"Mayol fait peau neuve : D\u00e9couvrez les nouveaut\u00e9s qui attendent les supporters du RCT !"},"content":{"rendered":"<p>Le stade Mayol a profit\u00e9 de l\u2019intersaison pour se moderniser et offrir une exp\u00e9rience revisit\u00e9e \u00e0 ses spectateurs.<\/p>\n<p>Quatre nouveaux m\u00e2ts d\u2019\u00e9clairage, culminant \u00e0 24 m\u00e8tres, illuminent d\u00e9sormais la pelouse.<\/p>\n<p>Objectif : am\u00e9liorer la visibilit\u00e9 sur place tout en proposant une image plus nette aux t\u00e9l\u00e9spectateurs.<\/p>\n<p>Dans les tribunes Bonnus et Lafontan, 40 projecteurs blancs et 52 color\u00e9s compl\u00e8tent le dispositif, permettant des jeux de lumi\u00e8re plus spectaculaires. Cette technologie, plus performante, r\u00e9duit la consommation \u00e9nerg\u00e9tique de pr\u00e8s de 70 % par rapport \u00e0 l\u2019ancien syst\u00e8me comme l\u2019explique Midi Olympique.<\/p>\n<p>Le son a \u00e9galement \u00e9t\u00e9 repens\u00e9 avec l\u2019installation d\u2019une nouvelle sonorisation pour optimiser l\u2019ambiance les soirs de match.<\/p>\n<p>Ces travaux, int\u00e9gralement financ\u00e9s par la ville de Toulon pour un montant de cinq millions d\u2019euros, s\u2019inscrivent dans une r\u00e9flexion plus large : couvrir toutes les tribunes du stade.<\/p>\n<p>Des discussions entre le club et la municipalit\u00e9 sont d\u00e9j\u00e0 en cours pour concr\u00e9tiser ce projet.<\/p>\n","protected":false},"excerpt":{"rendered":"Le stade Mayol a profit\u00e9 de l\u2019intersaison pour se moderniser et offrir une exp\u00e9rience revisit\u00e9e \u00e0 ses spectateurs.&hellip;\n","protected":false},"author":2,"featured_media":305544,"comment_status":"","ping_status":"","sticky":false,"template":"","format":"standard","meta":{"footnotes":""},"categories":[1416],"tags":[1011,27,479,1468,60],"class_list":{"0":"post-305543","1":"post","2":"type-post","3":"status-publish","4":"format-standard","5":"has-post-thumbnail","7":"category-rugby","8":"tag-fr","9":"tag-france","10":"tag-rugby","11":"tag-rugby-football","12":"tag-sports"},"share_on_mastodon":{"url":"https:\/\/pubeurope.com\/@fr\/114994246008074253","error":""},"_links":{"self":[{"href":"https:\/\/www.europesays.com\/fr\/wp-json\/wp\/v2\/posts\/305543","targetHints":{"allow":["GET"]}}],"collection":[{"href":"https:\/\/www.europesays.com\/fr\/wp-json\/wp\/v2\/posts"}],"about":[{"href":"https:\/\/www.europesays.com\/fr\/wp-json\/wp\/v2\/types\/post"}],"author":[{"embeddable":true,"href":"https:\/\/www.europesays.com\/fr\/wp-json\/wp\/v2\/users\/2"}],"replies":[{"embeddable":true,"href":"https:\/\/www.europesays.com\/fr\/wp-json\/wp\/v2\/comments?post=305543"}],"version-history":[{"count":0,"href":"https:\/\/www.europesays.com\/fr\/wp-json\/wp\/v2\/posts\/305543\/revisions"}],"wp:featuredmedia":[{"embeddable":true,"href":"https:\/\/www.europesays.com\/fr\/wp-json\/wp\/v2\/media\/305544"}],"wp:attachment":[{"href":"https:\/\/www.europesays.com\/fr\/wp-json\/wp\/v2\/media?parent=305543"}],"wp:term":[{"taxonomy":"category","embeddable":true,"href":"https:\/\/www.europesays.com\/fr\/wp-json\/wp\/v2\/categories?post=305543"},{"taxonomy":"post_tag","embeddable":true,"href":"https:\/\/www.europesays.com\/fr\/wp-json\/wp\/v2\/tags?post=305543"}],"curies":[{"name":"wp","href":"https:\/\/api.w.org\/{rel}","templated":true}]}}