{"id":305547,"date":"2025-08-08T17:10:13","date_gmt":"2025-08-08T17:10:13","guid":{"rendered":"https:\/\/www.europesays.com\/fr\/305547\/"},"modified":"2025-08-08T17:10:13","modified_gmt":"2025-08-08T17:10:13","slug":"lorenzo-voit-en-acosta-une-menace-pour-la-concurrence-avec-ducati","status":"publish","type":"post","link":"https:\/\/www.europesays.com\/fr\/305547\/","title":{"rendered":"Lorenzo voit en Acosta une menace pour la concurrence\u2026 avec Ducati"},"content":{"rendered":"<p>Le triple champion du monde MotoGP ne cache pas son admiration pour Pedro Acosta. Selon lui, associer un tel talent \u00e0 la comp\u00e9titivit\u00e9 d\u2019une Desmosedici formerait un cocktail explosif, capable de dominer la cat\u00e9gorie reine.<\/p>\n<blockquote>\n<p>\u201cParmi les pilotes que j\u2019aime pour l\u2019avenir, celui que j\u2019aime le plus est Acosta, \u00e0 mon avis, sur une Ducati, il aurait \u00e9t\u00e9 effrayant, comme Marquez. Il est tr\u00e8s jeune, tr\u00e8s fort, il a fait ses preuves en tout cas parce qu\u2019il a surtout le cran et la soif de gagner tout de suite, le plus vite possible. Il n\u2019est pas content s\u2019il est deuxi\u00e8me, ou troisi\u00e8me.\u201d D\u00e9clare Lorenzo, source : <a href=\"http:\/\/paddock-gp.com\" rel=\"nofollow noopener\" target=\"_blank\">paddock-gp.com<\/a>\u00a0<\/p>\n<\/blockquote>\n<p><b>Un style \u00e0 canaliser<\/b><\/p>\n<p>Si Lorenzo est impressionn\u00e9 par le niveau d\u2019Acosta, il souligne aussi la n\u00e9cessit\u00e9 pour le jeune Espagnol de trouver le juste \u00e9quilibre dans son pilotage. Le triple champion du monde MotoGP estime que son agressivit\u00e9 naturelle, bien que redoutable, peut parfois le desservir.<\/p>\n<blockquote>\n<p>\u201cIl parvient vraiment \u00e0 fermer le virage avec une forme incroyable, mais \u00e0 mon avis, il exag\u00e8re un peu trop dans certains virages. S\u2019il va quelque part entre les deux dans certains virages, il deviendra un pilote un peu plus complet.\u201d Exprime le champion du monde, source : <a href=\"http:\/\/paddock-gp.com\" rel=\"nofollow noopener\" target=\"_blank\">paddock-gp.com<\/a>\u00a0<\/p>\n<\/blockquote>\n<p>\u00a0<\/p>\n<p><b>Un futur qui fait d\u00e9j\u00e0 parler<\/b><\/p>\n<p>Sous contrat avec KTM jusqu\u2019\u00e0 fin 2026, Pedro Acosta est d\u00e9j\u00e0 au centre des rumeurs. Certains l\u2019imaginent, \u00e0 terme, rejoindre Ducati ou Honda, ce qui pourrait rebattre les cartes du MotoGP. Si un tel transfert venait \u00e0 se concr\u00e9tiser, la cat\u00e9gorie reine pourrait voir na\u00eetre un nouveau duel l\u00e9gendaire.<\/p>\n<p>    Partagez cette info avec vos amis et vos proches en cliquant ici  <\/p>\n<p> Podcasts \u00e0 la une MEN LIFE <\/p>\n<p>    MotoGP : Lorenzo imagine Acosta sur Ducati, et le sc\u00e9nario fait d\u00e9j\u00e0 fr\u00e9mir<\/p>\n<p>Pour Jorge Lorenzo, voir Pedro Acosta piloter une Ducati serait un v\u00e9ritable choc pour la concurrence. Le triple champion du monde estime que le jeune Espagnol poss\u00e8de le talent et la d\u00e9termination pour dominer la cat\u00e9gorie reine, \u00e0 condition de canaliser son agressivit\u00e9 naturelle.<\/p>\n<p>R\u00e9dacteur<\/p>\n<p><img decoding=\"async\" width=\"76\" height=\"76\" loading=\"lazy\" src=\"https:\/\/www.europesays.com\/fr\/wp-content\/uploads\/2025\/04\/avatar-sport-am.png\" alt=\"Victor Teyssier\"\/><\/p>\n","protected":false},"excerpt":{"rendered":"Le triple champion du monde MotoGP ne cache pas son admiration pour Pedro Acosta. Selon lui, associer un&hellip;\n","protected":false},"author":2,"featured_media":305548,"comment_status":"","ping_status":"","sticky":false,"template":"","format":"standard","meta":{"footnotes":""},"categories":[1413],"tags":[1011,27,1457,1456,60],"class_list":{"0":"post-305547","1":"post","2":"type-post","3":"status-publish","4":"format-standard","5":"has-post-thumbnail","7":"category-moto","8":"tag-fr","9":"tag-france","10":"tag-moto","11":"tag-motocycle","12":"tag-sports"},"share_on_mastodon":{"url":"https:\/\/pubeurope.com\/@fr\/114994257818315221","error":""},"_links":{"self":[{"href":"https:\/\/www.europesays.com\/fr\/wp-json\/wp\/v2\/posts\/305547","targetHints":{"allow":["GET"]}}],"collection":[{"href":"https:\/\/www.europesays.com\/fr\/wp-json\/wp\/v2\/posts"}],"about":[{"href":"https:\/\/www.europesays.com\/fr\/wp-json\/wp\/v2\/types\/post"}],"author":[{"embeddable":true,"href":"https:\/\/www.europesays.com\/fr\/wp-json\/wp\/v2\/users\/2"}],"replies":[{"embeddable":true,"href":"https:\/\/www.europesays.com\/fr\/wp-json\/wp\/v2\/comments?post=305547"}],"version-history":[{"count":0,"href":"https:\/\/www.europesays.com\/fr\/wp-json\/wp\/v2\/posts\/305547\/revisions"}],"wp:featuredmedia":[{"embeddable":true,"href":"https:\/\/www.europesays.com\/fr\/wp-json\/wp\/v2\/media\/305548"}],"wp:attachment":[{"href":"https:\/\/www.europesays.com\/fr\/wp-json\/wp\/v2\/media?parent=305547"}],"wp:term":[{"taxonomy":"category","embeddable":true,"href":"https:\/\/www.europesays.com\/fr\/wp-json\/wp\/v2\/categories?post=305547"},{"taxonomy":"post_tag","embeddable":true,"href":"https:\/\/www.europesays.com\/fr\/wp-json\/wp\/v2\/tags?post=305547"}],"curies":[{"name":"wp","href":"https:\/\/api.w.org\/{rel}","templated":true}]}}