{"id":305559,"date":"2025-08-08T17:16:10","date_gmt":"2025-08-08T17:16:10","guid":{"rendered":"https:\/\/www.europesays.com\/fr\/305559\/"},"modified":"2025-08-08T17:16:10","modified_gmt":"2025-08-08T17:16:10","slug":"gare-aux-titres-accrocheurs-livres-de-developpement-personnel-on-cherche-a-etre-mieux-julie-carignan-98-5-montreal","status":"publish","type":"post","link":"https:\/\/www.europesays.com\/fr\/305559\/","title":{"rendered":"Gare aux titres accrocheurs! | Livres de d\u00e9veloppement personnel: \u00abOn cherche \u00e0 \u00eatre mieux\u00bb -Julie Carignan \u2014 98.5 Montr\u00e9al"},"content":{"rendered":"<p><strong>Lisez-vous beaucoup de livres de croissance personnelle?<\/strong><\/p>\n<p>Connaissez-vous les bienfaits et les dangers de ce type de lecture?\u00a0<\/p>\n<p>L&rsquo;invit\u00e9e de Marie-Claude Lavall\u00e9e lance une mise en garde contre les titres accrocheurs et le marketing qui peuvent induire en erreur, soulignant l&rsquo;importance d&rsquo;un sens critique lors de la s\u00e9lection de ces ouvrages.\u00a0<\/p>\n<p>Elle aborde \u00e9galement les podcasts et conf\u00e9rences disponibles sur YouTube, conseillant la prudence pour \u00e9viter une consommation excessive qui pourrait devenir nocive.<\/p>\n<p>\u00c9coutez la psychologue et conf\u00e9renci\u00e8re Julie Carignan discuter des bienfaits et des risques li\u00e9s aux livres de croissance personnelle.\u00a0<\/p>\n","protected":false},"excerpt":{"rendered":"Lisez-vous beaucoup de livres de croissance personnelle? Connaissez-vous les bienfaits et les dangers de ce type de lecture?\u00a0&hellip;\n","protected":false},"author":2,"featured_media":305560,"comment_status":"","ping_status":"","sticky":false,"template":"","format":"standard","meta":{"footnotes":""},"categories":[1357],"tags":[1379,58,59,1011,27,1380,104],"class_list":{"0":"post-305559","1":"post","2":"type-post","3":"status-publish","4":"format-standard","5":"has-post-thumbnail","7":"category-livres","8":"tag-books","9":"tag-divertissement","10":"tag-entertainment","11":"tag-fr","12":"tag-france","13":"tag-livres","14":"tag-societe"},"share_on_mastodon":{"url":"https:\/\/pubeurope.com\/@fr\/114994281425211492","error":""},"_links":{"self":[{"href":"https:\/\/www.europesays.com\/fr\/wp-json\/wp\/v2\/posts\/305559","targetHints":{"allow":["GET"]}}],"collection":[{"href":"https:\/\/www.europesays.com\/fr\/wp-json\/wp\/v2\/posts"}],"about":[{"href":"https:\/\/www.europesays.com\/fr\/wp-json\/wp\/v2\/types\/post"}],"author":[{"embeddable":true,"href":"https:\/\/www.europesays.com\/fr\/wp-json\/wp\/v2\/users\/2"}],"replies":[{"embeddable":true,"href":"https:\/\/www.europesays.com\/fr\/wp-json\/wp\/v2\/comments?post=305559"}],"version-history":[{"count":0,"href":"https:\/\/www.europesays.com\/fr\/wp-json\/wp\/v2\/posts\/305559\/revisions"}],"wp:featuredmedia":[{"embeddable":true,"href":"https:\/\/www.europesays.com\/fr\/wp-json\/wp\/v2\/media\/305560"}],"wp:attachment":[{"href":"https:\/\/www.europesays.com\/fr\/wp-json\/wp\/v2\/media?parent=305559"}],"wp:term":[{"taxonomy":"category","embeddable":true,"href":"https:\/\/www.europesays.com\/fr\/wp-json\/wp\/v2\/categories?post=305559"},{"taxonomy":"post_tag","embeddable":true,"href":"https:\/\/www.europesays.com\/fr\/wp-json\/wp\/v2\/tags?post=305559"}],"curies":[{"name":"wp","href":"https:\/\/api.w.org\/{rel}","templated":true}]}}