{"id":305561,"date":"2025-08-08T17:17:19","date_gmt":"2025-08-08T17:17:19","guid":{"rendered":"https:\/\/www.europesays.com\/fr\/305561\/"},"modified":"2025-08-08T17:17:19","modified_gmt":"2025-08-08T17:17:19","slug":"degoutee-de-ne-pas-voir-emilien-dans-les-12-coups-de-midi-cette-candidate-ne-se-gene-pas-pour-le-faire-savoir-a-jean-luc-reichmann","status":"publish","type":"post","link":"https:\/\/www.europesays.com\/fr\/305561\/","title":{"rendered":"\u00ab\u00a0D\u00e9go\u00fbt\u00e9e\u00a0\u00bb de ne pas voir Emilien dans Les 12 coups de midi, cette candidate ne se g\u00eane pas pour le faire savoir \u00e0 Jean-Luc Reichmann"},"content":{"rendered":"<p>Elle \u00e9tait venue participer aux 12 coups de midi dans l&rsquo;espoir de jouer face \u00e0 Emilien, mais voil\u00e0 plusieurs semaines que ce dernier a \u00e9t\u00e9 \u00e9limin\u00e9 du jeu quotidien de TF1. D\u00e9\u00e7ue et m\u00eame \u00ab\u00a0d\u00e9go\u00fbt\u00e9e\u00a0\u00bb, cette jeune candidate n&rsquo;a pas cach\u00e9 son d\u00e9pit en arrivant sur le plateau de Jean-Luc Reichmann.<\/p>\n<p>Ce vendredi 8 ao\u00fbt 2025, Jean-Luc Reichmann \u00e9tait tout excit\u00e9 \u00e0 l&rsquo;id\u00e9e de recevoir la jeune Elise sur le plateau des 12 coups de midi. La cause de cet enthousiasme ? Cette jeune fille amoureuse de <a href=\"https:\/\/www.programme-tv.net\/biographie\/398418-mbappe-kylian\/\" data-link-people=\"59690198-3626-4ae9-9f35-458f5f343d00\" target=\"_blank\" rel=\"noopener\">Kylian Mbapp\u00e9<\/a> arrivait tout droit de Balma, en Haute-Garonne, un endroit cher au coeur de l&rsquo;animateur puisque <a href=\"https:\/\/www.programme-tv.net\/news\/tv\/299007-jean-luc-reichmann-emu-aux-larmes-en-evoquant-son-pere-decede-dans-les-12-coups-de-midi\/\" data-api-deeplink=\"teleloisirs:\/\/news\/299007\" target=\"_blank\" rel=\"noopener\">son p\u00e8re<\/a> y a longtemps travaill\u00e9. Le h\u00e9ros de la s\u00e9rie L\u00e9o Matte\u00ef, brigade des mineurs n&rsquo;a d&rsquo;ailleurs pas manqu\u00e9 de le rappeler \u00e0 l&rsquo;antenne quand la candidate a fait son entr\u00e9e. \u00ab\u00a0Mon papa, il a \u00e9t\u00e9 directeur du Mammouth (une grande cha\u00eene de supermarch\u00e9s, ndlr) en 69-70. \u00c0 l&rsquo;\u00e9poque, c&rsquo;\u00e9tait le Super Suma \u00e0 Balma\u00a0\u00bb, a-t-il racont\u00e9 avec une pointe de nostalgie. \u00c9lise aussi \u00e9tait nostalgique, mais pour une toute autre raison : l&rsquo;absence d&rsquo;Emilien. Et elle ne s&rsquo;est pas g\u00ean\u00e9e pour le faire savoir.<\/p>\n<p>                        \u00ab\u00a0Je venais pour lui\u00a0\u00bb : une candidate des 12 coups de midi \u00ab\u00a0d\u00e9go\u00fbt\u00e9e\u00a0\u00bb par l&rsquo;absence d&rsquo;Emilien<\/p>\n<p>\u00ab\u00a0Je suis d\u00e9go\u00fbt\u00e9e qu&rsquo;il n&rsquo;y ait pas \u00c9milien. Je venais pour lui \u00e0 la base\u00a0\u00bb, a en effet l\u00e2ch\u00e9 Elise \u00e0 Jean-Luc Reichmann d\u00e8s qu&rsquo;elle a d\u00e9boul\u00e9 sur le plateau des 12 coups de midi. Le d\u00e9calage entre les s\u00e9lections, les tournages et la diffusion \u00e0 l&rsquo;antenne font que la jeune femme n&rsquo;a pas pu croiser<a href=\"https:\/\/www.programme-tv.net\/news\/tv\/354593-emilien-les-12-coups-de-midi-se-confie-sur-son-statut-de-plus-grand-champion-des-jeux-tele-en-france-ce-n-etait-pas-mon-objectif\/\" data-api-deeplink=\"teleloisirs:\/\/news\/354593\" target=\"_blank\" rel=\"noopener\"> le plus grand champion des jeux t\u00e9l\u00e9<\/a> en France. Pour rappel, <a href=\"https:\/\/www.programme-tv.net\/news\/tv\/382426-coup-de-theatre-emilien-elimine-des-12-coups-de-midi-apres-646-victoires-je-n-avais-pas-les-reponses\/\" data-api-deeplink=\"teleloisirs:\/\/news\/382426\" target=\"_blank\" rel=\"noopener\">Emilien a \u00e9t\u00e9 \u00e9limin\u00e9 le 6 juillet dernier <\/a>apr\u00e8s 647 participations et avec une cagnotte de plus de 2,5 millions d&rsquo;euros de gains et de cadeaux. Elise, qui avait pass\u00e9 les castings \u00e0 Toulouse d\u00e8s qu&rsquo;elle a eu 18 ans dans l&rsquo;espoir de croiser le plus grand de tous les Ma\u00eetres de midi, n&rsquo;a pas d\u00e9m\u00e9rit\u00e9 lors de son parcours dans le jeu.<\/p>\n<p>            Les 12 coups de midi : Elise \u00e0 peine arriv\u00e9e et d\u00e9j\u00e0 \u00e9limin\u00e9e, Fanny reste Ma\u00eetre de midi<\/p>\n<p>Cette future \u00e9ducatrice pour jeunes enfants est en effet all\u00e9e jusqu&rsquo;en finale face \u00e0 l&rsquo;actuelle Ma\u00eetre de midi Fanny. Mais Elise n&rsquo;a pas r\u00e9ussi \u00e0 donner une seule bonne r\u00e9ponse lors de l&rsquo;\u00e9preuve du Coup fatal et a \u00e9t\u00e9 \u00e9limin\u00e9e \u00e0 l&rsquo;issue du compte \u00e0 rebours. L&rsquo;infirmi\u00e8re de S\u00e8te a donc conserv\u00e9 sa place de championne et reviendra tenter sa chance demain samedi 9 ao\u00fbt dans Les 12 coups de midi sur TF1.<\/p>\n","protected":false},"excerpt":{"rendered":"Elle \u00e9tait venue participer aux 12 coups de midi dans l&rsquo;espoir de jouer face \u00e0 Emilien, mais voil\u00e0&hellip;\n","protected":false},"author":2,"featured_media":305562,"comment_status":"","ping_status":"","sticky":false,"template":"","format":"standard","meta":{"footnotes":""},"categories":[1356],"tags":[244,58,8049,59,1011,27,465,8050,252,1364],"class_list":{"0":"post-305561","1":"post","2":"type-post","3":"status-publish","4":"format-standard","5":"has-post-thumbnail","7":"category-television","8":"tag-commentaire","9":"tag-divertissement","10":"tag-emilien-les-12-coups-de-midi","11":"tag-entertainment","12":"tag-fr","13":"tag-france","14":"tag-jean-luc-reichmann","15":"tag-les-douze-coups-de-midi","16":"tag-television","17":"tag-tv"},"share_on_mastodon":{"url":"https:\/\/pubeurope.com\/@fr\/114994285382701627","error":""},"_links":{"self":[{"href":"https:\/\/www.europesays.com\/fr\/wp-json\/wp\/v2\/posts\/305561","targetHints":{"allow":["GET"]}}],"collection":[{"href":"https:\/\/www.europesays.com\/fr\/wp-json\/wp\/v2\/posts"}],"about":[{"href":"https:\/\/www.europesays.com\/fr\/wp-json\/wp\/v2\/types\/post"}],"author":[{"embeddable":true,"href":"https:\/\/www.europesays.com\/fr\/wp-json\/wp\/v2\/users\/2"}],"replies":[{"embeddable":true,"href":"https:\/\/www.europesays.com\/fr\/wp-json\/wp\/v2\/comments?post=305561"}],"version-history":[{"count":0,"href":"https:\/\/www.europesays.com\/fr\/wp-json\/wp\/v2\/posts\/305561\/revisions"}],"wp:featuredmedia":[{"embeddable":true,"href":"https:\/\/www.europesays.com\/fr\/wp-json\/wp\/v2\/media\/305562"}],"wp:attachment":[{"href":"https:\/\/www.europesays.com\/fr\/wp-json\/wp\/v2\/media?parent=305561"}],"wp:term":[{"taxonomy":"category","embeddable":true,"href":"https:\/\/www.europesays.com\/fr\/wp-json\/wp\/v2\/categories?post=305561"},{"taxonomy":"post_tag","embeddable":true,"href":"https:\/\/www.europesays.com\/fr\/wp-json\/wp\/v2\/tags?post=305561"}],"curies":[{"name":"wp","href":"https:\/\/api.w.org\/{rel}","templated":true}]}}