{"id":305573,"date":"2025-08-08T17:24:12","date_gmt":"2025-08-08T17:24:12","guid":{"rendered":"https:\/\/www.europesays.com\/fr\/305573\/"},"modified":"2025-08-08T17:24:12","modified_gmt":"2025-08-08T17:24:12","slug":"donald-trump-declenche-la-flambee-de-lor-en-taxant-les-lingots-suisses","status":"publish","type":"post","link":"https:\/\/www.europesays.com\/fr\/305573\/","title":{"rendered":"Donald Trump d\u00e9clenche la flamb\u00e9e de l\u2019or en taxant les lingots suisses"},"content":{"rendered":"<p>La Conf\u00e9d\u00e9ration helv\u00e9tique n\u2019est pas parvenue \u00e0 \u00e9chapper aux droits de douane \u00e9lev\u00e9s de 39\u00a0%. Les march\u00e9s pensaient que le m\u00e9tal jaune serait \u00e9pargn\u00e9 mais l\u2019Administration am\u00e9ricaine le vise aussi avec ses \u00ab\u00a0tarifs\u00a0\u00bb.<\/p>\n<p class=\"fig-paragraph\">C\u2019est le dernier clou qui manquait au cercueil. Non seulement la Suisse n\u2019est pas parvenue \u00e0 all\u00e9ger le\u00a0<a href=\"http:\/\/www.lefigaro.fr\/conjoncture\/guerre-commerciale-le-taux-moyen-des-droits-de-douane-americains-bondit-a-20-1-du-jamais-vu-depuis-les-annees-1910-20250808\" data-fig-type=\"NewsFlash\" data-gtm-custom-categorie=\"navigation\" data-gtm-custom-action=\"crossclick\" data-gtm-custom-label=\"Contextuel\" data-gtm-event=\"customEventSPE\" data-fig-domain=\"LEFIGARO\" rel=\"nofollow noopener\" target=\"_blank\">taux des droits de douane<\/a>, de 39\u00a0%, inflig\u00e9 par Donald Trump, mais l\u2019or n\u2019\u00e9chappera finalement pas \u00e0 cette surtaxe. Une lettre du Service des douanes et de la protection des fronti\u00e8res des \u00c9tats-Unis (CPB), divulgu\u00e9e par le Financial Times, rapporte que les lingots d\u2019un kilogramme et de 100\u00a0onces tombent \u00e9galement sous le coup de la taxe douani\u00e8re de 39\u00a0%.<\/p>\n<p class=\"fig-paragraph\">Une gifle. Suite \u00e0 la mise en place de droits de douane de 39\u00a0% sur tous les produits suisses, nombre d\u2019observateurs pensaient que le m\u00e9tal jaune serait exempt\u00e9. La Suisse est une plaque tournante mondiale du commerce de l\u2019or. Plus des deux tiers de l\u2019or mondial y transitent, une partie y \u00e9tant raffin\u00e9e. Rien que sur les cinq premiers mois de l\u2019ann\u00e9e, la Suisse a export\u00e9 pour plus de 39\u00a0milliards de francs (48\u00a0milliards de dollars) d\u2019or vers les \u00c9tats-Unis, rappelle le quotidien helv\u00e9tique Blick. \u00ab\u00a0Nous n\u2019aurions jamais pens\u00e9 qu\u2019il serait\u2026<\/p>\n<p class=\"fig-premium-paywall__infos\">\n        Cet article est r\u00e9serv\u00e9 aux abonn\u00e9s.        Il vous reste 80% \u00e0 d\u00e9couvrir.\n    <\/p>\n<p>                <img  data- alt=\"Le Figaro\" class=\"fig-img--complete fig-img\"\/><\/p>\n<p class=\"fig-premium-paywall__title\">Vous avez envie de lire la suite ?<\/p>\n<p class=\"fig-premium-paywall__subtitle\">D\u00e9bloquez tous les articles imm\u00e9diatement.<\/p>\n<p class=\"fig-premium-paywall__connect\">\n                D\u00e9j\u00e0 abonn\u00e9\u00a0?                <a class=\"fig-premium-paywall__connect-link\" href=\"https:\/\/connect.lefigaro.fr\/login?client=horizon_web&amp;type=main&amp;redirect_uri=https%3A%2F%2Fwww.lefigaro.fr%2Fconjoncture%2Fdroits-de-douane-donald-trump-declenche-la-flambee-de-l-or-en-taxant-les-lingots-suisses-20250808\" data-js-gtm=\"{&quot;customCategorie&quot;: &quot;conversion&quot;, &quot;customAction&quot;: &quot;before_Landing_Connexion_paywall_auto&quot;, &quot;customLabel&quot;: &quot;bGVmaWdhcm8uZnJfXzFmMDc0NGY5LThlZWItNmFkMC1hNzQ4LTk1YmFkYzQ0MjA5N19fQXJ0aWNsZQ==_Droits de douane\u00a0: Donald Trump d\u00e9clenche la flamb\u00e9e de l\u2019or en taxant les lingots suisses_538&quot;, &quot;customIDSPE&quot;: &quot;bGVmaWdhcm8uZnJfXzFmMDc0NGY5LThlZWItNmFkMC1hNzQ4LTk1YmFkYzQ0MjA5N19fQXJ0aWNsZQ==&quot;, &quot;event&quot;: &quot;customEventSPE&quot;}\" rel=\"nofollow noopener\" target=\"_blank\"><br \/>\n                    Connectez-vous<br \/>\n                <\/a>\n            <\/p>\n","protected":false},"excerpt":{"rendered":"La Conf\u00e9d\u00e9ration helv\u00e9tique n\u2019est pas parvenue \u00e0 \u00e9chapper aux droits de douane \u00e9lev\u00e9s de 39\u00a0%. Les march\u00e9s pensaient&hellip;\n","protected":false},"author":2,"featured_media":305574,"comment_status":"","ping_status":"","sticky":false,"template":"","format":"standard","meta":{"footnotes":""},"categories":[6],"tags":[35,75,33,34,73,1011,27,3067],"class_list":{"0":"post-305573","1":"post","2":"type-post","3":"status-publish","4":"format-standard","5":"has-post-thumbnail","7":"category-economie","8":"tag-business","9":"tag-donald-trump","10":"tag-economie","11":"tag-economy","12":"tag-etats-unis","13":"tag-fr","14":"tag-france","15":"tag-suisse"},"share_on_mastodon":{"url":"https:\/\/pubeurope.com\/@fr\/114994312888854333","error":""},"_links":{"self":[{"href":"https:\/\/www.europesays.com\/fr\/wp-json\/wp\/v2\/posts\/305573","targetHints":{"allow":["GET"]}}],"collection":[{"href":"https:\/\/www.europesays.com\/fr\/wp-json\/wp\/v2\/posts"}],"about":[{"href":"https:\/\/www.europesays.com\/fr\/wp-json\/wp\/v2\/types\/post"}],"author":[{"embeddable":true,"href":"https:\/\/www.europesays.com\/fr\/wp-json\/wp\/v2\/users\/2"}],"replies":[{"embeddable":true,"href":"https:\/\/www.europesays.com\/fr\/wp-json\/wp\/v2\/comments?post=305573"}],"version-history":[{"count":0,"href":"https:\/\/www.europesays.com\/fr\/wp-json\/wp\/v2\/posts\/305573\/revisions"}],"wp:featuredmedia":[{"embeddable":true,"href":"https:\/\/www.europesays.com\/fr\/wp-json\/wp\/v2\/media\/305574"}],"wp:attachment":[{"href":"https:\/\/www.europesays.com\/fr\/wp-json\/wp\/v2\/media?parent=305573"}],"wp:term":[{"taxonomy":"category","embeddable":true,"href":"https:\/\/www.europesays.com\/fr\/wp-json\/wp\/v2\/categories?post=305573"},{"taxonomy":"post_tag","embeddable":true,"href":"https:\/\/www.europesays.com\/fr\/wp-json\/wp\/v2\/tags?post=305573"}],"curies":[{"name":"wp","href":"https:\/\/api.w.org\/{rel}","templated":true}]}}