{"id":305578,"date":"2025-08-08T17:27:15","date_gmt":"2025-08-08T17:27:15","guid":{"rendered":"https:\/\/www.europesays.com\/fr\/305578\/"},"modified":"2025-08-08T17:27:15","modified_gmt":"2025-08-08T17:27:15","slug":"le-suspect-a-ete-interpelle-a-charantonnay","status":"publish","type":"post","link":"https:\/\/www.europesays.com\/fr\/305578\/","title":{"rendered":"le suspect a \u00e9t\u00e9 interpell\u00e9 \u00e0 Charantonnay"},"content":{"rendered":"<p>La fuite du suspect qui aurait agress\u00e9 le maire de Villeneuve-de-Marc \u00e0 l\u2019arme blanche s\u2019est achev\u00e9e ce vendredi 8\u00a0ao\u00fbt. En fin de matin\u00e9e, les enqu\u00eateurs de la Section de recherches de Grenoble l\u2019ont interpell\u00e9 \u00e0 Charantonnay \u2013 une commune situ\u00e9e \u00e0 une dizaine de kilom\u00e8tres du lieu de l\u2019agression \u2013, apr\u00e8s avoir \u00e9t\u00e9 destinataires d\u2019un renseignement le situant sur la voie publique.<\/p>\n<p>Lorsqu\u2019ils sont arriv\u00e9s sur les lieux, l\u2019homme, qui n\u2019\u00e9tait pas arm\u00e9, n\u2019a pas oppos\u00e9 de r\u00e9sistance et a \u00e9t\u00e9 plac\u00e9 en garde \u00e0 vue dans la foul\u00e9e. L\u2019occasion pour les gendarmes de l\u2019interroger sur les raisons qui l\u2019ont pouss\u00e9 \u00e0 agresser violemment Gilles Dussault ce mercredi 6\u00a0ao\u00fbt en fin d\u2019apr\u00e8s-midi alors qu\u2019il \u00e9tait avec son fils.<\/p>\n<p>Ce contenu est bloqu\u00e9 car vous n&rsquo;avez pas accept\u00e9 les cookies et autres traceurs.<\/p>\n<p>En cliquant sur \u00ab J\u2019accepte \u00bb, les cookies et autres traceurs seront d\u00e9pos\u00e9s et vous pourrez visualiser les contenus  (<a href=\"\" class=\"consentModule_policy\" target=\"_blank\" title=\"Consulter la politique de protection des donn\u00e9es du fournisseur\">plus d&rsquo;informations<\/a>).<\/p>\n<p>En cliquant sur \u00ab J\u2019accepte tous les cookies \u00bb, vous autorisez des d\u00e9p\u00f4ts de cookies et autres traceurs pour le stockage de vos donn\u00e9es sur nos sites et applications \u00e0 des fins de personnalisation et de ciblage publicitaire.<\/p>\n<p class=\"consentModule_secondaryText\">Vous gardez la possibilit\u00e9 de retirer votre consentement \u00e0 tout moment en consultant notre <a href=\"https:\/\/www.ledauphine.com\/protection-des-donnees\" target=\"_blank\" title=\"Consulter notre politique de protection des donn\u00e9es\" rel=\"noopener\">politique de protection des donn\u00e9es<\/a>. <br \/>&#13;<br \/>\n            <a href=\"https:\/\/www.ledauphine.com\/faits-divers-justice\/2025\/08\/08\/javascript:Didomi.notice.show()\" class=\"consentModule_cmp\" target=\"_blank\" rel=\"noopener\">G\u00e9rer mes choix<\/a>&#13;\n        <\/p>\n<p>&#13;<br \/>\n                        J&rsquo;accepte&#13;<br \/>\n            J&rsquo;accepte tous les cookies&#13;\n        <\/p>\n<p>  Hospitalis\u00e9, le maire a pu \u00eatre entendu\u00a0 par les enqu\u00eateurs<\/p>\n<p>D\u2019apr\u00e8s le parquet de Vienne, qui a ouvert une enqu\u00eate pour tentative de meurtre sur personne d\u00e9positaire de l\u2019autorit\u00e9 publique, ses blessures vont donner lieu \u00e0 une incapacit\u00e9 totale de travail d\u2019une dur\u00e9e de 15\u00a0jours. Il a n\u00e9anmoins pu \u00eatre interrog\u00e9 par les enqu\u00eateurs et leur confirmer ce qu\u2019ils savaient d\u00e9j\u00e0\u200a: que le suspect l\u2019avait attaqu\u00e9, lui et son fils qui tentait de s\u2019interposer, puis qu\u2019il avait tent\u00e9, dans un second temps, de les percuter avec son v\u00e9hicule avant d\u2019emboutir un mur et de prendre la fuite \u00e0 pied.<\/p>\n<p>  Aggression sur fond de\u00a0conflit\u00a0d&rsquo;urbanisme<\/p>\n<p>Depuis le 6\u00a0ao\u00fbt, l\u2019enqu\u00eate de flagrance a \u00e9t\u00e9 conduite sous l\u2019autorit\u00e9 du parquet de Vienne qui s\u2019est dessaisi au profit du parquet de Grenoble ce vendredi matin, les dossiers criminels en Is\u00e8re ne pouvant \u00eatre instruits par un juge d\u2019instruction qu\u2019au p\u00f4le criminel de Grenoble.<\/p>\n<p>Il sera temps d\u2019en savoir davantage sur les motivations du suspect, m\u00eame si les enqu\u00eateurs ont d\u2019ores et d\u00e9j\u00e0 bien avanc\u00e9 sur ce point-l\u00e0. <a href=\"https:\/\/www.ledauphine.com\/actualite\/2025\/08\/07\/en-conflit-avec-le-maire-le-suspect-avait-contacte-le-dauphine-libere\" target=\"_blank\" rel=\"noopener\">Comme annonc\u00e9 dans nos colonnes ce vendredi<\/a>, un conflit li\u00e9 \u00e0 un probl\u00e8me d\u2019urbanisme opposait le maire, Gilles Dussault, \u00e0 cet habitant de son village de Villeneuve-de-Marc depuis d\u00e9cembre\u00a02023. Cet habitant se plaignait qu\u2019un mur et une partie de la toiture d\u2019une maison communale s\u2019\u00e9taient effondr\u00e9s chez lui, entra\u00eenant la chute de 10 m3 de pis\u00e9, de cr\u00e9pi et de ciment dans sa cour.<\/p>\n","protected":false},"excerpt":{"rendered":"La fuite du suspect qui aurait agress\u00e9 le maire de Villeneuve-de-Marc \u00e0 l\u2019arme blanche s\u2019est achev\u00e9e ce vendredi&hellip;\n","protected":false},"author":2,"featured_media":305579,"comment_status":"","ping_status":"","sticky":false,"template":"","format":"standard","meta":{"footnotes":""},"categories":[2],"tags":[11,25958,271,272,115,274,107,1011,27,329,108,12,29003,44546],"class_list":{"0":"post-305578","1":"post","2":"type-post","3":"status-publish","4":"format-standard","5":"has-post-thumbnail","7":"category-actualites","8":"tag-actualites","9":"tag-charantonnay","10":"tag-crime","11":"tag-delit-et-contravention","12":"tag-edition-bourgoin-jallieu-nord-dauphine","13":"tag-faits-divers-justice","14":"tag-fil-info","15":"tag-fr","16":"tag-france","17":"tag-france-monde","18":"tag-isere","19":"tag-news","20":"tag-pays-saint-jeannais","21":"tag-villeneuve-de-marc"},"share_on_mastodon":{"url":"https:\/\/pubeurope.com\/@fr\/114994324694987098","error":""},"_links":{"self":[{"href":"https:\/\/www.europesays.com\/fr\/wp-json\/wp\/v2\/posts\/305578","targetHints":{"allow":["GET"]}}],"collection":[{"href":"https:\/\/www.europesays.com\/fr\/wp-json\/wp\/v2\/posts"}],"about":[{"href":"https:\/\/www.europesays.com\/fr\/wp-json\/wp\/v2\/types\/post"}],"author":[{"embeddable":true,"href":"https:\/\/www.europesays.com\/fr\/wp-json\/wp\/v2\/users\/2"}],"replies":[{"embeddable":true,"href":"https:\/\/www.europesays.com\/fr\/wp-json\/wp\/v2\/comments?post=305578"}],"version-history":[{"count":0,"href":"https:\/\/www.europesays.com\/fr\/wp-json\/wp\/v2\/posts\/305578\/revisions"}],"wp:featuredmedia":[{"embeddable":true,"href":"https:\/\/www.europesays.com\/fr\/wp-json\/wp\/v2\/media\/305579"}],"wp:attachment":[{"href":"https:\/\/www.europesays.com\/fr\/wp-json\/wp\/v2\/media?parent=305578"}],"wp:term":[{"taxonomy":"category","embeddable":true,"href":"https:\/\/www.europesays.com\/fr\/wp-json\/wp\/v2\/categories?post=305578"},{"taxonomy":"post_tag","embeddable":true,"href":"https:\/\/www.europesays.com\/fr\/wp-json\/wp\/v2\/tags?post=305578"}],"curies":[{"name":"wp","href":"https:\/\/api.w.org\/{rel}","templated":true}]}}