{"id":305580,"date":"2025-08-08T17:28:14","date_gmt":"2025-08-08T17:28:14","guid":{"rendered":"https:\/\/www.europesays.com\/fr\/305580\/"},"modified":"2025-08-08T17:28:14","modified_gmt":"2025-08-08T17:28:14","slug":"saint-priest-en-jarez-a-la-pharmacie-saint-michel-on-est-au-service-des-clients-toute-lannee","status":"publish","type":"post","link":"https:\/\/www.europesays.com\/fr\/305580\/","title":{"rendered":"Saint-Priest-en-Jarez. \u00c0 la pharmacie Saint-Michel, on est au service des clients toute l\u2019ann\u00e9e"},"content":{"rendered":"<p>\u00ab\u00a0En reprenant cette pharmacie en avril\u00a02023, j\u2019ai voulu en faire un lieu accueillant, explique d\u2019embl\u00e9e Christophe Lach\u00e8ze. Quand ils viennent, nos clients ne sont pas en forme, ce qui n\u2019est jamais tr\u00e8s gai, il est donc important qu\u2019ils soient re\u00e7us avec le sourire.\u00a0\u00bb<\/p>\n<p>Ouverts 45 heures par semaine<\/p>\n<p>Et le g\u00e9rant de nuancer\u00a0: \u00ab\u00a0\u00c9videmment, un bon accueil ne suffit pas. Il faut savoir donner les bons conseils \u00e0 chacun et parfois d\u00e9m\u00ealer des probl\u00e8mes compliqu\u00e9s, par&#8230;<\/p>\n","protected":false},"excerpt":{"rendered":"\u00ab\u00a0En reprenant cette pharmacie en avril\u00a02023, j\u2019ai voulu en faire un lieu accueillant, explique d\u2019embl\u00e9e Christophe Lach\u00e8ze. Quand&hellip;\n","protected":false},"author":2,"featured_media":305581,"comment_status":"","ping_status":"","sticky":false,"template":"","format":"standard","meta":{"footnotes":""},"categories":[9653],"tags":[1111,11,2430,4406,33,7539,1777,674,1011,27,12,25,4001,9664,15696],"class_list":{"0":"post-305580","1":"post","2":"type-post","3":"status-publish","4":"format-standard","5":"has-post-thumbnail","7":"category-saint-etienne","8":"tag-actu","9":"tag-actualites","10":"tag-auvergne-rhone-alpes","11":"tag-commerce-et-services","12":"tag-economie","13":"tag-edition-loire-sud","14":"tag-eu","15":"tag-europe","16":"tag-fr","17":"tag-france","18":"tag-news","19":"tag-republique-francaise","20":"tag-saint-etienne","21":"tag-saint-etienne-bassin","22":"tag-saint-priest-en-jarez"},"share_on_mastodon":{"url":"https:\/\/pubeurope.com\/@fr\/114994328554368243","error":""},"_links":{"self":[{"href":"https:\/\/www.europesays.com\/fr\/wp-json\/wp\/v2\/posts\/305580","targetHints":{"allow":["GET"]}}],"collection":[{"href":"https:\/\/www.europesays.com\/fr\/wp-json\/wp\/v2\/posts"}],"about":[{"href":"https:\/\/www.europesays.com\/fr\/wp-json\/wp\/v2\/types\/post"}],"author":[{"embeddable":true,"href":"https:\/\/www.europesays.com\/fr\/wp-json\/wp\/v2\/users\/2"}],"replies":[{"embeddable":true,"href":"https:\/\/www.europesays.com\/fr\/wp-json\/wp\/v2\/comments?post=305580"}],"version-history":[{"count":0,"href":"https:\/\/www.europesays.com\/fr\/wp-json\/wp\/v2\/posts\/305580\/revisions"}],"wp:featuredmedia":[{"embeddable":true,"href":"https:\/\/www.europesays.com\/fr\/wp-json\/wp\/v2\/media\/305581"}],"wp:attachment":[{"href":"https:\/\/www.europesays.com\/fr\/wp-json\/wp\/v2\/media?parent=305580"}],"wp:term":[{"taxonomy":"category","embeddable":true,"href":"https:\/\/www.europesays.com\/fr\/wp-json\/wp\/v2\/categories?post=305580"},{"taxonomy":"post_tag","embeddable":true,"href":"https:\/\/www.europesays.com\/fr\/wp-json\/wp\/v2\/tags?post=305580"}],"curies":[{"name":"wp","href":"https:\/\/api.w.org\/{rel}","templated":true}]}}