{"id":305582,"date":"2025-08-08T17:29:12","date_gmt":"2025-08-08T17:29:12","guid":{"rendered":"https:\/\/www.europesays.com\/fr\/305582\/"},"modified":"2025-08-08T17:29:12","modified_gmt":"2025-08-08T17:29:12","slug":"saint-etienne-80-ans-apres-hiroshima-un-appel-clair-a-la-denuclearisation","status":"publish","type":"post","link":"https:\/\/www.europesays.com\/fr\/305582\/","title":{"rendered":"Saint-\u00c9tienne. 80 ans apr\u00e8s Hiroshima, un appel clair \u00e0 la d\u00e9nucl\u00e9arisation"},"content":{"rendered":"<p>Pour comm\u00e9morer ce 6\u00a0ao\u00fbt, le Mouvement de la paix avec la Ligue des droits de l\u2019homme, Pax Christi, la CGT, le PCF, LFI et d\u2019autres organisations, ont rendu un hommage aux victimes des bombardements et ont lanc\u00e9 un appel \u00e0 la paix mondiale.<\/p>\n<p>Apr\u00e8s le son du gong d\u2019Hiroshima et une minute de silence, les t\u00e9moignages se sont succ\u00e9d\u00e9.<\/p>\n<p>\u00ab\u00a0Les ressources consacr\u00e9es \u00e0 ces armes&#8230;                        <\/p>\n","protected":false},"excerpt":{"rendered":"Pour comm\u00e9morer ce 6\u00a0ao\u00fbt, le Mouvement de la paix avec la Ligue des droits de l\u2019homme, Pax Christi,&hellip;\n","protected":false},"author":2,"featured_media":305583,"comment_status":"","ping_status":"","sticky":false,"template":"","format":"standard","meta":{"footnotes":""},"categories":[9653],"tags":[1111,11,2430,7539,1777,674,1011,27,12,25,4001,7538,104],"class_list":{"0":"post-305582","1":"post","2":"type-post","3":"status-publish","4":"format-standard","5":"has-post-thumbnail","7":"category-saint-etienne","8":"tag-actu","9":"tag-actualites","10":"tag-auvergne-rhone-alpes","11":"tag-edition-loire-sud","12":"tag-eu","13":"tag-europe","14":"tag-fr","15":"tag-france","16":"tag-news","17":"tag-republique-francaise","18":"tag-saint-etienne","19":"tag-saint-etienne-ville","20":"tag-societe"},"share_on_mastodon":{"url":"https:\/\/pubeurope.com\/@fr\/114994332580893278","error":""},"_links":{"self":[{"href":"https:\/\/www.europesays.com\/fr\/wp-json\/wp\/v2\/posts\/305582","targetHints":{"allow":["GET"]}}],"collection":[{"href":"https:\/\/www.europesays.com\/fr\/wp-json\/wp\/v2\/posts"}],"about":[{"href":"https:\/\/www.europesays.com\/fr\/wp-json\/wp\/v2\/types\/post"}],"author":[{"embeddable":true,"href":"https:\/\/www.europesays.com\/fr\/wp-json\/wp\/v2\/users\/2"}],"replies":[{"embeddable":true,"href":"https:\/\/www.europesays.com\/fr\/wp-json\/wp\/v2\/comments?post=305582"}],"version-history":[{"count":0,"href":"https:\/\/www.europesays.com\/fr\/wp-json\/wp\/v2\/posts\/305582\/revisions"}],"wp:featuredmedia":[{"embeddable":true,"href":"https:\/\/www.europesays.com\/fr\/wp-json\/wp\/v2\/media\/305583"}],"wp:attachment":[{"href":"https:\/\/www.europesays.com\/fr\/wp-json\/wp\/v2\/media?parent=305582"}],"wp:term":[{"taxonomy":"category","embeddable":true,"href":"https:\/\/www.europesays.com\/fr\/wp-json\/wp\/v2\/categories?post=305582"},{"taxonomy":"post_tag","embeddable":true,"href":"https:\/\/www.europesays.com\/fr\/wp-json\/wp\/v2\/tags?post=305582"}],"curies":[{"name":"wp","href":"https:\/\/api.w.org\/{rel}","templated":true}]}}