{"id":305584,"date":"2025-08-08T17:30:21","date_gmt":"2025-08-08T17:30:21","guid":{"rendered":"https:\/\/www.europesays.com\/fr\/305584\/"},"modified":"2025-08-08T17:30:21","modified_gmt":"2025-08-08T17:30:21","slug":"une-nouvelle-patisserie-specialisee-dans-les-trompe-loeil-a-ouvert-pres-du-centre-ville","status":"publish","type":"post","link":"https:\/\/www.europesays.com\/fr\/305584\/","title":{"rendered":"une nouvelle p\u00e2tisserie sp\u00e9cialis\u00e9e dans les trompe-l&rsquo;\u0153il a ouvert pr\u00e8s du centre-ville"},"content":{"rendered":"<p>            Par<br \/>\n        <strong><br \/>\n            <a href=\"https:\/\/actu.fr\/auteur\/emil-vautrin\" title=\"Consulter tous les articles de Emil Vautrin\" rel=\"nofollow noopener\" target=\"_blank\">Emil Vautrin<\/a><br \/>\n        <\/strong><\/p>\n<p>        Publi\u00e9 le<\/p>\n<p>            8 ao\u00fbt 2025 \u00e0 19h04        <\/p>\n<p>Depuis le 5 juillet dernier, Amel, qui travaillait jusqu\u2019\u00e0 maintenant depuis chez elle, a ouvert sa propre p\u00e2tisserie nomm\u00e9e \u00ab\u00a0Maison D\u00e9lices\u00a0\u00bb au 34 rue de Mon D\u00e9sert \u00e0 <a href=\"https:\/\/actu.fr\/grand-est\/nancy_54395\/nancy-jean-paul-noah-proche-conseiller-d-andre-rossinot-et-figure-de-la-vie-locale-est-decede-brutalement_63016534.html\" rel=\"nofollow noopener\" target=\"_blank\">Nancy.<\/a><\/p>\n<p class=\" wall-content\">Au programme, g\u00e2teaux trompe-l\u2019\u0153il, mille-feuilles et bien d\u2019autres choses. Petit tour du propri\u00e9taire.\u00a0<\/p>\n<p>Sa sp\u00e9cialit\u00e9, les trompe-l\u2019\u0153il et les mille-feuilles<\/p>\n<p class=\" wall-content\">\u00a0\u00ab\u00a0Je travaillais d\u00e9j\u00e0 ces produits chez moi, et mes clients m\u2019ont pouss\u00e9e \u00e0 ouvrir une vraie boutique\u00a0\u00bb, retrace Amel.<\/p>\n<p class=\" wall-content\">Bien que la p\u00e9riode estivale soit un peu creuse \u00e0 Nancy, la g\u00e9rante du lieu se dit contente de la fr\u00e9quentation depuis qu\u2019elle a ouvert.\u00a0<\/p>\n<p>    <img   decoding=\"async\" loading=\"lazy\" src=\"https:\/\/www.europesays.com\/fr\/wp-content\/uploads\/2025\/08\/whatsapp-image-2025-08-08-at-183039-1-960x640.jpeg\" alt=\"Pas besoin de les commander \u00e0 l'avance, il y en a toujours en stock.\" width=\"960\" height=\"640\"\/><br \/>\n    Pas besoin de les commander \u00e0 l\u2019avance, il y en a toujours en stock. (\u00a9Lorraine Actu)<\/p>\n<p class=\" wall-content\">En plus des trompe-l\u2019\u0153il, Amel propose \u00e9galement une vaste gamme de p\u00e2tisseries, dont plusieurs mille-feuilles, mais aussi un brunch sal\u00e9 le midi.<\/p>\n<p>    <img   decoding=\"async\" loading=\"lazy\" src=\"https:\/\/www.europesays.com\/fr\/wp-content\/uploads\/2025\/08\/whatsapp-image-2025-08-08-at-185406-960x640.jpeg\" alt=\"Des cr\u00e9ations personnalis\u00e9es peuvent aussi \u00eatre command\u00e9es \u00e0 l'avance.\" width=\"960\" height=\"640\"\/><br \/>\n    Des cr\u00e9ations personnalis\u00e9es peuvent aussi \u00eatre command\u00e9es \u00e0 l\u2019avance. (\u00a9Lorraine Actu)<\/p>\n<p class=\" wall-content\">\u00ab\u00a0Sur commande, je peux aussi r\u00e9aliser des g\u00e2teaux de mariage ou des cr\u00e9ations personnalis\u00e9es comme ce bouquet de roses en chocolat\u00a0\u00bb, ajoute la propri\u00e9taire.\u00a0<\/p>\n<p class=\" wall-content\">Suivez toute l\u2019actualit\u00e9 de vos villes et m\u00e9dias favoris en vous inscrivant \u00e0 <a href=\"https:\/\/moncompte.actu.fr\" title=\"D\u00e9couvez Mon Actu\" rel=\"nofollow noopener\" data-trk=\"{&quot;cta&quot;:{&quot;action&quot;:&quot;https:\\\/\\\/moncompte.actu.fr&quot;,&quot;category&quot;:&quot;mon compte&quot;,&quot;from&quot;:&quot;article footer&quot;,&quot;name&quot;:&quot;Mon actu&quot;,&quot;type&quot;:&quot;cta&quot;}}\" target=\"_blank\">Mon Actu<\/a>.<\/p>\n","protected":false},"excerpt":{"rendered":"Par Emil Vautrin Publi\u00e9 le 8 ao\u00fbt 2025 \u00e0 19h04 Depuis le 5 juillet dernier, Amel, qui travaillait&hellip;\n","protected":false},"author":2,"featured_media":305585,"comment_status":"","ping_status":"","sticky":false,"template":"","format":"standard","meta":{"footnotes":""},"categories":[9635],"tags":[1111,11,215,902,1777,674,1011,27,775,1702,12,25,104],"class_list":{"0":"post-305584","1":"post","2":"type-post","3":"status-publish","4":"format-standard","5":"has-post-thumbnail","7":"category-nancy","8":"tag-actu","9":"tag-actualites","10":"tag-commerce","11":"tag-cuisine","12":"tag-eu","13":"tag-europe","14":"tag-fr","15":"tag-france","16":"tag-grand-est","17":"tag-nancy","18":"tag-news","19":"tag-republique-francaise","20":"tag-societe"},"share_on_mastodon":{"url":"https:\/\/pubeurope.com\/@fr\/114994336702413152","error":""},"_links":{"self":[{"href":"https:\/\/www.europesays.com\/fr\/wp-json\/wp\/v2\/posts\/305584","targetHints":{"allow":["GET"]}}],"collection":[{"href":"https:\/\/www.europesays.com\/fr\/wp-json\/wp\/v2\/posts"}],"about":[{"href":"https:\/\/www.europesays.com\/fr\/wp-json\/wp\/v2\/types\/post"}],"author":[{"embeddable":true,"href":"https:\/\/www.europesays.com\/fr\/wp-json\/wp\/v2\/users\/2"}],"replies":[{"embeddable":true,"href":"https:\/\/www.europesays.com\/fr\/wp-json\/wp\/v2\/comments?post=305584"}],"version-history":[{"count":0,"href":"https:\/\/www.europesays.com\/fr\/wp-json\/wp\/v2\/posts\/305584\/revisions"}],"wp:featuredmedia":[{"embeddable":true,"href":"https:\/\/www.europesays.com\/fr\/wp-json\/wp\/v2\/media\/305585"}],"wp:attachment":[{"href":"https:\/\/www.europesays.com\/fr\/wp-json\/wp\/v2\/media?parent=305584"}],"wp:term":[{"taxonomy":"category","embeddable":true,"href":"https:\/\/www.europesays.com\/fr\/wp-json\/wp\/v2\/categories?post=305584"},{"taxonomy":"post_tag","embeddable":true,"href":"https:\/\/www.europesays.com\/fr\/wp-json\/wp\/v2\/tags?post=305584"}],"curies":[{"name":"wp","href":"https:\/\/api.w.org\/{rel}","templated":true}]}}