{"id":305588,"date":"2025-08-08T17:33:24","date_gmt":"2025-08-08T17:33:24","guid":{"rendered":"https:\/\/www.europesays.com\/fr\/305588\/"},"modified":"2025-08-08T17:33:24","modified_gmt":"2025-08-08T17:33:24","slug":"a-toulon-lantique-du-roliste-face-a-un-redressement-judiciaire","status":"publish","type":"post","link":"https:\/\/www.europesays.com\/fr\/305588\/","title":{"rendered":"\u00c0 Toulon, L&rsquo;Antique du R\u00f4liste face \u00e0 un redressement judiciaire"},"content":{"rendered":"<p>Deux ans apr\u00e8s son ouverture, L&rsquo;Antique du R\u00f4liste fait face \u00e0 des difficult\u00e9s. Fond\u00e9e par Maxime Aumasson et Emmanuel Marocco &#8211; seul le premier est encore impliqu\u00e9 dans le projet, nous explique-t-on \u2014, la boutique se consacre \u00e0 la culture japonaise et au jeu de r\u00f4le, avec plus de 20.000 r\u00e9f\u00e9rences revendiqu\u00e9es au moment de l&rsquo;inauguration.<\/p>\n<p>Parmi les articles, des produits d\u00e9riv\u00e9s, peluches et autres figurines, mais aussi une part importante de mangas et d&rsquo;ouvrages de jeux de r\u00f4le. Contact\u00e9e, l&rsquo;\u00e9quipe de l&rsquo;enseigne ne souhaite pas communiquer sur la proc\u00e9dure de redressement judiciaire, \u00ab\u2009encore r\u00e9cente, nous sommes en train de faire le point\u2009\u00bb.<\/p>\n<p>Si la partie manga repr\u00e9sente \u00ab\u2009une part assez variable au sein du chiffre d&rsquo;affaires, selon les mois\u2009\u00bb, nous indique-t-on du c\u00f4t\u00e9 de L&rsquo;Antique du R\u00f4liste, les ventes de ce type d&rsquo;ouvrages, depuis quelque temps, tendent \u00e0 marquer le pas. Plusieurs explications sont avanc\u00e9es par les professionnels eux-m\u00eames, de la saturation d&rsquo;un march\u00e9 \u00e0 une baisse du pouvoir d&rsquo;achat, en passant par la concurrence du secteur de l&rsquo;occasion ou le recours \u00e0 des sites pirates.<\/p>\n<p style=\"text-align: right;\"><a href=\"https:\/\/actualitte.com\/article\/123930\/edition\/en-france-le-manga-victime-de-son-succes-et-de-la-surproduction\" rel=\"nofollow noopener\" target=\"_blank\"><strong>\u00c0 LIRE &#8211; En France, le manga victime de son succ\u00e8s (et de la surproduction)<\/strong><\/a><\/p>\n<p>Peu apr\u00e8s l&rsquo;inauguration, <a href=\"https:\/\/www.varmatin.com\/conso-shopping\/plongez-au-coeur-de-la-culture-japonaise-864687\" rel=\"nofollow noopener\" target=\"_blank\">Var-Matin<\/a> s&rsquo;\u00e9tait rendu dans la boutique, pr\u00e9sent\u00e9e par ses fondateurs comme \u00ab\u2009un lieu unique, un concept store, un manga caf\u00e9 un peu pouss\u00e9\u2009\u00bb. Selon le quotidien bas\u00e9 \u00e0 Toulon, mangas neufs et d&rsquo;occasion c\u00f4toyaient des figurines Warhammer 40.000 et des cartes \u00e0 collectionner, tandis qu&rsquo;une programmation \u00e9v\u00e9nementielle visait \u00e0 fid\u00e9liser la client\u00e8le.<\/p>\n<p>L&rsquo;enseigne dispose \u00e9galement d&rsquo;une offre de petite restauration, et d\u00e9veloppait une proposition originale : au sous-sol, un espace pouvait abriter des parties de jeux de r\u00f4le, mais aussi une session karaok\u00e9 ou encore des bornes de jeux d&rsquo;arcade. Cette partie de la boutique est toutefois r\u00e9serv\u00e9e aux abonn\u00e9s, avec diff\u00e9rentes formules d&rsquo;acc\u00e8s.<\/p>\n<p>Photographie : Vue de Toulon (illustration, Julien, CC BY-NC-ND 2.0)<\/p>\n<\/p>\n<p>\u00a0<\/p>\n<\/p>\n<p class=\"article-signature\">Par <a class=\"article-signature_url\" href=\"https:\/\/actualitte.com\/auteurs\/215\/antoine-oury\" rel=\"nofollow noopener\" target=\"_blank\">Antoine Oury<\/a><br \/>Contact : <a class=\"article-signature_mail\" href=\"https:\/\/actualitte.com\/article\/125460\/librairie\/mailto:ao@actualitte.com\" rel=\"nofollow noopener\" target=\"_blank\">ao@actualitte.com<\/a><\/p>\n","protected":false},"excerpt":{"rendered":"Deux ans apr\u00e8s son ouverture, L&rsquo;Antique du R\u00f4liste fait face \u00e0 des difficult\u00e9s. Fond\u00e9e par Maxime Aumasson et&hellip;\n","protected":false},"author":2,"featured_media":305589,"comment_status":"","ping_status":"","sticky":false,"template":"","format":"standard","meta":{"footnotes":""},"categories":[9619],"tags":[1111,11,1777,674,1011,27,12,882,25,2310],"class_list":{"0":"post-305588","1":"post","2":"type-post","3":"status-publish","4":"format-standard","5":"has-post-thumbnail","7":"category-toulon","8":"tag-actu","9":"tag-actualites","10":"tag-eu","11":"tag-europe","12":"tag-fr","13":"tag-france","14":"tag-news","15":"tag-provence-alpes-cote-dazur","16":"tag-republique-francaise","17":"tag-toulon"},"share_on_mastodon":{"url":"https:\/\/pubeurope.com\/@fr\/114994348261904400","error":""},"_links":{"self":[{"href":"https:\/\/www.europesays.com\/fr\/wp-json\/wp\/v2\/posts\/305588","targetHints":{"allow":["GET"]}}],"collection":[{"href":"https:\/\/www.europesays.com\/fr\/wp-json\/wp\/v2\/posts"}],"about":[{"href":"https:\/\/www.europesays.com\/fr\/wp-json\/wp\/v2\/types\/post"}],"author":[{"embeddable":true,"href":"https:\/\/www.europesays.com\/fr\/wp-json\/wp\/v2\/users\/2"}],"replies":[{"embeddable":true,"href":"https:\/\/www.europesays.com\/fr\/wp-json\/wp\/v2\/comments?post=305588"}],"version-history":[{"count":0,"href":"https:\/\/www.europesays.com\/fr\/wp-json\/wp\/v2\/posts\/305588\/revisions"}],"wp:featuredmedia":[{"embeddable":true,"href":"https:\/\/www.europesays.com\/fr\/wp-json\/wp\/v2\/media\/305589"}],"wp:attachment":[{"href":"https:\/\/www.europesays.com\/fr\/wp-json\/wp\/v2\/media?parent=305588"}],"wp:term":[{"taxonomy":"category","embeddable":true,"href":"https:\/\/www.europesays.com\/fr\/wp-json\/wp\/v2\/categories?post=305588"},{"taxonomy":"post_tag","embeddable":true,"href":"https:\/\/www.europesays.com\/fr\/wp-json\/wp\/v2\/tags?post=305588"}],"curies":[{"name":"wp","href":"https:\/\/api.w.org\/{rel}","templated":true}]}}