{"id":305590,"date":"2025-08-08T17:34:10","date_gmt":"2025-08-08T17:34:10","guid":{"rendered":"https:\/\/www.europesays.com\/fr\/305590\/"},"modified":"2025-08-08T17:34:10","modified_gmt":"2025-08-08T17:34:10","slug":"sans-permis-il-est-arrete-apres-une-course-poursuite-avec-325-g-de-cocaine","status":"publish","type":"post","link":"https:\/\/www.europesays.com\/fr\/305590\/","title":{"rendered":"sans permis, il est arr\u00eat\u00e9 apr\u00e8s une course-poursuite avec 3,25 g de coca\u00efne"},"content":{"rendered":"<p>            Par<br \/>\n        <strong><br \/>\n            <a href=\"https:\/\/actu.fr\/auteur\/lea-pippinato\" title=\"Consulter tous les articles de L\u00e9a Pippinato\" target=\"_blank\" rel=\"noopener\">L\u00e9a Pippinato<\/a><br \/>\n        <\/strong><\/p>\n<p>        Publi\u00e9 le<\/p>\n<p>            8 ao\u00fbt 2025 \u00e0 19h14        <\/p>\n<p><strong>Dans la nuit de ce vendredi 8 ao\u00fbt 2025<\/strong>, vers 2h, une patrouille de la police municipale rep\u00e8re un automobiliste circulant \u00e0 vive allure en direction du rond-point Schuman. Les agents veulent proc\u00e9der \u00e0 un contr\u00f4le. Le conducteur refuse, acc\u00e9l\u00e8re et s\u2019engage sur l\u2019avenue de l\u2019Europe. La course se poursuit rue de Salernes, puis rue de Salamanque, avant de se terminer avenue de Barcelone.<\/p>\n<p>    <a href=\"https:\/\/www.google.com\/maps\/embed?pb=!1m18!1m12!1m3!1d2887.8236251957587!2d3.819892276460985!3d43.63102977110325!2m3!1f0!2f0!3f0!3m2!1i1024!2i768!4f13.1!3m3!1m2!1s0x12b6ac21fb745ccf%3A0xc018440d579dfc14!2sAv.%20de%20l%27Europe%2C%2034080%20Montpellier!5e0!3m2!1sfr!2sfr!4v1754669926123!5m2!1sfr!2sfr\" title=\"Ouvrie le lien\" target=\"_blank\" rel=\"noopener\">Cliquez ici pour visualiser le contenu<\/a><\/p>\n<p class=\" wall-content\">Le conducteur stoppe sa voiture, descend pr\u00e9cipitamment et tente de s\u2019\u00e9chapper \u00e0 pied. En courant, il jette plusieurs pipettes contenant de la poudre blanche. Les policiers se lancent \u00e0 sa poursuite. Quelques instants plus tard, ils parviennent \u00e0 le ma\u00eetriser.<\/p>\n<p>D\u00e9couverte de coca\u00efne et absence de permis<\/p>\n<p class=\" wall-content\">L\u2019homme, \u00e2g\u00e9 de 20 ans, est sous le coup d\u2019une OQTF (obligation de quitter le territoire fran\u00e7ais). Il ne poss\u00e8de pas de permis de conduire. Les policiers d\u00e9couvrent qu\u2019il transportait<strong> 3,25 grammes de coca\u00efne<\/strong>. Le suspect est plac\u00e9 en garde \u00e0 vue apr\u00e8s un passage au commissariat central, sous la responsabilit\u00e9 du commandant de nuit de la police nationale. Trois autres personnes se trouvaient dans la voiture. Elles n\u2019ont pas \u00e9t\u00e9 inqui\u00e9t\u00e9es et ont pu repartir librement. Le propri\u00e9taire du v\u00e9hicule a r\u00e9cup\u00e9r\u00e9 ses cl\u00e9s. Le mis en cause a affirm\u00e9 avoir pris le volant \u00e0 la place d\u2019un ami, bless\u00e9 aux jambes. Selon ses dires, ils venaient de Figuerolles et se rendaient vers la Paillade.<\/p>\n<p>La veille, un autre homme interpell\u00e9<\/p>\n<p class=\" wall-content\">Ces faits interviennent moins de 24 heures apr\u00e8s une autre arrestation en lien avec des stup\u00e9fiants, cette fois dans le quartier Saint-Paul. <strong>Ce jeudi 7 ao\u00fbt<\/strong>, aux alentours de 23h, avenue du Lauragais, une patrouille de police en surveillance sur ce point de deal aper\u00e7oit un individu effectuer un demi-tour \u00e0 leur vue. Lors du contr\u00f4le, les agents constatent que l\u2019homme de 26 ans fait l\u2019objet <a href=\"https:\/\/actu.fr\/occitanie\/montpellier_34172\/montpellier-un-nouvel-outil-pour-bannir-les-trafiquants-de-stupefiants-de-saint-paul_63007701.html\" target=\"_blank\" rel=\"noopener\">d\u2019une interdiction de para\u00eetre dans le quartier<\/a>. Il est \u00e9galement trouv\u00e9 en possession d\u2019une petite bonbonne contenant un gramme de coca\u00efne. Le suspect est conduit au commissariat central et plac\u00e9 en garde \u00e0 vue.<\/p>\n<p>Vid\u00e9os : en ce moment sur Actu<\/p>\n<p class=\" wall-content\">Suivez toute l\u2019actualit\u00e9 de vos villes et m\u00e9dias favoris en vous inscrivant \u00e0 <a href=\"https:\/\/moncompte.actu.fr\" title=\"D\u00e9couvez Mon Actu\" rel=\"nofollow noopener\" data-trk=\"{&quot;cta&quot;:{&quot;action&quot;:&quot;https:\\\/\\\/moncompte.actu.fr&quot;,&quot;category&quot;:&quot;mon compte&quot;,&quot;from&quot;:&quot;article footer&quot;,&quot;name&quot;:&quot;Mon actu&quot;,&quot;type&quot;:&quot;cta&quot;}}\" target=\"_blank\">Mon Actu<\/a>.<\/p>\n","protected":false},"excerpt":{"rendered":"Par L\u00e9a Pippinato Publi\u00e9 le 8 ao\u00fbt 2025 \u00e0 19h14 Dans la nuit de ce vendredi 8 ao\u00fbt&hellip;\n","protected":false},"author":2,"featured_media":305591,"comment_status":"","ping_status":"","sticky":false,"template":"","format":"standard","meta":{"footnotes":""},"categories":[9599],"tags":[1111,11,1052,1777,674,118,1011,27,2208,12,2680,1072,25,5009],"class_list":{"0":"post-305590","1":"post","2":"type-post","3":"status-publish","4":"format-standard","5":"has-post-thumbnail","7":"category-montpellier","8":"tag-actu","9":"tag-actualites","10":"tag-drogue","11":"tag-eu","12":"tag-europe","13":"tag-faits-divers","14":"tag-fr","15":"tag-france","16":"tag-montpellier","17":"tag-news","18":"tag-occitanie","19":"tag-police","20":"tag-republique-francaise","21":"tag-securite-routiere"},"share_on_mastodon":{"url":"https:\/\/pubeurope.com\/@fr\/114994352184214417","error":""},"_links":{"self":[{"href":"https:\/\/www.europesays.com\/fr\/wp-json\/wp\/v2\/posts\/305590","targetHints":{"allow":["GET"]}}],"collection":[{"href":"https:\/\/www.europesays.com\/fr\/wp-json\/wp\/v2\/posts"}],"about":[{"href":"https:\/\/www.europesays.com\/fr\/wp-json\/wp\/v2\/types\/post"}],"author":[{"embeddable":true,"href":"https:\/\/www.europesays.com\/fr\/wp-json\/wp\/v2\/users\/2"}],"replies":[{"embeddable":true,"href":"https:\/\/www.europesays.com\/fr\/wp-json\/wp\/v2\/comments?post=305590"}],"version-history":[{"count":0,"href":"https:\/\/www.europesays.com\/fr\/wp-json\/wp\/v2\/posts\/305590\/revisions"}],"wp:featuredmedia":[{"embeddable":true,"href":"https:\/\/www.europesays.com\/fr\/wp-json\/wp\/v2\/media\/305591"}],"wp:attachment":[{"href":"https:\/\/www.europesays.com\/fr\/wp-json\/wp\/v2\/media?parent=305590"}],"wp:term":[{"taxonomy":"category","embeddable":true,"href":"https:\/\/www.europesays.com\/fr\/wp-json\/wp\/v2\/categories?post=305590"},{"taxonomy":"post_tag","embeddable":true,"href":"https:\/\/www.europesays.com\/fr\/wp-json\/wp\/v2\/tags?post=305590"}],"curies":[{"name":"wp","href":"https:\/\/api.w.org\/{rel}","templated":true}]}}