{"id":305599,"date":"2025-08-08T17:42:16","date_gmt":"2025-08-08T17:42:16","guid":{"rendered":"https:\/\/www.europesays.com\/fr\/305599\/"},"modified":"2025-08-08T17:42:16","modified_gmt":"2025-08-08T17:42:16","slug":"deux-attaquants-attendus-rennes-va-finir-en-beaute","status":"publish","type":"post","link":"https:\/\/www.europesays.com\/fr\/305599\/","title":{"rendered":"Deux attaquants attendus, Rennes va finir en beaut\u00e9"},"content":{"rendered":"<p><strong>Tr\u00e8s actif cet \u00e9t\u00e9, le Stade Rennais n\u2019a pas termin\u00e9 son recrutement. L\u2019entra\u00eeneur des Rouge et Noir Habib Beye attend encore deux recrues pour son secteur offensif, dont l\u2019une destin\u00e9e \u00e0 prendre la succession d\u2019Arnaud Kalimuendo qui n\u2019est toujours pas parti.<\/strong><\/p>\n<p>Ambitieux dans son discours, Habib Beye veut se donner les moyens de jouer les premiers r\u00f4les en Ligue 1. Le coach du <a href=\"https:\/\/www.foot01.com\/equipe\/rennes\/\" target=\"_blank\" rel=\"noopener nofollow\">Stade Rennais<\/a> tire un trait sur la douzi\u00e8me place de la saison derni\u00e8re et compte bien replacer son \u00e9quipe parmi les candidats \u00e0 l\u2019Europe. Cette progression passera par un bon mercato estival. En plus des d\u00e9parts des nombreux ind\u00e9sirables, le club breton se montre actif dans le sens des arriv\u00e9es. La direction met de nouveau la main \u00e0 la poche pour satisfaire son entra\u00eeneur qui attend d\u00e9sormais du renfort dans le secteur offensif.<\/p>\n<blockquote class=\"twitter-tweet\"><p>&#13;<\/p>\n<p lang=\"fr\" dir=\"ltr\">Rennes va d\u00e9tr\u00f4ner le PSG, Beye a craqu\u00e9 <a href=\"https:\/\/t.co\/NaBoN2gIzC\" rel=\"nofollow\">https:\/\/t.co\/NaBoN2gIzC<\/a><\/p>\n<p>&#13;<br \/>\n\u2014 Foot01.com (@Foot01_com) <a href=\"https:\/\/twitter.com\/Foot01_com\/status\/1950839671962870052?ref_src=twsrc%5Etfw\" rel=\"nofollow noopener\" target=\"_blank\">July 31, 2025<\/a><\/p><\/blockquote>\n<p>A l\u2019heure actuel, pour occuper les deux positions hautes de son 3-5-2, cinq joueurs sont en concurrence. On parle de Ludovic Blas, Kader Me\u00eft\u00e9, Bertug Yildirim, Musa Al-Tamari et d\u2019Arnaud Kalimuendo qui dispose d\u2019un bon de sortie. A priori, l\u2019avant-centre de 23 ans devrait bien partir avant la fermeture du march\u00e9 des transferts. C\u2019est pourquoi Rennes esp\u00e8re recruter un nouvel attaquant de pointe pour le remplacer. Les dirigeants font de ce dossier leur priorit\u00e9 et cherchent un profil compl\u00e9mentaire du jeune Kader Me\u00eft\u00e9.<\/p>\n<p>D&rsquo;autres d\u00e9parts esp\u00e9r\u00e9s<\/p>\n<p>Quant \u00e0 la deuxi\u00e8me recrue esp\u00e9r\u00e9e, le quotidien r\u00e9gional Ouest-France \u00e9voque un profil plus polyvalent. L\u2019id\u00e9e serait de recruter un attaquant notamment capable d\u2019animer le couloir gauche \u00e9tant donn\u00e9 qu\u2019Ibrahim Salah et Ayanda Sishuba sont pouss\u00e9s vers la sortie. Pas s\u00fbr que Rennes parvienne \u00e0 ses fins d\u2019ici la venue de l\u2019Olympique de Marseille lors de la reprise du championnat vendredi prochain. Mais le pensionnaire du Roazhon Park a bien l\u2019intention de compl\u00e9ter le puzzle de son coach Habib Beye.<\/p>\n<p>          <script async src=\"https:\/\/platform.twitter.com\/widgets.js\" charset=\"utf-8\"><\/script><\/p>\n","protected":false},"excerpt":{"rendered":"Tr\u00e8s actif cet \u00e9t\u00e9, le Stade Rennais n\u2019a pas termin\u00e9 son recrutement. L\u2019entra\u00eeneur des Rouge et Noir Habib&hellip;\n","protected":false},"author":2,"featured_media":305600,"comment_status":"","ping_status":"","sticky":false,"template":"","format":"standard","meta":{"footnotes":""},"categories":[2821],"tags":[1111,11,829,1777,674,1011,27,12,584,25],"class_list":{"0":"post-305599","1":"post","2":"type-post","3":"status-publish","4":"format-standard","5":"has-post-thumbnail","7":"category-rennes","8":"tag-actu","9":"tag-actualites","10":"tag-bretagne","11":"tag-eu","12":"tag-europe","13":"tag-fr","14":"tag-france","15":"tag-news","16":"tag-rennes","17":"tag-republique-francaise"},"share_on_mastodon":{"url":"https:\/\/pubeurope.com\/@fr\/114994383682877946","error":""},"_links":{"self":[{"href":"https:\/\/www.europesays.com\/fr\/wp-json\/wp\/v2\/posts\/305599","targetHints":{"allow":["GET"]}}],"collection":[{"href":"https:\/\/www.europesays.com\/fr\/wp-json\/wp\/v2\/posts"}],"about":[{"href":"https:\/\/www.europesays.com\/fr\/wp-json\/wp\/v2\/types\/post"}],"author":[{"embeddable":true,"href":"https:\/\/www.europesays.com\/fr\/wp-json\/wp\/v2\/users\/2"}],"replies":[{"embeddable":true,"href":"https:\/\/www.europesays.com\/fr\/wp-json\/wp\/v2\/comments?post=305599"}],"version-history":[{"count":0,"href":"https:\/\/www.europesays.com\/fr\/wp-json\/wp\/v2\/posts\/305599\/revisions"}],"wp:featuredmedia":[{"embeddable":true,"href":"https:\/\/www.europesays.com\/fr\/wp-json\/wp\/v2\/media\/305600"}],"wp:attachment":[{"href":"https:\/\/www.europesays.com\/fr\/wp-json\/wp\/v2\/media?parent=305599"}],"wp:term":[{"taxonomy":"category","embeddable":true,"href":"https:\/\/www.europesays.com\/fr\/wp-json\/wp\/v2\/categories?post=305599"},{"taxonomy":"post_tag","embeddable":true,"href":"https:\/\/www.europesays.com\/fr\/wp-json\/wp\/v2\/tags?post=305599"}],"curies":[{"name":"wp","href":"https:\/\/api.w.org\/{rel}","templated":true}]}}