{"id":305601,"date":"2025-08-08T17:43:08","date_gmt":"2025-08-08T17:43:08","guid":{"rendered":"https:\/\/www.europesays.com\/fr\/305601\/"},"modified":"2025-08-08T17:43:08","modified_gmt":"2025-08-08T17:43:08","slug":"ton-bebe-je-vais-le-tuer","status":"publish","type":"post","link":"https:\/\/www.europesays.com\/fr\/305601\/","title":{"rendered":"Ton b\u00e9b\u00e9, je vais le tuer"},"content":{"rendered":"<p>            Par<br \/>\n        <strong><br \/>\n            <a href=\"https:\/\/actu.fr\/auteur\/ivan-capecchi\" title=\"Consulter tous les articles de Ivan CAPECCHI\" rel=\"nofollow noopener\" target=\"_blank\">Ivan CAPECCHI<\/a><br \/>\n        <\/strong><\/p>\n<p>        Publi\u00e9 le<\/p>\n<p>            8 ao\u00fbt 2025 \u00e0 19h02        <\/p>\n<p>Ce vendredi 8\u00a0ao\u00fbt 2025, Romain*, 22\u00a0ans, a \u00e9t\u00e9 <strong>condamn\u00e9 \u00e0 huit mois de prison<\/strong> par le tribunal de <a href=\"https:\/\/actu.fr\/strasbourg\/\" rel=\"nofollow noopener\" target=\"_blank\">Strasbourg\u00a0<\/a>pour avoir, en juin de cette m\u00eame ann\u00e9e,<strong> menac\u00e9 de mort son ex-petite-copine<\/strong>, Sarah.<\/p>\n<p>Conflit g\u00e9n\u00e9rationnel<\/p>\n<p class=\" wall-content\">Cheveux longs, t-shirt Adidas rose sur les \u00e9paules, le pr\u00e9venu a du mal \u00e0 tenir en place dans son box. \u00c0 plusieurs reprises, il tente d\u2019\u00e9tablir un contact visuel avec la victime. Cette derni\u00e8re est assise au premier rang. Le dos vo\u00fbt\u00e9, de profondes cernes sous les yeux, elle affiche une certaine nervosit\u00e9.<\/p>\n<p class=\" wall-content\">\u00ab\u2009Votre histoire, c\u2019est un peu Santa Barbara\u2009\u00bb, entame le pr\u00e9sident du tribunal, en r\u00e9f\u00e9rence \u00e0 ce feuilleton c\u00e9l\u00e8bre pour ses <strong>intrigues amoureuses extr\u00eamement tortueuses et dramatiques<\/strong>. \u00ab\u2009C\u2019est quoi \u00e7a\u2009?\u2009\u00bb, demande le jeune homme. \u00ab\u2009Ah bah oui, il y a une faille g\u00e9n\u00e9rationnelle\u2009\u00bb, constate le juge. \u00ab\u2009J\u2019ai pas 40\u00a0ans moi Monsieur\u2009\u00bb, tance le pr\u00e9venu. \u00ab\u2009C\u2019est pour dire que, <strong>votre vie sentimentale, elle est compliqu\u00e9e<\/strong>\u2009\u00bb, vulgarise l\u2019homme en robe noire.<\/p>\n<p>Il sort avec la copine de son voleur pour se venger<\/p>\n<p class=\" wall-content\">Compliqu\u00e9e, c\u2019est le mot. \u00ab\u2009Alors que vous \u00e9tiez en d\u00e9tention, vous vous \u00eates fait voler du shit [r\u00e9sine de cannabis, NDLR] et, pour vous <strong>venger<\/strong>, <strong>vous \u00eates sorti avec la copine du type qui vous avait vol\u00e9 du shit<\/strong>. Vous avez donc ajout\u00e9 Sarah sur <a href=\"https:\/\/actu.fr\/societe\/drogues-comment-snapchat-est-devenu-incontournable-pour-les-dealers-et-consommateurs_42311689.html\" rel=\"nofollow noopener\" target=\"_blank\">Snapchat<\/a>, qui vous a r\u00e9pondu. Ainsi commence la belle romance, une rencontre romantique, version 21e si\u00e8cle\u2009\u00bb, retrace le pr\u00e9sident.<\/p>\n<p class=\" wall-content\">\u00ab\u2009\u00c0 ce moment-l\u00e0, Mme est <strong>enceinte<\/strong>, mais pas de vous\u2009\u00bb, ponctue-t-il.<\/p>\n<p>Violences et menaces<\/p>\n<p class=\" wall-content\">Le reste, c\u2019est Sarah, \u00e2g\u00e9e de 18\u00a0ans, qui le raconte\u2009: <strong>\u00ab\u2009On est rest\u00e9s ensemble pendant sept mois<\/strong>, mais il a \u00e9t\u00e9 <strong>quasi tout le temps en prison<\/strong> pendant cette p\u00e9riode. Les deux mois o\u00f9 il \u00e9tait dehors, <strong>il m\u2019a tap\u00e9<\/strong>\u2009\u00bb.<\/p>\n<p class=\" wall-content\">Sarah<strong> accouche d\u2019une petite fille en mai<\/strong>. \u00ab<strong>\u2009Il mettait des photos de ma fille en story pour dire que c\u2019\u00e9tait une pute<\/strong>\u2009\u00bb, t\u00e9moigne-t-elle, en pleurs.<\/p>\n<p class=\" wall-content\"><strong>Elle d\u00e9cide de rompre avec Romain en juin<\/strong>. \u00ab<strong>\u2009Je vais couper la t\u00eate de ta fille devant toi<\/strong>\u2009\u00bb, r\u00e9agit-il par message, entre autres menaces.<\/p>\n<p>Lourd casier judiciaire<\/p>\n<p class=\" wall-content\"><strong>Plac\u00e9 en foyer d\u00e8s l\u2019\u00e2ge de 8\u00a0ans, d\u00e9scolaris\u00e9 \u00e0 partir de 14\u00a0ans<\/strong>, Romain en est \u00e0 sa <strong>9e incarc\u00e9ration<\/strong>. Son casier affiche <strong>26 condamnations<\/strong> (violences, stup\u00e9fiants, vols, \u00e9vasion\u2026).<\/p>\n<p class=\" wall-content\">\u00abAvec un tel casier, on ne peut plus envisager que de la prison ferme\u2009\u00bb, lui fait remarquer le pr\u00e9sident du tribunal \u00e0 l\u2019annonce de la condamnation, qui est par ailleurs assortie d\u2019une <strong>interdiction d\u2019entrer en contact avec Sarah et sa fille pendant trois ans<\/strong> avec application imm\u00e9diate.<\/p>\n<p>D\u00e9rapage violent<\/p>\n<p class=\" wall-content\">\u00ab\u2009\u00c7a ne va rien changer ce que vous avez fait\u2009\u00bb, d\u00e9clare Romain au moment de sa derni\u00e8re prise de parole. \u00ab\u2009L\u00e0, j\u2019ai encore plus la rage. Ma m\u00e8re est malade, elle [la victime] m\u2019a niqu\u00e9 ma sortie. Ce que j\u2019ai dit [par messages], \u00e7a va vraiment se passer quand je sortirai\u2009\u00bb.<\/p>\n<p class=\" wall-content\">\u00ab\u2009Prends en toi \u00e0 un homme, pas \u00e0 une femme\u2009\u00bb, lance alors la jeune femme depuis son banc. \u00ab<strong>\u2009Ta fille, je vais la tuer, sale pute<\/strong>\u2009\u00bb, enrage l\u2019int\u00e9ress\u00e9 qui, menottes aux poignets, se fait embarquer par les policiers pr\u00e9sents dans le box.<\/p>\n<p class=\" wall-content\">*Les pr\u00e9noms ont \u00e9t\u00e9 modifi\u00e9s.<\/p>\n<p class=\" wall-content\">Suivez toute l\u2019actualit\u00e9 de vos villes et m\u00e9dias favoris en vous inscrivant \u00e0 <a href=\"https:\/\/moncompte.actu.fr\" title=\"D\u00e9couvez Mon Actu\" rel=\"nofollow noopener\" data-trk=\"{&quot;cta&quot;:{&quot;action&quot;:&quot;https:\\\/\\\/moncompte.actu.fr&quot;,&quot;category&quot;:&quot;mon compte&quot;,&quot;from&quot;:&quot;article footer&quot;,&quot;name&quot;:&quot;Mon actu&quot;,&quot;type&quot;:&quot;cta&quot;}}\" target=\"_blank\">Mon Actu<\/a>.<\/p>\n","protected":false},"excerpt":{"rendered":"Par Ivan CAPECCHI Publi\u00e9 le 8 ao\u00fbt 2025 \u00e0 19h02 Ce vendredi 8\u00a0ao\u00fbt 2025, Romain*, 22\u00a0ans, a \u00e9t\u00e9&hellip;\n","protected":false},"author":2,"featured_media":305602,"comment_status":"","ping_status":"","sticky":false,"template":"","format":"standard","meta":{"footnotes":""},"categories":[2820],"tags":[1111,11,1777,674,118,1011,27,775,303,12,25,640],"class_list":{"0":"post-305601","1":"post","2":"type-post","3":"status-publish","4":"format-standard","5":"has-post-thumbnail","7":"category-strasbourg","8":"tag-actu","9":"tag-actualites","10":"tag-eu","11":"tag-europe","12":"tag-faits-divers","13":"tag-fr","14":"tag-france","15":"tag-grand-est","16":"tag-justice","17":"tag-news","18":"tag-republique-francaise","19":"tag-strasbourg"},"share_on_mastodon":{"url":"https:\/\/pubeurope.com\/@fr\/114994387583007147","error":""},"_links":{"self":[{"href":"https:\/\/www.europesays.com\/fr\/wp-json\/wp\/v2\/posts\/305601","targetHints":{"allow":["GET"]}}],"collection":[{"href":"https:\/\/www.europesays.com\/fr\/wp-json\/wp\/v2\/posts"}],"about":[{"href":"https:\/\/www.europesays.com\/fr\/wp-json\/wp\/v2\/types\/post"}],"author":[{"embeddable":true,"href":"https:\/\/www.europesays.com\/fr\/wp-json\/wp\/v2\/users\/2"}],"replies":[{"embeddable":true,"href":"https:\/\/www.europesays.com\/fr\/wp-json\/wp\/v2\/comments?post=305601"}],"version-history":[{"count":0,"href":"https:\/\/www.europesays.com\/fr\/wp-json\/wp\/v2\/posts\/305601\/revisions"}],"wp:featuredmedia":[{"embeddable":true,"href":"https:\/\/www.europesays.com\/fr\/wp-json\/wp\/v2\/media\/305602"}],"wp:attachment":[{"href":"https:\/\/www.europesays.com\/fr\/wp-json\/wp\/v2\/media?parent=305601"}],"wp:term":[{"taxonomy":"category","embeddable":true,"href":"https:\/\/www.europesays.com\/fr\/wp-json\/wp\/v2\/categories?post=305601"},{"taxonomy":"post_tag","embeddable":true,"href":"https:\/\/www.europesays.com\/fr\/wp-json\/wp\/v2\/tags?post=305601"}],"curies":[{"name":"wp","href":"https:\/\/api.w.org\/{rel}","templated":true}]}}