{"id":305605,"date":"2025-08-08T17:45:21","date_gmt":"2025-08-08T17:45:21","guid":{"rendered":"https:\/\/www.europesays.com\/fr\/305605\/"},"modified":"2025-08-08T17:45:21","modified_gmt":"2025-08-08T17:45:21","slug":"comment-cette-entreprise-nicoise-propose-de-detecter-les-incendies-grace-a-lia","status":"publish","type":"post","link":"https:\/\/www.europesays.com\/fr\/305605\/","title":{"rendered":"Comment cette entreprise ni\u00e7oise propose de d\u00e9tecter les incendies gr\u00e2ce \u00e0 l&rsquo;IA"},"content":{"rendered":"<p>\u00ab\u00a0Nous sommes trois pompiers de profession, sp\u00e9cialis\u00e9s dans les feux de for\u00eats.\u00a0\u00bb Julien Lafitte officie \u00e0 Vence, tandis que son coll\u00e8gue, Pierre, est \u00e0 Nice. Leur troisi\u00e8me comparse, Rapha\u00ebl, vit, lui, en Auvergne-Rh\u00f4ne-Alpes. \u00ab\u00a0Quand vous intervenez sur un feu de for\u00eat, quand vous luttez contre les flammes et voyez le d\u00e9sastre apr\u00e8s, \u00e7a serre le c\u0153ur\u00a0\u00bb, explique Julien Lafitte. Habitations d\u00e9vast\u00e9es, nature carbonis\u00e9e, vies bris\u00e9es, les cons\u00e9quences sont nombreuses.<\/p>\n<p><b>R\u00e9chauffement et crise de la profession<\/b><\/p>\n<p>Peu avant de lancer Firebreak, deux \u00e9l\u00e9ments interpellent les soldats du feu, le r\u00e9chauffement climatique, d&rsquo;abord,\u00a0 et les hausses de temp\u00e9rature, toujours plus importantes, et la baisse du nombre d&rsquo;effectifs chez les pompiers. <\/p>\n<p>\u00ab\u00a0Avant, on avait des feux entre juin et septembre maximum\u2026 constate Julien Lafitte. Aujourd&rsquo;hui, \u00e7a br\u00fble tout le temps.\u00a0\u00bb A cela s&rsquo;ajoute une chute du nombre de pompiers professionnels : \u00ab\u00a030 000 pros pour 200 000 pompiers volontaires\u00a0\u00bb, poursuit Julien Lafitte.\u00a0<\/p>\n<p>\u00ab\u00a0Comment soutenir les coll\u00e8gues?\u00a0\u00bb, s&rsquo;interrogent les trois pompiers. \u00ab\u00a0Avec des capteurs, on s&rsquo;est dit qu&rsquo;on pouvait intervenir sur la partie d\u00e9tection des incendies et soulager les \u00e9quipes.\u00a0\u00bb<\/p>\n<p><b>Analyse fine 24\/24<\/b><\/p>\n<p>Le principe est simple : une cam\u00e9ra capable de balayer une zone \u00e0 120 degr\u00e9s et jusqu&rsquo;\u00e0 15 km en ligne droite, un clich\u00e9 toutes les dix \u00e0 quinze secondes et une mise au point constante de l&rsquo;appareil \u00e0 la reconnaissance des incendies. <\/p>\n<p>\u00ab\u00a0Est-ce que c&rsquo;est un v\u00e9ritable d\u00e9part de feu ou une simple fum\u00e9e de barbecue ?\u00a0\u00ab\u00a0, commente Julien Lafitte. L&rsquo;appareil partage imm\u00e9diatement distance et coordonn\u00e9es GPS. En plus de fonctionner 24 heures sur 24, 365 jours sur 365. L\u00e0 o\u00f9 auparavant, les signalements humains manquaient d&rsquo;exactitude et arrivaient tr\u00e8s tard, le d\u00e9tecteur permet d&rsquo;agir plus vite.<\/p>\n<p><b>Collaborations<\/b><\/p>\n<p>Des technologies qui peuvent co\u00fbter cher. \u00ab\u00a0Nous essayons de contenir nos prix\u00a0\u00bb, explique Julien Lafitte qui affirme \u00eatre sollicit\u00e9 par de nombreuses communes\u2026 dont les moyens sont r\u00e9duits. <\/p>\n<p>Firebreak a ainsi install\u00e9 5 capteurs \u00e0 Tourrettes-sur-Loup. L&rsquo;entreprise collabore \u00e9galement avec le SDIS 06 et a \u00e9quip\u00e9 une entreprise de production de panneaux solaires, plus accidentog\u00e8nes.\u00a0<\/p>\n<p>                                <b>R\u00e9gulations<\/b><\/p>\n<p>C&rsquo;est une entreprise polonaise qui a conceptualis\u00e9 ces d\u00e9tecteurs. \u00ab\u00a0Pour prot\u00e9ger les entreprises situ\u00e9es dans des grandes for\u00eats de m\u00e9l\u00e8zes\u00a0\u00bb, explique Julien Lafitte. C&rsquo;est un tout autre paysage que les d\u00e9tecteurs ont d\u00fb surveiller sur la c\u00f4te d&rsquo;azur. Et il a fallu les calibrer pour.<\/p>\n<p>\u00ab\u00a0Au d\u00e9part, l&rsquo;IA confondait le ciel et la mer. Il a fallu lui apprendre \u00e0 distinguer les deux\u00a0\u00bb, explique Julien Lafitte.\u00a0<\/p>\n<p><b>Multiplications des dispositifs<\/b><\/p>\n<p>Aujourd&rsquo;hui, des d\u00e9tecteurs ont \u00e9t\u00e9 plac\u00e9s \u00e0 la montagne du Cheiron, aux Courmettes, \u00e0 Valbonne et jusqu&rsquo;\u00e0 Vigo en Espagne. \u00ab\u00a0On \u00e9tait \u00e0 deux doigts de signer avec la Nouvelle-Cal\u00e9donie\u00a0\u00bb, assure encore Julien Lafitte. En un an dans les Alpes-Maritimes, 800 alertes ont \u00e9t\u00e9 donn\u00e9es. 785 \u00e9taient positives. <\/p>\n<p><strong>Un march\u00e9 en plein essor<\/strong><\/p>\n<p>Plusieurs autres entreprises d\u00e9veloppent ces technologies. Des capteurs ont ainsi \u00e9t\u00e9 install\u00e9s sur le Mont Chauve \u00e0 Nice. En Ard\u00e8che, encore, l&rsquo;association Pyronear propose\u00a0depuis\u00a02023 un syst\u00e8me exp\u00e9rimental associant des cam\u00e9ras de vid\u00e9osurveillance \u00e0 un micro-ordinateur \u00e9quip\u00e9 d&rsquo;un logiciel d&rsquo;apprentissage profond.<\/p>\n<p>Un recours \u00e0 l&rsquo;IA qu&rsquo;<a href=\"https:\/\/www.senat.fr\/travaux-parlementaires\/office-et-delegations\/delegation-a-la-prospective\/lia-et-lavenir-du-service-public.html\" target=\"_blank\" rel=\"noopener\">une note du S\u00e9nat<\/a>\u00a0sur l&rsquo;IA et le service public juge \u00ab\u00a0pr\u00e9cieux\u00a0\u00bb pour la gestion de crise. Un gain de temps en r\u00e9activit\u00e9 et une finesse d&rsquo;analyse qui devraient servir dans d&rsquo;autres domaines, comme\u00a0la d\u00e9tection d&rsquo;inondations, de fortes crues ou encore d&rsquo;avalanches.\u00a0<\/p>\n","protected":false},"excerpt":{"rendered":"\u00ab\u00a0Nous sommes trois pompiers de profession, sp\u00e9cialis\u00e9s dans les feux de for\u00eats.\u00a0\u00bb Julien Lafitte officie \u00e0 Vence, tandis&hellip;\n","protected":false},"author":2,"featured_media":305606,"comment_status":"","ping_status":"","sticky":false,"template":"","format":"standard","meta":{"footnotes":""},"categories":[2819],"tags":[1111,11,1777,674,332,1011,27,12,2401,882,25],"class_list":{"0":"post-305605","1":"post","2":"type-post","3":"status-publish","4":"format-standard","5":"has-post-thumbnail","7":"category-nice","8":"tag-actu","9":"tag-actualites","10":"tag-eu","11":"tag-europe","12":"tag-faits-de-societe","13":"tag-fr","14":"tag-france","15":"tag-news","16":"tag-nice","17":"tag-provence-alpes-cote-dazur","18":"tag-republique-francaise"},"share_on_mastodon":{"url":"https:\/\/pubeurope.com\/@fr\/114994395411340594","error":""},"_links":{"self":[{"href":"https:\/\/www.europesays.com\/fr\/wp-json\/wp\/v2\/posts\/305605","targetHints":{"allow":["GET"]}}],"collection":[{"href":"https:\/\/www.europesays.com\/fr\/wp-json\/wp\/v2\/posts"}],"about":[{"href":"https:\/\/www.europesays.com\/fr\/wp-json\/wp\/v2\/types\/post"}],"author":[{"embeddable":true,"href":"https:\/\/www.europesays.com\/fr\/wp-json\/wp\/v2\/users\/2"}],"replies":[{"embeddable":true,"href":"https:\/\/www.europesays.com\/fr\/wp-json\/wp\/v2\/comments?post=305605"}],"version-history":[{"count":0,"href":"https:\/\/www.europesays.com\/fr\/wp-json\/wp\/v2\/posts\/305605\/revisions"}],"wp:featuredmedia":[{"embeddable":true,"href":"https:\/\/www.europesays.com\/fr\/wp-json\/wp\/v2\/media\/305606"}],"wp:attachment":[{"href":"https:\/\/www.europesays.com\/fr\/wp-json\/wp\/v2\/media?parent=305605"}],"wp:term":[{"taxonomy":"category","embeddable":true,"href":"https:\/\/www.europesays.com\/fr\/wp-json\/wp\/v2\/categories?post=305605"},{"taxonomy":"post_tag","embeddable":true,"href":"https:\/\/www.europesays.com\/fr\/wp-json\/wp\/v2\/tags?post=305605"}],"curies":[{"name":"wp","href":"https:\/\/api.w.org\/{rel}","templated":true}]}}