{"id":305613,"date":"2025-08-08T17:51:17","date_gmt":"2025-08-08T17:51:17","guid":{"rendered":"https:\/\/www.europesays.com\/fr\/305613\/"},"modified":"2025-08-08T17:51:17","modified_gmt":"2025-08-08T17:51:17","slug":"face-a-la-canicule-des-initiatives-bien-fraiches-a-bordeaux","status":"publish","type":"post","link":"https:\/\/www.europesays.com\/fr\/305613\/","title":{"rendered":"Face \u00e0 la canicule, des initiatives bien fra\u00eeches \u00e0 Bordeaux"},"content":{"rendered":"<blockquote class=\"wp-block-quote is-layout-flow wp-block-quote-is-layout-flow\">\n<p>\u00ab\u00a0Le niveau de vigilance jaune correspond \u00e0 un pic de chaleur, soit une exposition de courte dur\u00e9e (1 ou 2 jours) \u00e0 une chaleur intense pr\u00e9sentant un risque pour les populations fragiles ou surexpos\u00e9es. Il peut aussi correspondre \u00e0 un \u00e9pisode persistant de chaleur (sup\u00e9rieur \u00e0 3 jours).\u00a0\u00bb<\/p>\n<\/blockquote>\n<p>Voici ce qui attend les Girondins dans les prochains jours, <a href=\"https:\/\/vigilance.meteofrance.fr\/fr\/canicule\/demain\" target=\"_blank\" rel=\"noopener\">selon les pr\u00e9visions de M\u00e9t\u00e9o France<\/a>. \u00c0 partir de ce vendredi midi, la vigilance jaune est de mise dans tout le d\u00e9partement et le passage \u00e0 l\u2019orange menace. \u00c0 Bordeaux, 37\u00b0C sont pr\u00e9vus dimanche et lundi. <\/p>\n<p>Dans un communiqu\u00e9 et sur son site, la Ville de Bordeaux rappelle<a href=\"https:\/\/www.bordeaux.fr\/plan-canicule-faire-face-aux-pics-de-chaleur-a-bordeaux\" target=\"_blank\" rel=\"noopener\"> les bons gestes \u00e0 adopter en cas de fortes chaleurs<\/a>. L\u2019occasion aussi de pr\u00e9senter les dispositifs mis en place pour accompagner les personnes fragiles, en particulier les enfants, les seniors et les personnes sans-abris qui sont le plus expos\u00e9s aux cons\u00e9quences des canicules.<\/p>\n<p>Elle \u00e9voque d\u2019embl\u00e9e les mesures qui seront prises en cas de passage en vigilance orange, le niveau 3 d\u2019alerte : <\/p>\n<blockquote class=\"wp-block-quote is-layout-flow wp-block-quote-is-layout-flow\">\n<p>\u00ab\u00a0Les horaires d\u2019ouverture des parcs et jardins sont \u00e9tendus jusqu\u2019\u00e0 23 heures. Les horaires des piscines sont \u00e9largis, jusqu\u2019\u00e0 20 heures. La surveillance de baignade \u00e0 la plage de Bordeaux lac est \u00e9tendue jusqu\u2019\u00e0 20 heures. Par ailleurs, tous les mus\u00e9es de la Ville sont ouverts les samedis et dimanches, de 11 \u00e0 18 heures et ils sont climatis\u00e9s.\u00a0\u00bb <\/p>\n<\/blockquote>\n<p><img loading=\"lazy\" decoding=\"async\" width=\"792\" height=\"594\" src=\"https:\/\/www.europesays.com\/fr\/wp-content\/uploads\/2025\/08\/img-1431-792x594.jpg\" alt=\"\" class=\"wp-image-167955\"  \/> Le brumisateur du Jardin public est l\u2019un des 14 dispos\u00e9s par la municipalit\u00e9 dans Bordeaux<\/p>\n<p>\t\tSugg\u00e9r\u00e9e : une ouverture de tous les lieux publics en soir\u00e9e<\/p>\n<p>Pour trouver des coins de fra\u00eecheur, certains habitants proposent n\u00e9anmoins d\u2019aller plus loin : Fabien Lascroux, charg\u00e9 de communication en stage \u00e0 la Chambre R\u00e9gionale de l\u2019\u00c9conomie Sociale et Solidaire de Nouvelle-Aquitaine, vient de valider mon Master 2 S\u00e9miologie \u2013 Communication \u2013 Transitions des mondes \u00e0 l\u2019Universit\u00e9 Bordeaux Montaigne.<\/p>\n<p>Le 21 juillet, il a sugg\u00e9r\u00e9 \u00e0 la mairie de Bordeaux, via la plateforme du <a href=\"https:\/\/participation.bordeaux.fr\/processes_groups\/50\" target=\"_blank\" rel=\"noopener\">dispositif d\u2019interpellation citoyenne<\/a>, l\u2019ouverture, lorsque la temp\u00e9rature d\u00e9passe 30\u00b0, de tous les locaux publics climatis\u00e9s \u2013 bliblioth\u00e8ques, \u00e9coles ou autres\u2026 \u2013 les soirs jusqu\u2019\u00e0 22h et les dimanches.<\/p>\n<blockquote class=\"wp-block-quote is-layout-flow wp-block-quote-is-layout-flow\">\n<p>\u00ab\u00a0En ao\u00fbt, les biblioth\u00e8ques sont ferm\u00e9es la journ\u00e9e, ou ouvertes uniquement le matin. Cela offre peu de solutions pour travailler au frais le soir. Certains dimanches, je suis m\u00eame contraint d\u2019aller sur le lieu de travail de mon \u00e9pouse pour profiter d\u2019un coin de fra\u00eecheur\u00a0\u00bb, explique-t-il \u00e0 Rue89 Bordeaux. Les parcs en plein air qui ouvrent plus tard sont une tr\u00e8s bonne chose, mais ne r\u00e9pondent pas \u00e0 ce besoin.\u00a0\u00bb<\/p>\n<\/blockquote>\n<p>Pour lui, l\u2019enjeu de la lutte contre la canicule va au-del\u00e0 du simple inconfort et \u00ab\u00a0devient sanitaire\u00a0\u00bb, avec notamment l\u2019effet de la chaleur sur le sommeil : \u00ab\u00a0On dort tr\u00e8s peu et tr\u00e8s mal. Avec la fen\u00eatre ouverte, on est r\u00e9veill\u00e9s \u00e0 chaque passage de moto ou de scooter. \u00c0 ce niveau de manque de sommeil, l\u2019enjeu devient sanitaire\u00a0\u00bb, \u00e9crit-il en ligne pour justifier sa proposition.<\/p>\n<blockquote class=\"wp-block-quote is-layout-flow wp-block-quote-is-layout-flow\">\n<p>\u00ab\u00a0Les jours o\u00f9 la temp\u00e9rature d\u00e9passe 30\u00b0C, nous demandons des lieux publics ouverts au moins jusqu\u2019\u00e0 22h. Biblioth\u00e8ques, \u00e9coles, ou autres salles : des lieux avec des si\u00e8ges et des tables, pour pouvoir s\u2019asseoir, poser un ordinateur portable, par exemple pour \u00e9tudier ou travailler\u00a0\u00bb r\u00e9plique Fabien Lascroux<\/p>\n<\/blockquote>\n<p>\u00c0 ce jour, la proposition n\u2019a retenue que 6 signatures sur 4 000 requises pour \u00eatre \u00e9tudi\u00e9e et d\u00e9battue en conseil municipal, ce qui laisse de maigres chances au projet d\u2019aboutir. Il a six mois pour r\u00e9colter les signatures manquantes. La raison \u00e0 un dispositif d\u2019interpellation (cr\u00e9\u00e9 en 2023), \u00ab\u00a0peu connu des citoyens et pas mise en valeur par la municipalit\u00e9\u00a0\u00bb, regrette Fabien Lascroux.<\/p>\n<p>\t\t\u00c0 venir : des \u00eelots de fra\u00eecheur artificiels<\/p>\n<p>La M\u00e9tropole de Bordeaux a, elle aussi, consult\u00e9 ses habitants pour lutter contre les hausses de temp\u00e9rature et une augmentation de + 4\u00b0C \u00e0 horizon 2070. Elle a donc lanc\u00e9 son <a href=\"https:\/\/participation.bordeaux-metropole.fr\/rails\/active_storage\/disk\/eyJfcmFpbHMiOnsibWVzc2FnZSI6IkJBaDdDVG9JYTJWNVNTSWhaemt5YW5sclpXaG5iWGQzTUhWM2R6aDRkM0JxTkRFeU56bDJNZ1k2QmtWVU9oQmthWE53YjNOcGRHbHZia2tpVUdsdWJHbHVaVHNnWm1sc1pXNWhiV1U5SWxKRlIweEZUVVZPVkY5V055NXdaR1lpT3lCbWFXeGxibUZ0WlNvOVZWUkdMVGduSjFJbFF6TWxPRGhIVEVWTlJVNVVYMVkzTG5Ca1pnWTdCbFE2RVdOdmJuUmxiblJmZEhsd1pVa2lGR0Z3Y0d4cFkyRjBhVzl1TDNCa1pnWTdCbFE2RVhObGNuWnBZMlZmYm1GdFpUb0tiRzlqWVd3PSIsImV4cCI6IjQzMjUtMDYtMTFUMTA6MjA6MDAuOTQ0WiIsInB1ciI6ImJsb2Jfa2V5In19--20945086671bb6f51d3f5324314ac9be9d3644ec\/R\u00c8GLEMENT_V7.pdf\" target=\"_blank\" rel=\"noopener\">second budget participatif<\/a> intitul\u00e9 \u00ab\u00a0M\u00e9tropole Rafra\u00eechissante\u00a0\u00bb pour \u00ab\u00a0rendre la m\u00e9tropole plus agr\u00e9able \u00e0 vivre et solidaire lors des fortes chaleurs\u00a0\u00bb \u00e0 l\u2019horizon juillet 2026 avec des id\u00e9es originales, dont certaines que vous avaient pr\u00e9sent\u00e9es<a href=\"https:\/\/rue89bordeaux.com\/2025\/02\/budget-participatif-voter-pour-rafraichir-metropole-bordeaux\/\" target=\"_blank\" rel=\"noopener\"> Rue89 Bordeaux<\/a> en f\u00e9vrier dernier lors de la phase de votes.<\/p>\n<p>Apr\u00e8s un appel \u00e0 candidatures, l\u2019analyse de 41 d\u2019entre elles et la participation au vote de 3072 personnes, <a href=\"https:\/\/participation.bordeaux-metropole.fr\/processes\/rafraichissante\/f\/2586\/\" target=\"_blank\" rel=\"noopener\">13 projets citoyens ont \u00e9t\u00e9 retenus<\/a> et soutenus financi\u00e8rement par la collectivit\u00e9, pour un montant total d\u2019un million d\u2019euros. <\/p>\n<p>Ils sont, pour la plupart, d\u00e9pos\u00e9s par des collectifs comme la Fabrique Pola et sa Tour d\u2019eau. Cet espace de d\u00e9tente et de fra\u00eecheur face \u00e0 la Garonne avec un syst\u00e8me de brumisation et d\u2019ombrage sera financ\u00e9 \u00e0 hauteur de 100 000 euros. <\/p>\n<p><img loading=\"lazy\" decoding=\"async\" width=\"792\" height=\"446\" src=\"https:\/\/www.europesays.com\/fr\/wp-content\/uploads\/2025\/08\/Budget_participatif_tour-d-eau-792x446.png\" alt=\"\" class=\"wp-image-154196\"  \/> Le projet de tour rafraichissante Pola Photo\u00a0: DR<\/p>\n<p>Pergolas, oasis et chapiteau<\/p>\n<p>Bruit du Frigo propose \u00e9galement l\u2019installation de trois pergolas mobiles et ludiques pour offrir de la fra\u00eecheur dans l\u2019espace public pour un montant de 99 720 euros<\/p>\n<p>L\u2019association la Chiffonne Rit a quant a elle \u00e9t\u00e9 retenue pour son projet \u00ab\u00a0D\u00e9tente et des plantes\u00a0\u00bb, d\u2019un co\u00fbt total de 96 900 euros, qui devrait \u00eatre inaugur\u00e9 \u00e0 l\u2019\u00e9t\u00e9 2026\u00a0.<\/p>\n<blockquote class=\"wp-block-quote is-layout-flow wp-block-quote-is-layout-flow\">\n<p>\u201cNous voulons transformer la cour de la Chiffonne Rit, en un \u00eelot de fra\u00eecheur et de lien social ouvert \u00e0 tous \u00e0 Bordeaux. Il s\u2019agit de cr\u00e9er, avec l\u2019implication collective, un espace convivial de rencontre et d\u2019\u00e9v\u00e8nements adapt\u00e9 \u00e0 la chaleur\u201d se f\u00e9licite le collectif. <\/p>\n<\/blockquote>\n<p>Le Garage Moderne va pour sa part r\u00e9aliser un chapiteau modulaire qui apporte de l\u2019ombre et de la climatisation naturelle gr\u00e2ce \u00e0 des techniques low tech, d\u2019un co\u00fbt total de 85 929 euros.<\/p>\n<blockquote class=\"wp-block-quote is-layout-flow wp-block-quote-is-layout-flow\">\n<p>\u201cIl est constitu\u00e9 de murs rafra\u00eechissants et de voiles d\u2019ombrage en b\u00e2ches de r\u00e9emploi, pouvant \u00eatre s\u00e9par\u00e9s, combin\u00e9s et d\u00e9plac\u00e9s selon les besoins afin de maintenir des activit\u00e9s culturelles pendant les vagues de chaleur\u201d, expliquent les porteurs de ce projet.<\/p>\n<\/blockquote>\n<p>\u00c0 l\u2019\u00e9tude : de nouveaux lieux de baignade \u00e0 Bordeaux<\/p>\n<p>En Gironde, jusqu\u2019au d\u00e9but de semaine prochaine, les temp\u00e9ratures ne devraient pas descendre la nuit sous la barre des 20\u00b0C et une alerte vigilance orange n\u2019est pas \u00e0 exclure. Alors que les communes de la M\u00e9tropole peinent \u00e0 faire cr\u00e9er de nouveaux lieux de baignade, les exemples de la Seine \u00e0 Paris et du Saint-Laurent \u00e0 Qu\u00e9bec ont donn\u00e9 des id\u00e9es \u00e0 Bordeaux.<\/p>\n<p>En juillet, le maire de Bordeaux, Pierre Hurmic, a r\u00e9v\u00e9l\u00e9 les premi\u00e8res conclusions d\u2019une \u00e9tude sur la cr\u00e9ation de zones de baignade dans le la Garonne et aux Bassins \u00e0 flot.<\/p>\n<blockquote class=\"wp-block-quote is-layout-flow wp-block-quote-is-layout-flow\">\n<p>\u00ab\u00a0Sur le papier, des baignades dans la Garonne offriraient un double b\u00e9n\u00e9fice\u00a0: pour les habitants l\u2019\u00e9t\u00e9, et, en termes d\u2019environnement, pour am\u00e9liorer la surveillance de la qualit\u00e9 de l\u2019eau\u00a0\u00bb, <a href=\"https:\/\/www.sudouest.fr\/gironde\/bordeaux\/baignade-dans-la-garonne-pierre-hurmic-y-reflechit-pour-bordeaux-25120563.php\" target=\"_blank\" rel=\"noopener\">assure l\u2019\u00e9dile \u00e0 Sud Ouest<\/a>.<\/p>\n<\/blockquote>\n<p>Des Bassins \u00e0 plouf<\/p>\n<p>Si <a href=\"https:\/\/rue89bordeaux.com\/2024\/07\/se-baigner-dans-la-garonne-a-bordeaux-cest-possible-mais-interdit\/\" target=\"_blank\" rel=\"noreferrer noopener\">la Garonne ne pr\u00e9sente pas de probl\u00e8mes de pollution <\/a>emp\u00eachant d\u2019y plonger, comme dans la Seine avant les JO ou en cas de fortes pluies, les courants sont beaucoup plus puissants \u2013 de 600 \u00e0 1 000 m\u00b3 par seconde en moyenne, jusqu\u2019\u00e0 5 000 lors des crues, contre 250 m\u00b3 par seconde pour la Seine. <\/p>\n<p>Cela implique obligatoirement de mettre en place des op\u00e9rations de dragages et d\u2019installer des filets de protection, entres autres. <a href=\"https:\/\/www.sudouest.fr\/gironde\/bordeaux\/baignade-dans-la-garonne-pierre-hurmic-y-reflechit-pour-bordeaux-25120563.php\" target=\"_blank\" rel=\"noopener\">Le montant de l\u2019op\u00e9ration s\u2019\u00e9l\u00e8verait \u00e0 environ 10 millions d\u2019euros.<\/a><\/p>\n<blockquote class=\"wp-block-quote is-layout-flow wp-block-quote-is-layout-flow\">\n<p>\u00ab\u00a0Entre le co\u00fbt, la s\u00e9curit\u00e9, la surveillance, et la qualit\u00e9 de l\u2019eau, il est trop t\u00f4t pour s\u2019engager sur des d\u00e9lais. Mais la r\u00e9flexion est bien enclench\u00e9e\u00a0\u00bb, affirme Pierre Hurmic.<\/p>\n<\/blockquote>\n<p>En parall\u00e8le, la possibilit\u00e9 de cr\u00e9er une zone de baignade en eau calme\u00a0dans les Bassins \u00e0 flot a aussi fait partie de la r\u00e9cente \u00e9tude interne. Le co\u00fbt serait moindre, entre 2 et 3 millions d\u2019euros, tout comme les al\u00e9as de s\u00e9curit\u00e9, mais cette alternative n\u00e9cessiterait un contr\u00f4le sanitaire plus strict que pour la Garonne.<\/p>\n<p>Ici, comme partout en Gironde, en ville et en campagne, toutes les ambitions et tous les moyens sont bons pour lutter, aux c\u00f4t\u00e9s des municipalit\u00e9s, contre ces vagues de chaleur vou\u00e9es \u00e0 se r\u00e9p\u00e9ter jusqu\u2019en septembre.<\/p>\n<p>Rue89 Bordeaux a besoin de vos dons<\/p>\n<p>Mille mercis \u00e0 nos 131 donateurs ! Gr\u00e2ce \u00e0 vous, nous avons atteint notre objectif initial de 10\u202f000\u202f\u20ac. Ce soutien va nous permettre de renflouer notre tr\u00e9sorerie, apr\u00e8s le d\u00e9sengagement en 2025 d\u2019un annonceur important \u2013 Bordeaux M\u00e9tropole \u2013 et de r\u00e9gler nos factures en attente.<br \/>Cependant, la cagnotte reste ouverte jusqu\u2019\u00e0 fin septembre afin de vous laisser l\u2019occasion de continuer \u00e0 soutenir votre m\u00e9dia ind\u00e9pendant. Chaque don est d\u00e9ductible des imp\u00f4ts \u00e0 hauteur de 66\u202f%. En recevoir davantage nous permettra de consolider nos finances, d\u2019envisager une rentr\u00e9e sereine, et surtout, d\u2019enrichir nos contenus et de renforcer notre r\u00e9daction.<\/p>\n","protected":false},"excerpt":{"rendered":"\u00ab\u00a0Le niveau de vigilance jaune correspond \u00e0 un pic de chaleur, soit une exposition de courte dur\u00e9e (1&hellip;\n","protected":false},"author":2,"featured_media":305614,"comment_status":"","ping_status":"","sticky":false,"template":"","format":"standard","meta":{"footnotes":""},"categories":[2817],"tags":[1111,11,30423,1997,2904,13655,6698,1777,674,1011,27,5601,44547,12,2219,25],"class_list":{"0":"post-305613","1":"post","2":"type-post","3":"status-publish","4":"format-standard","5":"has-post-thumbnail","7":"category-bordeaux","8":"tag-actu","9":"tag-actualites","10":"tag-bassins-a-flot","11":"tag-bordeaux","12":"tag-bordeaux-metropole","13":"tag-budget-participatif","14":"tag-canicule","15":"tag-eu","16":"tag-europe","17":"tag-fr","18":"tag-france","19":"tag-garonne","20":"tag-ilot-de-fraicheur-urbain","21":"tag-news","22":"tag-nouvelle-aquitaine","23":"tag-republique-francaise"},"share_on_mastodon":{"url":"https:\/\/pubeurope.com\/@fr\/114994419238352802","error":""},"_links":{"self":[{"href":"https:\/\/www.europesays.com\/fr\/wp-json\/wp\/v2\/posts\/305613","targetHints":{"allow":["GET"]}}],"collection":[{"href":"https:\/\/www.europesays.com\/fr\/wp-json\/wp\/v2\/posts"}],"about":[{"href":"https:\/\/www.europesays.com\/fr\/wp-json\/wp\/v2\/types\/post"}],"author":[{"embeddable":true,"href":"https:\/\/www.europesays.com\/fr\/wp-json\/wp\/v2\/users\/2"}],"replies":[{"embeddable":true,"href":"https:\/\/www.europesays.com\/fr\/wp-json\/wp\/v2\/comments?post=305613"}],"version-history":[{"count":0,"href":"https:\/\/www.europesays.com\/fr\/wp-json\/wp\/v2\/posts\/305613\/revisions"}],"wp:featuredmedia":[{"embeddable":true,"href":"https:\/\/www.europesays.com\/fr\/wp-json\/wp\/v2\/media\/305614"}],"wp:attachment":[{"href":"https:\/\/www.europesays.com\/fr\/wp-json\/wp\/v2\/media?parent=305613"}],"wp:term":[{"taxonomy":"category","embeddable":true,"href":"https:\/\/www.europesays.com\/fr\/wp-json\/wp\/v2\/categories?post=305613"},{"taxonomy":"post_tag","embeddable":true,"href":"https:\/\/www.europesays.com\/fr\/wp-json\/wp\/v2\/tags?post=305613"}],"curies":[{"name":"wp","href":"https:\/\/api.w.org\/{rel}","templated":true}]}}