{"id":305633,"date":"2025-08-08T18:02:12","date_gmt":"2025-08-08T18:02:12","guid":{"rendered":"https:\/\/www.europesays.com\/fr\/305633\/"},"modified":"2025-08-08T18:02:12","modified_gmt":"2025-08-08T18:02:12","slug":"a-paris-les-oublies-du-115-face-a-lindifference-des-pouvoirs-publics-liberation","status":"publish","type":"post","link":"https:\/\/www.europesays.com\/fr\/305633\/","title":{"rendered":"\u00e0 Paris, \u00ables oubli\u00e9s du 115\u00bb face \u00e0 l\u2019indiff\u00e9rence des pouvoirs publics \u2013 Lib\u00e9ration"},"content":{"rendered":"<p class=\"sc-ksZaOG ehjQrN text-element\">Place de l\u2019h\u00f4tel de ville, Paris, ce vendredi 8 ao\u00fbt. Au milieu des touristes et des passants press\u00e9s, trois terrains de beach-volley du dispositif Paris Plage font face \u00e0 la mairie. \u00abTreize \u00e0 six !\u00bb rugit un jeune volleyeur, bras lev\u00e9 et pr\u00eat \u00e0 servir. Derri\u00e8re lui, trois enfants jouent dans le sable. Ils viennent du campement de fortune install\u00e9 devant les grilles de l\u2019h\u00f4tel de ville, surplomb\u00e9 par la devise r\u00e9publicaine en lettres d\u2019or. Depuis <a href=\"https:\/\/www.liberation.fr\/societe\/logement\/ce-nest-pas-notre-role-de-choisir-qui-dort-dehors-ou-pas-a-paris-une-nouvelle-action-menee-pour-les-exiles-a-la-rue-20250805_OMIC6N3CFFGBDHJSZPFCWZTRCI\/\" target=\"_blank\" rel=\"nofollow noopener\" title=\"https:\/\/www.liberation.fr\/societe\/logement\/ce-nest-pas-notre-role-de-choisir-qui-dort-dehors-ou-pas-a-paris-une-nouvelle-action-menee-pour-les-exiles-a-la-rue-20250805_OMIC6N3CFFGBDHJSZPFCWZTRCI\/\">mardi 5 ao\u00fbt<\/a>, plus de 200 personnes sans abri dorment ici pour alerter sur leur situation et r\u00e9clamer des solutions d\u2019h\u00e9bergement d\u2019urgence. Le groupe est principalement compos\u00e9 de familles exil\u00e9es avec des enfants en bas \u00e2ge \u2013 le plus jeune a 5 jours \u2013 ainsi que de jeunes filles seules. Mercredi, l\u2019association M\u00e9decins sans fronti\u00e8res signalait des cas de gale et d\u2019infections respiratoires au sein du groupe.<\/p>\n<p class=\"sc-ksZaOG ehjQrN text-element\">Pour se prot\u00e9ger du soleil, les familles ont fabriqu\u00e9 des tentes de fortune avec des b\u00e2ches fournies par l\u2019association Utopia 56, qui d\u00e9fend les droits des personnes exil\u00e9es. D\u2019autres comme M\u00e9<\/p>\n","protected":false},"excerpt":{"rendered":"Place de l\u2019h\u00f4tel de ville, Paris, ce vendredi 8 ao\u00fbt. Au milieu des touristes et des passants press\u00e9s,&hellip;\n","protected":false},"author":2,"featured_media":305634,"comment_status":"","ping_status":"","sticky":false,"template":"","format":"standard","meta":{"footnotes":""},"categories":[1888],"tags":[1111,1928,11,1927,1777,674,1011,27,12,1926,626,1925,25],"class_list":{"0":"post-305633","1":"post","2":"type-post","3":"status-publish","4":"format-standard","5":"has-post-thumbnail","7":"category-paris","8":"tag-actu","9":"tag-actu-paris","10":"tag-actualites","11":"tag-actualites-paris","12":"tag-eu","13":"tag-europe","14":"tag-fr","15":"tag-france","16":"tag-news","17":"tag-news-paris","18":"tag-paris","19":"tag-paris-news","20":"tag-republique-francaise"},"share_on_mastodon":{"url":"https:\/\/pubeurope.com\/@fr\/114994462338577579","error":""},"_links":{"self":[{"href":"https:\/\/www.europesays.com\/fr\/wp-json\/wp\/v2\/posts\/305633","targetHints":{"allow":["GET"]}}],"collection":[{"href":"https:\/\/www.europesays.com\/fr\/wp-json\/wp\/v2\/posts"}],"about":[{"href":"https:\/\/www.europesays.com\/fr\/wp-json\/wp\/v2\/types\/post"}],"author":[{"embeddable":true,"href":"https:\/\/www.europesays.com\/fr\/wp-json\/wp\/v2\/users\/2"}],"replies":[{"embeddable":true,"href":"https:\/\/www.europesays.com\/fr\/wp-json\/wp\/v2\/comments?post=305633"}],"version-history":[{"count":0,"href":"https:\/\/www.europesays.com\/fr\/wp-json\/wp\/v2\/posts\/305633\/revisions"}],"wp:featuredmedia":[{"embeddable":true,"href":"https:\/\/www.europesays.com\/fr\/wp-json\/wp\/v2\/media\/305634"}],"wp:attachment":[{"href":"https:\/\/www.europesays.com\/fr\/wp-json\/wp\/v2\/media?parent=305633"}],"wp:term":[{"taxonomy":"category","embeddable":true,"href":"https:\/\/www.europesays.com\/fr\/wp-json\/wp\/v2\/categories?post=305633"},{"taxonomy":"post_tag","embeddable":true,"href":"https:\/\/www.europesays.com\/fr\/wp-json\/wp\/v2\/tags?post=305633"}],"curies":[{"name":"wp","href":"https:\/\/api.w.org\/{rel}","templated":true}]}}