{"id":305635,"date":"2025-08-08T18:03:13","date_gmt":"2025-08-08T18:03:13","guid":{"rendered":"https:\/\/www.europesays.com\/fr\/305635\/"},"modified":"2025-08-08T18:03:13","modified_gmt":"2025-08-08T18:03:13","slug":"on-vous-explique-ce-que-ca-change-concretement","status":"publish","type":"post","link":"https:\/\/www.europesays.com\/fr\/305635\/","title":{"rendered":"on vous explique ce que \u00e7a change concr\u00e8tement"},"content":{"rendered":"<p>La mairie de <a class=\"Link\" href=\"https:\/\/www.lepoint.fr\/tags\/paris\" data-gtm=\"click:capsule\" data-capsule=\"Lien\" rel=\"nofollow noopener\" target=\"_blank\">Paris<\/a> a d\u00e9voil\u00e9, jeudi 7\u00a0ao\u00fbt, son nouveau plan de gestion des eaux pluviales, avec des \u00e9volutions par rapport au plan initial de 2018, baptis\u00e9 \u00ab\u00a0Parispluie\u00a0\u00bb. L&rsquo;ambition est claire\u00a0: transformer la capitale en une \u00ab\u00a0ville \u00e9ponge\u00a0\u00bb, capable de mieux capter, stocker et r\u00e9utiliser l&rsquo;eau de pluie.<\/p>\n<p>La newsletter sciences et tech<\/p>\n<p class=\"period\">Tous les samedis \u00e0 16h<\/p>\n<p>Recevez toute l\u2019actualit\u00e9 de la sciences et des techs et plongez dans les Grands entretiens, d\u00e9couvertes majeures, innovations et coulisses&#8230;<\/p>\n<p>Merci !<br \/>Votre inscription a bien \u00e9t\u00e9 prise en compte avec l&rsquo;adresse email :<\/p>\n<p>Pour d\u00e9couvrir toutes nos autres newsletters, rendez-vous ici : <a href=\"https:\/\/moncompte.lepoint.fr\/\" title=\"\" rel=\"nofollow noopener\" target=\"_blank\">MonCompte<\/a><\/p>\n<p>En vous inscrivant, vous acceptez les <a href=\"https:\/\/www.lepoint.fr\/html\/cgu\/\" title=\"Conditions g\u00e9n\u00e9rales d&#039;utilisation\" rel=\"nofollow noopener\" target=\"_blank\">conditions g\u00e9n\u00e9rales d\u2019utilisations<\/a> et notre <a href=\"https:\/\/www.lepoint.fr\/html\/politique-de-protection-donnees-personnelles\/\" title=\"Politique de confidentialit\u00e9\" rel=\"nofollow noopener\" target=\"_blank\">politique de confidentialit\u00e9<\/a>.<\/p>\n<p>Aujourd&rsquo;hui, pr\u00e8s de 75\u00a0% du territoire parisien est couvert de surfaces imperm\u00e9ables, o\u00f9 <a class=\"Link\" href=\"https:\/\/www.lepoint.fr\/societe\/et-si-paris-etait-inondee-29-05-2015-1932195_23.php\" title=\"\" data-gtm=\"click:capsule\" data-capsule=\"Lien\" rel=\"nofollow noopener\" target=\"_blank\">l&rsquo;eau ne peut pas s&rsquo;infiltrer naturellement<\/a>. L&rsquo;objectif est de r\u00e9duire cette proportion \u00e0 55\u00a0% au minimum d&rsquo;ici \u00e0 2050, principalement gr\u00e2ce \u00e0 la v\u00e9g\u00e9talisation, et en parvenant \u00e0 \u00ab\u00a0d\u00e9connecter\u00a0\u00bb 15\u00a0% des surfaces du r\u00e9seau d&rsquo;assainissement pour limiter les rejets d&rsquo;eaux pluviales.<\/p>\n<p>En effet, lors de pluies abondantes, le r\u00e9seau sature, et l&rsquo;exc\u00e9dent d&rsquo;eau, m\u00eal\u00e9 aux eaux us\u00e9es, est d\u00e9vers\u00e9 dans la Seine. Cette pollution a longtemps interdit la baignade, mais la situation commence \u00e0 \u00e9voluer\u00a0: depuis cet \u00e9t\u00e9, <a class=\"Link\" href=\"https:\/\/www.lepoint.fr\/societe\/pour-se-baigner-dans-la-seine-a-paris-cet-ete-il-faudra-passer-un-test-de-natation-13-06-2025-2591958_23.php\" title=\"\" data-gtm=\"click:capsule\" data-capsule=\"Lien\" rel=\"nofollow noopener\" target=\"_blank\">certains sites ont \u00e9t\u00e9 ouverts au public<\/a>. R\u00e9duire ces rejets contribue ainsi \u00e0 am\u00e9liorer la qualit\u00e9 de l&rsquo;eau et \u00e0 prot\u00e9ger la biodiversit\u00e9.<\/p>\n<p>Depuis le lancement du premier plan \u00ab\u00a0Parispluie\u00a0\u00bb en 2018, pr\u00e8s de 950\u00a0000 m\u00b3 d&rsquo;eau de pluie ont \u00e9t\u00e9 d\u00e9tourn\u00e9s des \u00e9gouts. Pourtant, chaque ann\u00e9e, ce sont encore environ 40\u00a0millions de m\u00e8tres cubes qui y sont rejet\u00e9s.<\/p>\n<p>R\u00e9pondre \u00e0 deux urgences\u00a0: chaleur et inondations<\/p>\n<p>Le plan pr\u00e9voit aussi l&rsquo;installation de bouches de r\u00e9cup\u00e9ration d&rsquo;eau en bord de chauss\u00e9e. Ces dispositifs filtrent les polluants issus de la circulation avant de diriger l&rsquo;eau vers des espaces v\u00e9g\u00e9talis\u00e9s, o\u00f9 elle nourrit les plantations et aide \u00e0 rafra\u00eechir les quartiers.<\/p>\n<p>Cette strat\u00e9gie intervient alors que Paris conna\u00eet d\u00e9sormais de r\u00e9guli\u00e8res vagues <a class=\"Link\" href=\"https:\/\/www.lepoint.fr\/environnement\/canicule-ce-n-est-que-le-debut-alerte-le-climatologue-davide-faranda-01-07-2025-2593353_1927.php\" title=\"\" data-gtm=\"click:capsule\" data-capsule=\"Lien\" rel=\"nofollow noopener\" target=\"_blank\">de canicule<\/a>. Dans une ville dense et min\u00e9rale, o\u00f9 le b\u00e9ton retient la chaleur et emp\u00eache l&rsquo;infiltration naturelle de l&rsquo;eau, le risque est double\u00a0: <a class=\"Link\" href=\"https:\/\/www.lepoint.fr\/tags\/secheresse\" data-gtm=\"click:capsule\" data-capsule=\"Lien\" rel=\"nofollow noopener\" target=\"_blank\">s\u00e9cheresse<\/a> quand la pluie se fait rare, inondations lors d&rsquo;\u00e9pisodes orageux intenses.<\/p>\n<p>\u00c0 LIRE AUSSI <strong class=\"strong\"><a href=\"https:\/\/www.lepoint.fr\/societe\/pourquoi-la-france-peine-a-s-adapter-aux-canicules-12-07-2025-2594208_23.php\" title=\"Pourquoi la France peine \u00e0 s&#039;adapter aux canicules\" style=\"text-decoration: none; color: inherit;\" data-gtm=\"click:capsule\" data-capsule=\"\u00c0 lire aussi\" rel=\"nofollow noopener\" target=\"_blank\">Pourquoi la France peine \u00e0 s&rsquo;adapter aux canicules<\/a><\/strong><br \/>\n\u00c0 D\u00e9couvrir<br \/>\n<strong class=\"discover-kangourou__line\"><br \/>\n<img decoding=\"async\" class=\"discover-kangourou__img\" src=\"https:\/\/static.lpnt.fr\/static\/img\/kangourou\/kangourou_filled.svg\"\/><br \/>\n<strong class=\"discover-kangourou__txt\"><br \/>\n<strong>Le Kangourou du jour<\/strong><br \/>\n<a href=\"https:\/\/kangourou.lepoint.fr\" title=\"kangourou\" data-gtm-cta=\"kangourou_article\" class=\"discover-kangourou__lnk\" rel=\"nofollow noopener\" target=\"_blank\"><br \/>\nR\u00e9pondre<br \/>\n<\/a><br \/>\n<\/strong><br \/>\n<\/strong><br \/>\nTransformer Paris en \u00ab\u00a0ville \u00e9ponge\u00a0\u00bb est un d\u00e9fi majeur\u00a0: la densit\u00e9 de\u00a0construction et la complexit\u00e9 des r\u00e9seaux souterrains compliquent les travaux. La municipalit\u00e9 pr\u00e9voit d&rsquo;\u00e9tendre ces dispositifs aux rues \u00e0 faible circulation, moins expos\u00e9es \u00e0 la pollution routi\u00e8re.<\/p>\n<p><a class=\"Link\" href=\"https:\/\/www.ipcc.ch\/report\/ar6\/wg1\/downloads\/report\/IPCC_AR6_WGI_TS.pdf\" target=\"_blank\" title=\"\" data-gtm=\"click:capsule\" data-capsule=\"Lien\" rel=\"nofollow noopener\">Le sixi\u00e8me\u00a0rapport du Giec<\/a>\u00a0rappelle que le r\u00e9chauffement climatique intensifie le cycle de l&rsquo;eau\u00a0: plus il fait chaud, plus l&rsquo;atmosph\u00e8re contient de vapeur d&rsquo;eau, augmentant ainsi le risque d&rsquo;\u00e9pisodes de pluies intenses. Dans ce contexte, la gestion des eaux pluviales devient un enjeu central pour l&rsquo;avenir de la capitale.<\/p>\n<p>Toute l\u2019actualit\u00e9 \u00e0 1\u20ac le premier mois<\/p>\n<p><a href=\"https:\/\/abo.lepoint.fr\/?provenance=21EDI020098\" class=\"btn\" title=\"S&#039;abonner\" data-gtm=\"click:abo|display:abo\" data-campaign=\"paywall_maison\" rel=\"nofollow noopener\" target=\"_blank\">S&rsquo;abonner<\/a><\/p>\n<p>ou<\/p>\n","protected":false},"excerpt":{"rendered":"La mairie de Paris a d\u00e9voil\u00e9, jeudi 7\u00a0ao\u00fbt, son nouveau plan de gestion des eaux pluviales, avec des&hellip;\n","protected":false},"author":2,"featured_media":305636,"comment_status":"","ping_status":"","sticky":false,"template":"","format":"standard","meta":{"footnotes":""},"categories":[1888],"tags":[1111,1928,11,1927,1777,674,1011,27,12,1926,626,1925,25],"class_list":{"0":"post-305635","1":"post","2":"type-post","3":"status-publish","4":"format-standard","5":"has-post-thumbnail","7":"category-paris","8":"tag-actu","9":"tag-actu-paris","10":"tag-actualites","11":"tag-actualites-paris","12":"tag-eu","13":"tag-europe","14":"tag-fr","15":"tag-france","16":"tag-news","17":"tag-news-paris","18":"tag-paris","19":"tag-paris-news","20":"tag-republique-francaise"},"share_on_mastodon":{"url":"https:\/\/pubeurope.com\/@fr\/114994466392820231","error":""},"_links":{"self":[{"href":"https:\/\/www.europesays.com\/fr\/wp-json\/wp\/v2\/posts\/305635","targetHints":{"allow":["GET"]}}],"collection":[{"href":"https:\/\/www.europesays.com\/fr\/wp-json\/wp\/v2\/posts"}],"about":[{"href":"https:\/\/www.europesays.com\/fr\/wp-json\/wp\/v2\/types\/post"}],"author":[{"embeddable":true,"href":"https:\/\/www.europesays.com\/fr\/wp-json\/wp\/v2\/users\/2"}],"replies":[{"embeddable":true,"href":"https:\/\/www.europesays.com\/fr\/wp-json\/wp\/v2\/comments?post=305635"}],"version-history":[{"count":0,"href":"https:\/\/www.europesays.com\/fr\/wp-json\/wp\/v2\/posts\/305635\/revisions"}],"wp:featuredmedia":[{"embeddable":true,"href":"https:\/\/www.europesays.com\/fr\/wp-json\/wp\/v2\/media\/305636"}],"wp:attachment":[{"href":"https:\/\/www.europesays.com\/fr\/wp-json\/wp\/v2\/media?parent=305635"}],"wp:term":[{"taxonomy":"category","embeddable":true,"href":"https:\/\/www.europesays.com\/fr\/wp-json\/wp\/v2\/categories?post=305635"},{"taxonomy":"post_tag","embeddable":true,"href":"https:\/\/www.europesays.com\/fr\/wp-json\/wp\/v2\/tags?post=305635"}],"curies":[{"name":"wp","href":"https:\/\/api.w.org\/{rel}","templated":true}]}}