{"id":305649,"date":"2025-08-08T18:10:09","date_gmt":"2025-08-08T18:10:09","guid":{"rendered":"https:\/\/www.europesays.com\/fr\/305649\/"},"modified":"2025-08-08T18:10:09","modified_gmt":"2025-08-08T18:10:09","slug":"allemagne-clap-de-fin-pour-olaf-scholz-rediffusion","status":"publish","type":"post","link":"https:\/\/www.europesays.com\/fr\/305649\/","title":{"rendered":"Allemagne: clap de fin pour Olaf Scholz (rediffusion)"},"content":{"rendered":"<p>\n                                                Dimanche 23 f\u00e9vrier, les \u00e9lecteurs allemands voteront dans le cadre des \u00e9lections f\u00e9d\u00e9rales anticip\u00e9es suite \u00e0 l&rsquo;\u00e9clatement de la coalition \u00ab\u00a0feu tricolore\u00a0\u00bb emmen\u00e9e par Olaf Scholz. Un scrutin qui pourrait bien rester dans les annales de la politique allemande, car si l&rsquo;on en croit les sondages, l&rsquo;AfD, l&rsquo;Alternative pour l&rsquo;Allemagne, formation d&rsquo;extr\u00eame droite, pourrait devenir la deuxi\u00e8me force politique du pays.\u00a0Un changement brutal apr\u00e8s la chute du gouvernement d&rsquo;Olaf Scholz, t\u00eate de liste du parti social-d\u00e9mocrate pour ces \u00e9lections, pris de cours durant son mandat par un contexte g\u00e9opolitique aux multiples impacts pour un pays qui voit ses certitudes s&rsquo;effondrer les unes apr\u00e8s les autres. (rediffusion du 12 f\u00e9vrier 2025)                    <\/p>\n<p>Ces \u00e9lections pourraient bien marquer la fin de la carri\u00e8re politique d&rsquo;Olaf Scholz. \u00c0 soixante-six ans, le chancelier sortant, ancien ministre des Finances dans le dernier gouvernement d&rsquo;Angela Merkel, qui fut \u00e9galement maire de Hambourg entre 2011 et 2019, pourrait bien tirer sa r\u00e9v\u00e9rence si sa formation, le SPD, le Parti social-d\u00e9mocrate, subit une d\u00e9faite historique, ce que pr\u00e9disent les sondages.<\/p>\n<p> Une coalition vou\u00e9e \u00e0 l&rsquo;\u00e9chec <\/p>\n<p>Il faut dire que la coalition \u00ab\u00a0feu tricolore\u00a0\u00bb qu&rsquo;il dirigeait, avec le Parti social-d\u00e9mocrate, les Verts et le Parti lib\u00e9ral-d\u00e9mocrate, \u00e9tait plus ou moins vou\u00e9e \u00e0 l&rsquo;\u00e9chec, surtout dans un contexte de crises \u00e9nerg\u00e9tique, \u00e9conomique et g\u00e9opolitique. \u200b\u200b\u200b\u200b\u200b\u200b\u00a0\u00ab\u00a0C&rsquo;\u00e9tait une coalition un peu contre-nature, estime\u00a0\u00c9tienne Dubslaff, docteur en civilisation allemande et en histoire contemporaine et ma\u00eetre de conf\u00e9rences \u00e0 l&rsquo;Universit\u00e9 Paris Nanterre. Il\u00a0y a bien certains points communs, notamment dans la politique soci\u00e9tale \u2014 ce sont trois partis plut\u00f4t lib\u00e9raux somme toute, ils sont favorables par exemple au mariage gay ou encore plus ou moins favorables \u00e0 la l\u00e9galisation du cannabis. C&rsquo;est anecdotique, mais n\u00e9anmoins, \u00e7a joue quand m\u00eame un r\u00f4le. Donc, l\u00e0-dessus, ces trois partis pouvaient tout \u00e0 fait s&rsquo;entendre. En revanche, il y a toujours eu de graves dissensions, notamment entre les Verts et les Lib\u00e9raux, autour des questions \u00e9conomique et financi\u00e8re.\u00a0\u00bb<\/p>\n<p> Le d\u00e9ficit public\u00a0: un verrou qui a eu raison de la coalition <\/p>\n<p>Et ce sont justement ces questions d&rsquo;ordre \u00e9conomique et financi\u00e8re qui ont fait imploser la coalition. Les sociaux-d\u00e9mocrates et les Verts souhaitaient faire sauter le verrou de la dette publique, un th\u00e8me tabou en Allemagne. Mais mettre fin \u00e0 ce verrou \u00e9tait indispensable, selon <strong><a href=\"https:\/\/www.rfi.fr\/fr\/tag\/olaf-scholz\/\" target=\"_self\" class=\"gtm-add-suggested-tag\" rel=\"noopener\">Olaf Scholz<\/a><\/strong>, pour relancer l&rsquo;\u00e9conomie allemande, qui pourrait conna\u00eetre une troisi\u00e8me ann\u00e9e de r\u00e9cession en 2025, ce qui serait une premi\u00e8re.<\/p>\n<p>Mais son ministre des Finances, \u00e9galement chef du FDP, le parti lib\u00e9ral, \u00e9tait totalement oppos\u00e9 \u00e0 cette id\u00e9e contraire aux principes de son parti. Et c&rsquo;est ce point de crispation qui a fait \u00e9clater en novembre dernier la coalition \u00ab\u00a0feu tricolore\u00a0\u00bb. Une situation dont n&rsquo;est pas vraiment responsable Olaf Scholz, d\u00e9taille Marie Krpata, chercheuse au Cerfa, le Comit\u00e9 d&rsquo;\u00e9tudes des relations franco-allemandes \u00e0 l&rsquo;Ifri\u00a0: \u00ab\u00a0Avant lui, Angela Merkel a \u00e9t\u00e9 au pouvoir pendant seize ans. Et un certain nombre de d\u00e9cisions ont \u00e9t\u00e9 prises qui finalement ont fragilis\u00e9 l&rsquo;<strong><a href=\"https:\/\/www.rfi.fr\/fr\/tag\/allemagne\/\" target=\"_self\" class=\"gtm-add-suggested-tag\" rel=\"noopener\">Allemagne<\/a><\/strong>. Et cela ne date pas d&rsquo;Olaf Scholz en tant que chancelier, puisqu&rsquo;en effet, la d\u00e9pendance par rapport \u00e0 la Russie sur le plan \u00e9nerg\u00e9tique, c&rsquo;\u00e9tait bien avant Olaf Scholz. Sous Angela Merkel aussi, il y a eu un sous-investissement dans l&rsquo;arm\u00e9e allemande et aujourd&rsquo;hui, on se rend compte de l&rsquo;impact n\u00e9gatif que cela peut avoir. Alors effectivement, les sociaux-d\u00e9mocrates ont aussi \u00e9t\u00e9 au gouvernement sous <strong><a href=\"https:\/\/www.rfi.fr\/fr\/tag\/angela-merkel\/\" target=\"_self\" class=\"gtm-add-suggested-tag\" rel=\"noopener\">Angela Merkel<\/a><\/strong>, mais il est un peu trop simple de dire que la faute finalement est celle d&rsquo;Olaf Scholz.\u00a0\u00bb<\/p>\n<p class=\"a-read-more\">\u00c0 \u00e9couter dans D\u00e9cryptage<a href=\"https:\/\/www.rfi.fr\/fr\/podcasts\/d\u00e9cryptage\/20241219-economie-politique-la-fin-du-mod\u00e8le-allemand\" target=\"_self\" class=\"a-read-more__link\" rel=\"noopener\">\u00c9conomie, politique: la fin du mod\u00e8le allemand?<\/a><\/p>\n<p> Olaf Scholz\u00a0: un candidat hors sujet\u00a0? <\/p>\n<p>Fini donc la coalition \u00ab\u00a0feu tricolore\u00a0\u00bb, et pourtant, Olaf Scholz d\u00e9cide malgr\u00e9 tout de prendre la t\u00eate de la liste du SPD pour les prochaines \u00e9lections. Mais le probl\u00e8me, c&rsquo;est que les th\u00e8mes qui lui sont chers ne sont pas les th\u00e8mes qui dominent la campagne \u00e9lectorale. L&rsquo;Allemagne a besoin de relancer son \u00e9conomie, d&rsquo;investir dans des secteurs cl\u00e9s selon lui, mais ce sont d&rsquo;autres questions qui dominent les d\u00e9bats, comme l&rsquo;explique Marie Krpata\u00a0: \u00ab\u00a0Le th\u00e8me de l&rsquo;immigration est aujourd&rsquo;hui un des th\u00e8mes phares de cette campagne \u00e9lectorale, qui plus est apr\u00e8s un certain nombre d&rsquo;attaques au couteau et diff\u00e9rents attentats qu&rsquo;il y a pu y avoir pr\u00e9c\u00e9demment. Ce sujet de l&rsquo;immigration et <a href=\"https:\/\/www.rfi.fr\/fr\/europe\/20250213-allemagne-une-voiture-percute-un-groupe-de-personnes-\u00e0-munich-bless\u00e9s\" target=\"_self\" rel=\"noopener\"><strong>ce sujet de la s\u00e9curit\u00e9<\/strong><\/a> aujourd&rsquo;hui domine cette campagne \u00e9lectorale, m\u00eame si, \u00e9videmment, la question de l&rsquo;\u00e9conomie, de la comp\u00e9titivit\u00e9 joue un r\u00f4le, mais aussi l&rsquo;ing\u00e9rence \u00e9trang\u00e8re, avec <strong><a href=\"https:\/\/www.rfi.fr\/fr\/tag\/elon-musk\/\" target=\"_self\" class=\"gtm-add-suggested-tag\" rel=\"noopener\">Elon Musk<\/a><\/strong> qui soutient l&rsquo;AfD effectivement.\u00a0\u00bb\u00a0\u00a0<\/p>\n<p>Alors, bien que donn\u00e9 vainqueur apr\u00e8s le premier d\u00e9bat face \u00e0 Friedrich Merz, le chef des chr\u00e9tiens-d\u00e9mocrates, et donc t\u00eate de liste de la CDU-CSU, Olaf Scholz, ne devrait pas \u00eatre reconduit pour un \u00e9ventuel gouvernement Scholz 2. L&rsquo;ancien maire de Hambourg devrait donc quitter la sc\u00e8ne politique prochainement, laissant derri\u00e8re lui un parti social-d\u00e9mocrate qui pourrait bien mettre des ann\u00e9es \u00e0 se remettre d&rsquo;un score qui s&rsquo;annonce comme le plus mauvais de son histoire.<\/p>\n<p class=\"o-em-consent__content__text\">Pour afficher ce contenu , il est n\u00e9cessaire d&rsquo;autoriser les cookies de mesure d&rsquo;audience et de publicit\u00e9.<\/p>\n<p>        Accepter<br \/>\n        G\u00e9rer mes choix<\/p>\n<p class=\"a-read-more\">\u00c0 lire aussi<a href=\"https:\/\/www.rfi.fr\/fr\/podcasts\/europ\u00e9en-de-la-semaine\/20250207-l\u00e9gislatives-allemandes-la-strat\u00e9gie-p\u00e9rilleuse-du-favori-des-sondages-friedrich-merz\" target=\"_self\" class=\"a-read-more__link\" rel=\"noopener\">L\u00e9gislatives allemandes: la strat\u00e9gie p\u00e9rilleuse du favori des sondages Friedrich Merz<\/a><\/p>\n","protected":false},"excerpt":{"rendered":"Dimanche 23 f\u00e9vrier, les \u00e9lecteurs allemands voteront dans le cadre des \u00e9lections f\u00e9d\u00e9rales anticip\u00e9es suite \u00e0 l&rsquo;\u00e9clatement de&hellip;\n","protected":false},"author":2,"featured_media":305650,"comment_status":"","ping_status":"","sticky":false,"template":"","format":"standard","meta":{"footnotes":""},"categories":[1587],"tags":[11,672,6388,1804,1805,1803,33,46,1777,674,19690,1801,1061,12,6387,1802],"class_list":{"0":"post-305649","1":"post","2":"type-post","3":"status-publish","4":"format-standard","5":"has-post-thumbnail","7":"category-allemagne","8":"tag-actualites","9":"tag-allemagne","10":"tag-angela-merkel","11":"tag-bundesrepublik-deutschland","12":"tag-de","13":"tag-deutschland","14":"tag-economie","15":"tag-elon-musk","16":"tag-eu","17":"tag-europe","18":"tag-europeen-de-la-semaine","19":"tag-germany","20":"tag-immigration","21":"tag-news","22":"tag-olaf-scholz","23":"tag-republique-federale-dallemagne"},"share_on_mastodon":{"url":"https:\/\/pubeurope.com\/@fr\/114994493880913959","error":""},"_links":{"self":[{"href":"https:\/\/www.europesays.com\/fr\/wp-json\/wp\/v2\/posts\/305649","targetHints":{"allow":["GET"]}}],"collection":[{"href":"https:\/\/www.europesays.com\/fr\/wp-json\/wp\/v2\/posts"}],"about":[{"href":"https:\/\/www.europesays.com\/fr\/wp-json\/wp\/v2\/types\/post"}],"author":[{"embeddable":true,"href":"https:\/\/www.europesays.com\/fr\/wp-json\/wp\/v2\/users\/2"}],"replies":[{"embeddable":true,"href":"https:\/\/www.europesays.com\/fr\/wp-json\/wp\/v2\/comments?post=305649"}],"version-history":[{"count":0,"href":"https:\/\/www.europesays.com\/fr\/wp-json\/wp\/v2\/posts\/305649\/revisions"}],"wp:featuredmedia":[{"embeddable":true,"href":"https:\/\/www.europesays.com\/fr\/wp-json\/wp\/v2\/media\/305650"}],"wp:attachment":[{"href":"https:\/\/www.europesays.com\/fr\/wp-json\/wp\/v2\/media?parent=305649"}],"wp:term":[{"taxonomy":"category","embeddable":true,"href":"https:\/\/www.europesays.com\/fr\/wp-json\/wp\/v2\/categories?post=305649"},{"taxonomy":"post_tag","embeddable":true,"href":"https:\/\/www.europesays.com\/fr\/wp-json\/wp\/v2\/tags?post=305649"}],"curies":[{"name":"wp","href":"https:\/\/api.w.org\/{rel}","templated":true}]}}