{"id":305653,"date":"2025-08-08T18:12:13","date_gmt":"2025-08-08T18:12:13","guid":{"rendered":"https:\/\/www.europesays.com\/fr\/305653\/"},"modified":"2025-08-08T18:12:13","modified_gmt":"2025-08-08T18:12:13","slug":"jai-eu-le-coup-de-foudre-cette-artiste-amoureuse-de-la-linogravure-expose-ses-oeuvres-a-dinan","status":"publish","type":"post","link":"https:\/\/www.europesays.com\/fr\/305653\/","title":{"rendered":"\u00ab\u00a0J\u2019ai eu le coup de foudre\u00a0\u00bb\u00a0: cette artiste amoureuse de la linogravure expose ses \u0153uvres \u00e0 Dinan"},"content":{"rendered":"<p>\u00ab C\u2019est une exposition autour de la couleur bleue \u00bb, d\u00e9crit Morgane Chouin, artiste linograveuse, qui pr\u00e9sente ses \u0153uvres \u00e0 la Maison du Gouverneur de Dinan. Jusqu\u2019au 13 ao\u00fbt, la jeune femme a pos\u00e9 ses tableaux aux murs de la vieille b\u00e2tisse class\u00e9e Monument historique, permettant une pause fra\u00eecheur dans <a href=\"https:\/\/www.letelegramme.fr\/cotes-d-armor\/dinan-22100\/spanrue-du-jerzualspan-alors-pas-trop-dure-la-montee-2850125.php\" target=\"_blank\" rel=\"nofollow noopener\">la mont\u00e9e du Jerzual<\/a>. Poissons, algues, crustac\u00e9s, p\u00eacheurs\u2026 La cr\u00e9atrice malouine a souhait\u00e9 mettre en avant ce qui la fait vibrer : son amour de la mer et de la population qu\u2019elle abrite, dans son style envo\u00fbtant.<\/p>\n<p>La m\u00e9moire bretonne \u00e0 l\u2019encre d\u2019aujourd\u2019hui<\/p>\n<p>Parmi ses collections phares figure une s\u00e9rie d\u2019\u0153uvres consacr\u00e9e aux Penn Sardin, ces ouvri\u00e8res de Douarnenez charg\u00e9es de mettre les sardines en conserve. \u00ab \u00c0 l\u2019occasion du centenaire de leur grande gr\u00e8ve de 1924, j\u2019ai eu envie de parler de ces femmes, avec leurs coiffes blanches immacul\u00e9es \u00bb. Puis, elle s\u2019est tourn\u00e9e vers les p\u00eacheurs. \u00ab J\u2019aime beaucoup repr\u00e9senter la culture bretonne traditionnelle dans un style moderne \u00bb, r\u00e9sume-t-elle.<\/p>\n<p><img decoding=\"async\" src=\"https:\/\/www.europesays.com\/fr\/wp-content\/uploads\/2025\/08\/68961c490041350080072a33.1.jpeg\" width=\"480\" height=\"300\" class=\"web_golden_m\" loading=\"lazy\" alt=\"Originaire de Saint-Malo, Morgane Chouin est tr\u00e8s inspir\u00e9e par la mer et ce qu\u2019elle abrite.\"\/>Originaire de Saint-Malo, Morgane Chouin est tr\u00e8s inspir\u00e9e par la mer et ce qu\u2019elle abrite. (Le T\u00e9l\u00e9gramme\/Ael Dubois-Collin)<\/p>\n<p>Depuis 10 ans, son travail est en constante \u00e9volution. Si elle a commenc\u00e9 par les poissons, son regard d\u2019architecte paysagiste de formation a rapidement inclus des algues et des coraux dans ses compositions. Puis, peu \u00e0 peu, sa palette s\u2019est enrichie \u00ab Au fur et \u00e0 mesure, j\u2019ai commenc\u00e9 \u00e0 int\u00e9grer l\u2019orange, couleur compl\u00e9mentaire du bleu \u00bb, explique-t-elle. Un contraste fort qui donne du peps \u00e0 ses cr\u00e9ations. \u00ab Et depuis quelques mois, des lignes et formes g\u00e9om\u00e9triques s\u2019invitent dans mes tableaux \u00bb, t\u00e9moigne l\u2019artiste.<\/p>\n<blockquote><p>J\u2019ai eu le coup de foudre pour la linogravure<\/p><\/blockquote>\n<p>De la gouge \u00e0 la gouache<\/p>\n<p>Si Morgane Chouin explore de nombreuses techniques artistiques dans son exposition, la linogravure reste son premier amour. \u00ab J\u2019ai eu le coup de foudre pour la linogravure dans une exposition, il y a 10 ans. J\u2019ai \u00e9t\u00e9 s\u00e9duite par cette pratique artistique qui permet de multiplier son \u0153uvre en plusieurs exemplaires, et qui rend donc l\u2019art accessible \u00bb. Elle propose des ateliers d\u2019initiation le mardi pour faire d\u00e9couvrir le proc\u00e9d\u00e9 datant de la fin du XIXe si\u00e8cle. \u00ab C\u2019est une technique d\u2019imprimerie artisanale qui consiste \u00e0 sculpter des tampons dans du linol\u00e9um, en creux et en bosses, \u00e0 l\u2019aide d\u2019une gouge, puis d\u2019y passer un rouleau encreur, avant d\u2019y presser le papier \u00bb, d\u00e9taille-t-elle.<\/p>\n<p><img decoding=\"async\" src=\"https:\/\/www.europesays.com\/fr\/wp-content\/uploads\/2025\/08\/68961c496af0169c8f0ac714.1.jpeg\" width=\"480\" height=\"300\" class=\"web_golden_m\" loading=\"lazy\" alt=\"\u00ab\u00a0La Maison du Gouverneur est un lieu que j\u2019aime beaucoup o\u00f9 je peux pr\u00e9senter mes essais en collage, dessin, gravure\u00a0\u00bb, se r\u00e9jouit Morgane Chouin\"\/>\u00ab\u00a0La Maison du Gouverneur est un lieu que j\u2019aime beaucoup o\u00f9 je peux pr\u00e9senter mes essais en collage, dessin, gravure\u00a0\u00bb, se r\u00e9jouit Morgane Chouin (Le T\u00e9l\u00e9gramme\/Ael Dubois-Collin)<\/p>\n<p>Mais son exposition regorge aussi d\u2019\u0153uvres hybrides, m\u00ealant collage, peinture, dessin ou gravure. Son tableau pr\u00e9f\u00e9r\u00e9 ? Une sc\u00e8ne de p\u00eache, faite de diff\u00e9rents mat\u00e9riaux : \u00ab Sur un support en bois, j\u2019ai coll\u00e9 des feuilles de papier. Puis, j\u2019ai trac\u00e9 des traits au marqueur bleu, ajout\u00e9 du pastel gras et de la gouache blanche. On peut vraiment imaginer les p\u00eacheurs en train de travailler, pronon\u00e7ant quelques mots en breton \u00bb, souligne-t-elle.<\/p>\n<p><img decoding=\"async\" src=\"https:\/\/www.europesays.com\/fr\/wp-content\/uploads\/2025\/08\/68961c495fc1198f1b0fe5be.1.jpeg\" width=\"480\" height=\"300\" class=\"web_golden_m\" loading=\"lazy\" alt=\"\u00ab\u00a0MC, ce n\u2019est pas un port, ce sont mes initiales\u00a0!\u00a0\u00bb, pr\u00e9viens l\u2019artiste.\"\/>\u00ab\u00a0MC, ce n\u2019est pas un port, ce sont mes initiales\u00a0!\u00a0\u00bb, pr\u00e9viens l\u2019artiste. (Le T\u00e9l\u00e9gramme\/Ael Dubois-Collin)\u00ab Je fais ce que j\u2019aime et je rencontre mon public \u00bb<\/p>\n<p>Alors que le soleil chauffe les pav\u00e9s de la rue du Jerzual, les \u0153uvres rafra\u00eechissantes de Morgane Chouin ont su attirer de nombreux visiteurs de passage, comme des habitu\u00e9s ! Paroles entendues : \u00ab On vous a d\u00e9j\u00e0 vu \u00e0 Saint-Enogat il y a 7 ou 8 ans, on adore ce que vous faites \u00bb ; \u00ab j\u2019ai d\u00e9j\u00e0 deux de vos \u0153uvres \u00e0 la maison \u00bb ; \u00ab je suis d\u00e9j\u00e0 pass\u00e9 hier, mais je suis revenu me nourrir \u00bb. De quoi ravir l\u2019artiste :  \u00ab Je fais ce que j\u2019aime et je rencontre mon public. Les gens posent des questions et toutes les g\u00e9n\u00e9rations sont int\u00e9ress\u00e9es ! \u00bb <\/p>\n<p>Pratique<\/p>\n<p class=\"note\">Exposition Atelier Morgane Chouin \u00e0 la Maison du Gouverneur, Dinan. Du 30 juillet au 13 ao\u00fbt, de 10h \u00e0 18h. Gratuit. Retrouvez Morgane Chouin sur www.atelier-morganechouin.fr et sur Instagram : atelier_morgane_chouin<\/p>\n","protected":false},"excerpt":{"rendered":"\u00ab C\u2019est une exposition autour de la couleur bleue \u00bb, d\u00e9crit Morgane Chouin, artiste linograveuse, qui pr\u00e9sente ses&hellip;\n","protected":false},"author":2,"featured_media":305654,"comment_status":"","ping_status":"","sticky":false,"template":"","format":"standard","meta":{"footnotes":""},"categories":[1586],"tags":[11,3734,3472,1777,674,1779,3293,1011,27,6127,12,25,1778,364],"class_list":{"0":"post-305653","1":"post","2":"type-post","3":"status-publish","4":"format-standard","5":"has-post-thumbnail","7":"category-europe","8":"tag-actualites","9":"tag-art","10":"tag-dinan","11":"tag-eu","12":"tag-europe","13":"tag-european-union","14":"tag-exposition","15":"tag-fr","16":"tag-france","17":"tag-mer","18":"tag-news","19":"tag-republique-francaise","20":"tag-ue","21":"tag-union-europeenne"},"share_on_mastodon":{"url":"https:\/\/pubeurope.com\/@fr\/114994501739332989","error":""},"_links":{"self":[{"href":"https:\/\/www.europesays.com\/fr\/wp-json\/wp\/v2\/posts\/305653","targetHints":{"allow":["GET"]}}],"collection":[{"href":"https:\/\/www.europesays.com\/fr\/wp-json\/wp\/v2\/posts"}],"about":[{"href":"https:\/\/www.europesays.com\/fr\/wp-json\/wp\/v2\/types\/post"}],"author":[{"embeddable":true,"href":"https:\/\/www.europesays.com\/fr\/wp-json\/wp\/v2\/users\/2"}],"replies":[{"embeddable":true,"href":"https:\/\/www.europesays.com\/fr\/wp-json\/wp\/v2\/comments?post=305653"}],"version-history":[{"count":0,"href":"https:\/\/www.europesays.com\/fr\/wp-json\/wp\/v2\/posts\/305653\/revisions"}],"wp:featuredmedia":[{"embeddable":true,"href":"https:\/\/www.europesays.com\/fr\/wp-json\/wp\/v2\/media\/305654"}],"wp:attachment":[{"href":"https:\/\/www.europesays.com\/fr\/wp-json\/wp\/v2\/media?parent=305653"}],"wp:term":[{"taxonomy":"category","embeddable":true,"href":"https:\/\/www.europesays.com\/fr\/wp-json\/wp\/v2\/categories?post=305653"},{"taxonomy":"post_tag","embeddable":true,"href":"https:\/\/www.europesays.com\/fr\/wp-json\/wp\/v2\/tags?post=305653"}],"curies":[{"name":"wp","href":"https:\/\/api.w.org\/{rel}","templated":true}]}}