{"id":305660,"date":"2025-08-08T18:17:11","date_gmt":"2025-08-08T18:17:11","guid":{"rendered":"https:\/\/www.europesays.com\/fr\/305660\/"},"modified":"2025-08-08T18:17:11","modified_gmt":"2025-08-08T18:17:11","slug":"volley-ball-le-mercato-des-louves-est-boucle","status":"publish","type":"post","link":"https:\/\/www.europesays.com\/fr\/305660\/","title":{"rendered":"Volley-ball\u00a0: le mercato des Louves est boucl\u00e9"},"content":{"rendered":"<p>\t\t\t\t\t\t\t\t<a href=\"https:\/\/vosgesinfo.fr\/app\/uploads\/sites\/4\/2025\/08\/mercato-louves-2025-2026.jpg\" data-slb-active=\"1\" data-slb-asset=\"1488150520\" data-slb-internal=\"0\" data-slb-group=\"slb\" target=\"_blank\" rel=\"noopener\"><img aria-describedby=\"caption-attachment-81028\" decoding=\"async\" loading=\"lazy\" class=\"wp-image-81028 size-large\" src=\"https:\/\/www.europesays.com\/fr\/wp-content\/uploads\/2025\/08\/mercato-louves-2025-2026-1024x683.jpg\" alt=\"\" width=\"1024\" height=\"683\"  \/><\/a><\/p>\n<p id=\"caption-attachment-81028\" class=\"wp-caption-text\">De gauche \u00e0 droite et de haut en bas : Oby Anadi, Kari Zumach, Linda Andersson, Lisa Arbos, Emmy Andersson et Zoila La Rosa.<\/p>\n<p>Alors que le <strong>coup d\u2019envoi de la saison 2025-2026<\/strong> approche pour les <strong>Louves<\/strong>, qui \u00e9volueront pour la premi\u00e8re fois de leur histoire en <strong>Saforelle Power 6 \u2013 la Ligue Professionnelle F\u00e9minine<\/strong>, l\u2019\u00e9quipe qui d\u00e9fendra les couleurs de <strong>Saint-Di\u00e9-des-Vosges<\/strong> ces prochains mois est d\u00e9sormais compl\u00e8te.<\/p>\n<p><strong>Six recrues rejoignent la meute d\u00e9odatienne<\/strong><\/p>\n<p>Les <strong>Su\u00e9doises Linda Andersson<\/strong> (centrale) et <strong>Emmy Andersson<\/strong> (lib\u00e9ro) \u2013\u00a0qui ne sont pas s\u0153urs \u2013 les <strong>Am\u00e9ricaines Kari Zumach<\/strong> (pointeuse) et <strong>Oby Anadi<\/strong> (centrale), ainsi que la <strong>Fran\u00e7aise Lisa Arbos<\/strong> (r\u00e9cep-attaque) rejoignent ainsi la meute d\u00e9odatienne. Le retour de la <strong>P\u00e9ruvienne Zoila La Rosa<\/strong> (passeuse), qui avait d\u00e9j\u00e0 port\u00e9 le maillot des <strong data-start=\"206\" data-end=\"244\">Louves lors de la saison 2022\/2023<\/strong>, compl\u00e8te le mercato.<\/p>\n<p><strong>Cinq prolongations\u2026<\/strong><\/p>\n<p>Les nouvelles recrues auront comme co\u00e9quipi\u00e8res <strong>les 5 Louves<\/strong> ayant prolong\u00e9 l\u2019aventure apr\u00e8s la mont\u00e9e en Saforelle Power 6. Il s\u2019agit respectivement de<strong>Tehea Labaste<\/strong>, <strong>Sol Piccolo<\/strong>, <strong>Romy Taleux<\/strong>, <strong>Kahaia Tauraa<\/strong> et <strong>Laura Urios<\/strong>.<\/p>\n<p><strong>\u2026 et six d\u00e9parts<\/strong><\/p>\n<p>Apr\u00e8s leurs bons et loyaux services, durant plusieurs saisons pour certaines d\u2019entre elles, <strong>Estelle Adiana<\/strong>, <strong>Emilia Balague<\/strong>, <strong>Tehei Labaste<\/strong>, <strong>Th\u00e9mis Sanou<\/strong> et <strong>Kristina Yordanska<\/strong> quittent l\u2019effectif des Louves. La capitaine <strong>Julie Mollinger<\/strong> tire quant \u00e0 elle sa r\u00e9v\u00e9rence des terrains, <strong>apr\u00e8s 4 saisons \u00e0 Saint-Di\u00e9-des-Vosges.<\/strong> Mais l\u2019ancienne internationale fran\u00e7aise <strong>reste au club<\/strong>, o\u00f9 elle occupe d\u00e9sormais le poste de <strong>\u00ab team manager \u00bb<\/strong>.<\/p>\n<p><strong>Reprise de l\u2019entra\u00eenement lundi prochain<\/strong><\/p>\n<p>Le <strong>premier entra\u00eenement<\/strong> du nouvel effectif des Louves se tiendra <strong>lundi prochain<\/strong>, toujours sous l\u2019\u00e9gide du coach <strong>Manu Dumortier<\/strong>. Il faudra ensuite attendre <strong>la rentr\u00e9e et le mois de septembre<\/strong> pour assister au <strong>premier match des D\u00e9odatiennes en Ligue Professionnelle<\/strong>. Le calendrier du championnat des Louves <strong>n\u2019a pas encore \u00e9t\u00e9 officiellement publi\u00e9<\/strong>, mais il devrait l\u2019\u00eatre <strong>tr\u00e8s prochainement.<\/strong><\/p>\n","protected":false},"excerpt":{"rendered":"De gauche \u00e0 droite et de haut en bas : Oby Anadi, Kari Zumach, Linda Andersson, Lisa Arbos,&hellip;\n","protected":false},"author":2,"featured_media":305661,"comment_status":"","ping_status":"","sticky":false,"template":"","format":"standard","meta":{"footnotes":""},"categories":[1417],"tags":[1011,27,44551,44552,44553,44554,44555,60,1470,44556,1469],"class_list":{"0":"post-305660","1":"post","2":"type-post","3":"status-publish","4":"format-standard","5":"has-post-thumbnail","7":"category-volley","8":"tag-fr","9":"tag-france","10":"tag-les-louves","11":"tag-ligue-af","12":"tag-saforelle-power-6","13":"tag-saint-die-des-vosges-volley-ball","14":"tag-saison-2025-2026-des-louves","15":"tag-sports","16":"tag-volley","17":"tag-volley-ball-feminin","18":"tag-volleyball"},"share_on_mastodon":{"url":"https:\/\/pubeurope.com\/@fr\/114994521280055941","error":""},"_links":{"self":[{"href":"https:\/\/www.europesays.com\/fr\/wp-json\/wp\/v2\/posts\/305660","targetHints":{"allow":["GET"]}}],"collection":[{"href":"https:\/\/www.europesays.com\/fr\/wp-json\/wp\/v2\/posts"}],"about":[{"href":"https:\/\/www.europesays.com\/fr\/wp-json\/wp\/v2\/types\/post"}],"author":[{"embeddable":true,"href":"https:\/\/www.europesays.com\/fr\/wp-json\/wp\/v2\/users\/2"}],"replies":[{"embeddable":true,"href":"https:\/\/www.europesays.com\/fr\/wp-json\/wp\/v2\/comments?post=305660"}],"version-history":[{"count":0,"href":"https:\/\/www.europesays.com\/fr\/wp-json\/wp\/v2\/posts\/305660\/revisions"}],"wp:featuredmedia":[{"embeddable":true,"href":"https:\/\/www.europesays.com\/fr\/wp-json\/wp\/v2\/media\/305661"}],"wp:attachment":[{"href":"https:\/\/www.europesays.com\/fr\/wp-json\/wp\/v2\/media?parent=305660"}],"wp:term":[{"taxonomy":"category","embeddable":true,"href":"https:\/\/www.europesays.com\/fr\/wp-json\/wp\/v2\/categories?post=305660"},{"taxonomy":"post_tag","embeddable":true,"href":"https:\/\/www.europesays.com\/fr\/wp-json\/wp\/v2\/tags?post=305660"}],"curies":[{"name":"wp","href":"https:\/\/api.w.org\/{rel}","templated":true}]}}