{"id":305662,"date":"2025-08-08T18:18:10","date_gmt":"2025-08-08T18:18:10","guid":{"rendered":"https:\/\/www.europesays.com\/fr\/305662\/"},"modified":"2025-08-08T18:18:10","modified_gmt":"2025-08-08T18:18:10","slug":"info-midol-transferts-top-14-toulon-a-loffensive-sur-baptiste-jauneau","status":"publish","type":"post","link":"https:\/\/www.europesays.com\/fr\/305662\/","title":{"rendered":"Info Midol\/ Transferts. Top 14 \u2013 Toulon \u00e0 l\u2019offensive sur Baptiste Jauneau"},"content":{"rendered":"<p>\n                Selon nos informations, le Rugby Club toulonnais aurait transmis une tr\u00e8s belle offre au demi de m\u00eal\u00e9e clermontois Baptiste Jauneau qui sera en fin de contrat \u00e0 la fin de l\u2019ann\u00e9e avec l\u2019ASM.\n            <\/p>\n<p>Les demis de m\u00eal\u00e9e Jiff et de dimension internationale sont une denr\u00e9e rare sur le march\u00e9 du rugby fran\u00e7ais. Et comme vous le savez, tout ce qui est rare est cher. Tr\u00e8s cher, m\u00eame. Les clubs qui souhaitent attirer un demi de m\u00eal\u00e9e fran\u00e7ais de tr\u00e8s haut niveau n\u2019ont que deux options\u00a0: le Toulonnais Baptiste Serin, dont le contrat court jusqu\u2019en juin prochain avec une ann\u00e9e optionnelle (que lui ou le RCT peut d\u00e9noncer), et le Clermontois Baptiste Jauneau, dont le bail avec l\u2019ASM s\u2019arr\u00eatera \u00e0 l\u2019\u00e9t\u00e9 2026. Tous les autres num\u00e9ros neuf de carrure internationale sont sous contrat. Voil\u00e0 pourquoi les deux seuls joueurs potentiellement transf\u00e9rables suscitent les convoitises, et notamment Baptiste Jauneau, pour qui le Rugby Club Toulonnais serait pr\u00eat \u00e0 casser sa tirelire.<\/p>\n<p>Selon nos informations, le demi de m\u00eal\u00e9e clermontois aurait en effet re\u00e7u une offre all\u00e9chante venant du RCT. Et celle-ci d\u00e9fierait toute concurrence, m\u00eame celle de l\u2019ASM qui \u00e9tait toutefois pr\u00eate \u00e0 consentir un bel effort pour conserver son demi de m\u00eal\u00e9e de 21 ans aux 2 s\u00e9lections, dont la derni\u00e8re remonte \u00e0 la tourn\u00e9e des Bleus en Nouvelle-Z\u00e9lande. Une offre qui confirme encore que Jauneau est bien au centre des convoitises, puisque son profil int\u00e9ressait particuli\u00e8rement la Section paloise et l\u2019Union Bordeaux-B\u00e8gles.<\/p>\n<p>Quel avenir pour Baptiste Serin\u00a0?<\/p>\n<p>Le montant de l\u2019offre montre la d\u00e9termination du club varois \u00e0 enr\u00f4ler le Clermontois qui prendrait, avec de tels \u00e9moluments, le poste de num\u00e9ro\u00a01. D\u00e8s lors, la question de l\u2019avenir de Baptiste Serin se pose. Leader incontest\u00e9 de jeu et de vestiaire du RCT avec qui il \u00e9volue depuis 2019, on voit mal comment l\u2019international fran\u00e7ais aux 49 s\u00e9lections pourrait accepter une pareille cohabitation. Si elle venait \u00e0 se concr\u00e9tiser, l\u2019arriv\u00e9e de Jauneau dans le Var pourrait donc pousser Serin, 31 ans, \u00e0 relever un nouveau challenge.<a href=\"https:\/\/www.rugbyrama.fr\/2025\/07\/27\/transfertstop-14-gailleton-menoncello-nouchi-les-gros-dossiers-du-marche-12847260.php\" target=\"_self\" rel=\"nofollow noopener\"><strong> Comme nous l\u2019indiquions dans ces colonnes, le profil de l\u2019ex-Girondin pourrait possiblement int\u00e9resser le MHR<\/strong><\/a> dans le cas o\u00f9 la greffe avec\u00a0l\u2019international \u00e9cossais Ali Price \u2013 qui vient de d\u00e9barquer dans l\u2019H\u00e9rault \u2013 ne prenne pas. Mais le possible d\u00e9part de Jauneau pourrait \u00e9galement faire entrer le club auvergnat dans la danse, puisqu\u2019il cherchera \u00e0 combler le d\u00e9part de son jeune joueur\u2026<\/p>\n","protected":false},"excerpt":{"rendered":"Selon nos informations, le Rugby Club toulonnais aurait transmis une tr\u00e8s belle offre au demi de m\u00eal\u00e9e clermontois&hellip;\n","protected":false},"author":2,"featured_media":305663,"comment_status":"","ping_status":"","sticky":false,"template":"","format":"standard","meta":{"footnotes":""},"categories":[1416],"tags":[1011,27,479,1468,60],"class_list":{"0":"post-305662","1":"post","2":"type-post","3":"status-publish","4":"format-standard","5":"has-post-thumbnail","7":"category-rugby","8":"tag-fr","9":"tag-france","10":"tag-rugby","11":"tag-rugby-football","12":"tag-sports"},"share_on_mastodon":{"url":"https:\/\/pubeurope.com\/@fr\/114994525274147254","error":""},"_links":{"self":[{"href":"https:\/\/www.europesays.com\/fr\/wp-json\/wp\/v2\/posts\/305662","targetHints":{"allow":["GET"]}}],"collection":[{"href":"https:\/\/www.europesays.com\/fr\/wp-json\/wp\/v2\/posts"}],"about":[{"href":"https:\/\/www.europesays.com\/fr\/wp-json\/wp\/v2\/types\/post"}],"author":[{"embeddable":true,"href":"https:\/\/www.europesays.com\/fr\/wp-json\/wp\/v2\/users\/2"}],"replies":[{"embeddable":true,"href":"https:\/\/www.europesays.com\/fr\/wp-json\/wp\/v2\/comments?post=305662"}],"version-history":[{"count":0,"href":"https:\/\/www.europesays.com\/fr\/wp-json\/wp\/v2\/posts\/305662\/revisions"}],"wp:featuredmedia":[{"embeddable":true,"href":"https:\/\/www.europesays.com\/fr\/wp-json\/wp\/v2\/media\/305663"}],"wp:attachment":[{"href":"https:\/\/www.europesays.com\/fr\/wp-json\/wp\/v2\/media?parent=305662"}],"wp:term":[{"taxonomy":"category","embeddable":true,"href":"https:\/\/www.europesays.com\/fr\/wp-json\/wp\/v2\/categories?post=305662"},{"taxonomy":"post_tag","embeddable":true,"href":"https:\/\/www.europesays.com\/fr\/wp-json\/wp\/v2\/tags?post=305662"}],"curies":[{"name":"wp","href":"https:\/\/api.w.org\/{rel}","templated":true}]}}