{"id":305664,"date":"2025-08-08T18:19:10","date_gmt":"2025-08-08T18:19:10","guid":{"rendered":"https:\/\/www.europesays.com\/fr\/305664\/"},"modified":"2025-08-08T18:19:10","modified_gmt":"2025-08-08T18:19:10","slug":"wta-montreal-rennae-stubbs-interpelle-osaka-battue-en-finale-par-mboko-ne-pas-feliciter-victoria-qui-ta-admiree-toute-sa-carriere-et-qui-vient-de-remporter-ce-gigantesque-trophee-c","status":"publish","type":"post","link":"https:\/\/www.europesays.com\/fr\/305664\/","title":{"rendered":"WTA &#8211; Montr\u00e9al > Rennae Stubbs interpelle Osaka, battue en finale par Mboko : \u00ab\u00a0Ne pas f\u00e9liciter Victoria, qui t\u2019a admir\u00e9e toute sa carri\u00e8re et qui vient de remporter ce gigantesque troph\u00e9e, c&rsquo;\u00e9tait triste\u00a0\u00bb"},"content":{"rendered":"<p>Si on peut ais\u00e9\u00adment comprendre que Naomi Osaka \u00e9tait extr\u00ea\u00adme\u00adment d\u00e9\u00e7ue apr\u00e8s sa d\u00e9faite en finale du WTA 1000 de Montr\u00e9al face \u00e0 l\u2019im\u00adpres\u00adsion\u00adnante locale, Victoria Mboko, ne pas f\u00e9li\u00adciter cette derni\u00e8re lors de la remise des prix est un manque \u00e9vident de classe.<\/p>\n<p>Et si <a href=\"https:\/\/www.welovetennis.fr\/wta\/wta-montreal\/naomi-osaka-sexcuse-mais-ca-ne-pardonne-pas-tout-jai-completement-oublie-de-la-feliciter-sur-le-court\" data-wpel-link=\"internal\" target=\"_blank\" rel=\"noopener\">la Japonaise a plaid\u00e9 l\u2019oubli en conf\u00e9\u00adrence de presse d\u2019apr\u00e8s match<\/a>, les critiques ont logi\u00adque\u00adment fus\u00e9. Jamais la derni\u00e8re pour dire ce qu\u2019elle pense, Rennae Stubbs n\u2019a pas manqu\u00e9 d\u2019in\u00adter\u00adpeller la quadruple laur\u00e9ate en Grand Chelem sur son compte Twitter.\u00a0<\/p>\n<blockquote class=\"twitter-tweet\">\n<p lang=\"en\" dir=\"ltr\">But the way Naomi handled it in the end, was a little \ud83d\ude33 . When u think about all the things she has gone thru, the big matches she\u2019s won, that was a capi\u00adtu\u00adla\u00adtion &amp; the speech\ud83d\ude33! 2 not congra\u00adtu\u00adlate Vicky, who\u2019s looked up to u her whole career &amp; just won this massive \ud83c\udfc6 was\u00a0sad.<\/p>\n<p>\u2014 Rennae Stubbs \u2648\ufe0f (@rennaestubbs) <a href=\"https:\/\/twitter.com\/rennaestubbs\/status\/1953621932986806491?ref_src=twsrc%5Etfw\" data-wpel-link=\"external\" target=\"_blank\" rel=\"nofollow external noopener\">August 8,\u00a02025<\/a><\/p><\/blockquote>\n<p><strong>\u00ab\u202fMais la fa\u00e7on dont Naomi a g\u00e9r\u00e9 la situa\u00adtion \u00e0 la fin \u00e9tait un peu surpre\u00adnante. Quand on pense \u00e0 tout ce qu\u2019elle a travers\u00e9, les grands matchs qu\u2019elle a gagn\u00e9s, c\u2019\u00e9tait une capi\u00adtu\u00adla\u00adtion &amp; le discours\u202f! Ne pas f\u00e9li\u00adciter Vicky, qui t\u2019a admir\u00e9e toute sa carri\u00e8re &amp; qui vient de remporter ce gigan\u00adtesque, c\u2019\u00e9tait triste.\u202f\u00bb<\/strong><\/p>\n<p class=\"post-published-date\" style=\"color: silver; font-size: 75%; text-align: left;\">Publi\u00e9 le vendredi 8 ao\u00fbt 2025 \u00e0 18:33<\/p>\n<p><script async src=\"https:\/\/platform.twitter.com\/widgets.js\" charset=\"utf-8\"><\/script><\/p>\n","protected":false},"excerpt":{"rendered":"Si on peut ais\u00e9\u00adment comprendre que Naomi Osaka \u00e9tait extr\u00ea\u00adme\u00adment d\u00e9\u00e7ue apr\u00e8s sa d\u00e9faite en finale du WTA&hellip;\n","protected":false},"author":2,"featured_media":304821,"comment_status":"","ping_status":"","sticky":false,"template":"","format":"standard","meta":{"footnotes":""},"categories":[1415],"tags":[1011,27,8447,60,1467],"class_list":{"0":"post-305664","1":"post","2":"type-post","3":"status-publish","4":"format-standard","5":"has-post-thumbnail","7":"category-tennis","8":"tag-fr","9":"tag-france","10":"tag-osaka","11":"tag-sports","12":"tag-tennis"},"share_on_mastodon":{"url":"https:\/\/pubeurope.com\/@fr\/114994529096684071","error":""},"_links":{"self":[{"href":"https:\/\/www.europesays.com\/fr\/wp-json\/wp\/v2\/posts\/305664","targetHints":{"allow":["GET"]}}],"collection":[{"href":"https:\/\/www.europesays.com\/fr\/wp-json\/wp\/v2\/posts"}],"about":[{"href":"https:\/\/www.europesays.com\/fr\/wp-json\/wp\/v2\/types\/post"}],"author":[{"embeddable":true,"href":"https:\/\/www.europesays.com\/fr\/wp-json\/wp\/v2\/users\/2"}],"replies":[{"embeddable":true,"href":"https:\/\/www.europesays.com\/fr\/wp-json\/wp\/v2\/comments?post=305664"}],"version-history":[{"count":0,"href":"https:\/\/www.europesays.com\/fr\/wp-json\/wp\/v2\/posts\/305664\/revisions"}],"wp:featuredmedia":[{"embeddable":true,"href":"https:\/\/www.europesays.com\/fr\/wp-json\/wp\/v2\/media\/304821"}],"wp:attachment":[{"href":"https:\/\/www.europesays.com\/fr\/wp-json\/wp\/v2\/media?parent=305664"}],"wp:term":[{"taxonomy":"category","embeddable":true,"href":"https:\/\/www.europesays.com\/fr\/wp-json\/wp\/v2\/categories?post=305664"},{"taxonomy":"post_tag","embeddable":true,"href":"https:\/\/www.europesays.com\/fr\/wp-json\/wp\/v2\/tags?post=305664"}],"curies":[{"name":"wp","href":"https:\/\/api.w.org\/{rel}","templated":true}]}}