{"id":305667,"date":"2025-08-08T18:22:07","date_gmt":"2025-08-08T18:22:07","guid":{"rendered":"https:\/\/www.europesays.com\/fr\/305667\/"},"modified":"2025-08-08T18:22:07","modified_gmt":"2025-08-08T18:22:07","slug":"decouvrir-une-autre-facon-de-voir-du-foot-le-streamer-zack-nani-recupere-les-droits-de-diffusion-de-la-saudi-pro-league-lequipe","status":"publish","type":"post","link":"https:\/\/www.europesays.com\/fr\/305667\/","title":{"rendered":"\u00ab D\u00e9couvrir une autre fa\u00e7on de voir du foot \u00bb : le streamer Zack Nani r\u00e9cup\u00e8re les droits de diffusion de la Saudi Pro League &#8211; L&#039;\u00c9quipe"},"content":{"rendered":"<ol>\n<li><a href=\"https:\/\/news.google.com\/rss\/articles\/CBMi_gFBVV95cUxOTjNrd1BMOHhJQ0ctMnllV2dodVlmRFlmS2hLN3B5LUduMC1ILVBtTkhCOFU4aHdFSm9rVlc2Z25EN0E4MDA4OHFkelhQSm0tRWFxb3BleFFSYmdtWHBDMzFySGU2OEZFdWwyc0s3Yk1BZGY0R0VudWkwTDB5SU00ZTVwS3ZRYzVnUUZXNDByVXd0NmxRNkVZckNEcFRWOWZCSUIydXVDWThGZ0htYWdNNzNacDFJcmJKeEw3bFJrb19obnVELTN5QVV3SmV5R2lJcHNnQ2JXYkN5eE1lc2o5bGh6bGhzU1A4WFhsWmlaZnpHSWdxU3Blck1PczNFUQ?oc=5\" target=\"_blank\" rel=\"nofollow noopener\">\u00ab D\u00e9couvrir une autre fa\u00e7on de voir du foot \u00bb : le streamer Zack Nani r\u00e9cup\u00e8re les droits de diffusion de la Saudi Pro League<\/a>&nbsp;&nbsp;L&rsquo;\u00c9quipe<\/li>\n<li><a href=\"https:\/\/news.google.com\/rss\/articles\/CBMipgFBVV95cUxNT1cwVWkwLVlYU1BaVnF4WGx6WnNya0QzWkJDX2xud1N6TnZwbmFza2c1UkhjSElTT1Z6bWUxTkNZY1JhLXRqWkI4dkc5cGNpajlTcnZUb19sQTRGOXNPVG8wZ0FGNVU3eEVIRkhmenVkQjAxRHF5M1c2bDRpaFI2ZFpjNl9ETFNGQ2EzV3ZPYXBLR0l2MTdKT1d4bVJ2RlNoU3ExWUR3?oc=5\" target=\"_blank\" rel=\"nofollow noopener\">La Saudi Pro League diffus\u00e9e par le streamer Zack Nani<\/a>&nbsp;&nbsp;Foot Mercato<\/li>\n<li><a href=\"https:\/\/news.google.com\/rss\/articles\/CBMikAJBVV95cUxPaGtiaVZjUnZMbGJ2Nnk4Q0hkeGJwVnZsQ3J3cHJyMklSRk50Q1BHTnhTc2Y1NUthRG1zRXNCZEZ3Ri1oSFZSeEFxOFJoN3NqY3R3UzVDUk45ZldTWkNPLUYzZGZ2bV9lN2NWRTZnZC1RWFg5SVRvaVhvdTFuZWZhTFNWT1pBTFdZcmFqVkNRdWl4T1otdjBwN0RhMlIyVHdGbFR4TXBvb2tfbmxQUGFMS3pRYmdkem9GVTJfQWhpN2hEc01nX1VxSzdTZ0hyNlVJekNKUWRQMWlFb0EzLWJQWWNfdnBFSF9yNXVKZHY4MjM3cm5xamhsamktMFppdDBkTTRCRVZKYWhzS1ZJa1cxcw?oc=5\" target=\"_blank\" rel=\"nofollow noopener\">Football : apr\u00e8s deux mornes saisons sur Canal +, le championnat saoudien n\u2019a plus de diffuseur en France<\/a>&nbsp;&nbsp;Le Parisien<\/li>\n<li><a href=\"https:\/\/news.google.com\/rss\/articles\/CBMivwJBVV95cUxOQTZYTjNGQW9rTlNpTFFER09RR3lsV2R5THNMdDk5R1Zmbnc1TjcwbTdmeG9mbFZVQ2JXb3ZidzFITjRKMHlQNUgtN2xmSVJvbTBYblVhVC0yNE1aUjdNNUhaelBPTEw2Q2ZHbDhaYlZmWWVuU2xjQXZCWWZma3VOODJfUWtYZzk3ajFLRFM5QjBOR18tSVk1TkZobXpGanlyYXhWMDcxREVnbW4tOERWWEtOVXVpYUZ2QkJOeXBHREg0MTRsT3J4VVBSMHZUZGVDOW5RblF2d19FZEhablFwQlQ2eTE1UkU2OU9aeGdaRUNvQTczdE9POWJqaFYyNm9QZ3RYNWEtMGpQdkJfRW1qWW9EcnVTVW14WExhNGREZUdCbTdTUE9PWHlTS0EyNGx2SDhfQnFpbXZES1RNb2g0?oc=5\" target=\"_blank\" rel=\"nofollow noopener\">\u00ab\u00a0Proposer une alternative aux mod\u00e8les classiques de diffusion\u00a0\u00bb: le championnat saoudien sera diffus\u00e9&#8230; sur les cha\u00eenes Twitch et Youtube de Zach Nani<\/a>&nbsp;&nbsp;RMC Sport<\/li>\n<li><a href=\"https:\/\/news.google.com\/rss\/articles\/CBMiiAFBVV95cUxNN25jazQyeTRTZVpKc01DdU43ZTFPOTBFTDFTZkZzSHBMT2VwZFdUMUJCYUFnT29RZ3lDMEdiczFOb1p2RjZodDlGOVE2YlhOejBwWU96VEZnWC1UWkJwZzRQUXRUbk03SF8wYVpFc096eXN1WENSQ1RtXzJVeklCTnJVcVVTTmxf?oc=5\" target=\"_blank\" rel=\"nofollow noopener\">Saudi Pro League : Le calendrier de la saison d\u00e9voil\u00e9<\/a>&nbsp;&nbsp;AfricaFootUnited<\/li>\n<\/ol>\n","protected":false},"excerpt":{"rendered":"\u00ab D\u00e9couvrir une autre fa\u00e7on de voir du foot \u00bb : le streamer Zack Nani r\u00e9cup\u00e8re les droits&hellip;\n","protected":false},"author":2,"featured_media":1445,"comment_status":"","ping_status":"","sticky":false,"template":"","format":"standard","meta":{"footnotes":""},"categories":[1412],"tags":[1451,1452,1453,1454,1455,1011,27,60],"class_list":{"0":"post-305667","1":"post","2":"type-post","3":"status-publish","4":"format-standard","5":"has-post-thumbnail","7":"category-f1","8":"tag-f1","9":"tag-formula-1","10":"tag-formula1","11":"tag-formule-1","12":"tag-formule1","13":"tag-fr","14":"tag-france","15":"tag-sports"},"share_on_mastodon":{"url":"https:\/\/pubeurope.com\/@fr\/114994540955829080","error":""},"_links":{"self":[{"href":"https:\/\/www.europesays.com\/fr\/wp-json\/wp\/v2\/posts\/305667","targetHints":{"allow":["GET"]}}],"collection":[{"href":"https:\/\/www.europesays.com\/fr\/wp-json\/wp\/v2\/posts"}],"about":[{"href":"https:\/\/www.europesays.com\/fr\/wp-json\/wp\/v2\/types\/post"}],"author":[{"embeddable":true,"href":"https:\/\/www.europesays.com\/fr\/wp-json\/wp\/v2\/users\/2"}],"replies":[{"embeddable":true,"href":"https:\/\/www.europesays.com\/fr\/wp-json\/wp\/v2\/comments?post=305667"}],"version-history":[{"count":0,"href":"https:\/\/www.europesays.com\/fr\/wp-json\/wp\/v2\/posts\/305667\/revisions"}],"wp:featuredmedia":[{"embeddable":true,"href":"https:\/\/www.europesays.com\/fr\/wp-json\/wp\/v2\/media\/1445"}],"wp:attachment":[{"href":"https:\/\/www.europesays.com\/fr\/wp-json\/wp\/v2\/media?parent=305667"}],"wp:term":[{"taxonomy":"category","embeddable":true,"href":"https:\/\/www.europesays.com\/fr\/wp-json\/wp\/v2\/categories?post=305667"},{"taxonomy":"post_tag","embeddable":true,"href":"https:\/\/www.europesays.com\/fr\/wp-json\/wp\/v2\/tags?post=305667"}],"curies":[{"name":"wp","href":"https:\/\/api.w.org\/{rel}","templated":true}]}}