{"id":305674,"date":"2025-08-08T18:27:13","date_gmt":"2025-08-08T18:27:13","guid":{"rendered":"https:\/\/www.europesays.com\/fr\/305674\/"},"modified":"2025-08-08T18:27:13","modified_gmt":"2025-08-08T18:27:13","slug":"aime-la-plagne-premiere-edition-du-salon-du-livre-plumes-et-pinceaux","status":"publish","type":"post","link":"https:\/\/www.europesays.com\/fr\/305674\/","title":{"rendered":"Aime-la-Plagne. Premi\u00e8re \u00e9dition du salon du livre Plumes et pinceaux"},"content":{"rendered":"<p>Le premier Salon du livre et des arts d\u2019Aime affiche un programme riche, avec pas moins de 46 exposants pr\u00e9sentant leurs cr\u00e9ations artistiques et litt\u00e9raires. Gilles Leblais, parrain de l\u2019\u00e9v\u00e9nement, ouvrira les festivit\u00e9s avec la projection de son film Un autre regard sur la biodiversit\u00e9 des jardins, en pr\u00e9sence de l\u2019\u00e9quipe. Dimanche, place aux \u00e9changes entre les auteurs, les artistes et le public.<\/p>\n<p class=\"note\">Festival litt\u00e9raire. Samedi\u00a09 et dimanche 10\u00a0ao\u00fbt. S\u00e9ance cin\u00e9ma samedi \u00e0 20\u00a0h\u00a030. Acc\u00e8s libre. Plus d\u2019informations sur www.la-plagne.com et aupr\u00e8s de l\u2019office de tourisme au 04\u00a079\u00a055\u00a067\u00a000.<\/p>\n","protected":false},"excerpt":{"rendered":"Le premier Salon du livre et des arts d\u2019Aime affiche un programme riche, avec pas moins de 46&hellip;\n","protected":false},"author":2,"featured_media":305675,"comment_status":"","ping_status":"","sticky":false,"template":"","format":"standard","meta":{"footnotes":""},"categories":[1357],"tags":[44557,34503,1379,1687,58,7003,59,1011,27,1380],"class_list":{"0":"post-305674","1":"post","2":"type-post","3":"status-publish","4":"format-standard","5":"has-post-thumbnail","7":"category-livres","8":"tag-aime-la-plagne","9":"tag-beaufortain","10":"tag-books","11":"tag-culture-loisirs","12":"tag-divertissement","13":"tag-edition-tarentaise-maurienne","14":"tag-entertainment","15":"tag-fr","16":"tag-france","17":"tag-livres"},"share_on_mastodon":{"url":"https:\/\/pubeurope.com\/@fr\/114994560654722897","error":""},"_links":{"self":[{"href":"https:\/\/www.europesays.com\/fr\/wp-json\/wp\/v2\/posts\/305674","targetHints":{"allow":["GET"]}}],"collection":[{"href":"https:\/\/www.europesays.com\/fr\/wp-json\/wp\/v2\/posts"}],"about":[{"href":"https:\/\/www.europesays.com\/fr\/wp-json\/wp\/v2\/types\/post"}],"author":[{"embeddable":true,"href":"https:\/\/www.europesays.com\/fr\/wp-json\/wp\/v2\/users\/2"}],"replies":[{"embeddable":true,"href":"https:\/\/www.europesays.com\/fr\/wp-json\/wp\/v2\/comments?post=305674"}],"version-history":[{"count":0,"href":"https:\/\/www.europesays.com\/fr\/wp-json\/wp\/v2\/posts\/305674\/revisions"}],"wp:featuredmedia":[{"embeddable":true,"href":"https:\/\/www.europesays.com\/fr\/wp-json\/wp\/v2\/media\/305675"}],"wp:attachment":[{"href":"https:\/\/www.europesays.com\/fr\/wp-json\/wp\/v2\/media?parent=305674"}],"wp:term":[{"taxonomy":"category","embeddable":true,"href":"https:\/\/www.europesays.com\/fr\/wp-json\/wp\/v2\/categories?post=305674"},{"taxonomy":"post_tag","embeddable":true,"href":"https:\/\/www.europesays.com\/fr\/wp-json\/wp\/v2\/tags?post=305674"}],"curies":[{"name":"wp","href":"https:\/\/api.w.org\/{rel}","templated":true}]}}