{"id":305676,"date":"2025-08-08T18:28:17","date_gmt":"2025-08-08T18:28:17","guid":{"rendered":"https:\/\/www.europesays.com\/fr\/305676\/"},"modified":"2025-08-08T18:28:17","modified_gmt":"2025-08-08T18:28:17","slug":"fred-est-sain-et-sauf-ludo-est-le-tueur-en-serie-le-resume-de-lepisode-2006-du-lundi-11-aout-2025","status":"publish","type":"post","link":"https:\/\/www.europesays.com\/fr\/305676\/","title":{"rendered":"Fred est sain et sauf, Ludo est le tueur en s\u00e9rie&#8230; Le r\u00e9sum\u00e9 de l&rsquo;\u00e9pisode 2006 du lundi 11 ao\u00fbt 2025"},"content":{"rendered":"<p>Dans l&rsquo;\u00e9pisode 2006 de Demain nous appartient, de ce lundi 11 ao\u00fbt 2025 sur TF1, alors que Chlo\u00e9 s&rsquo;inqui\u00e8te pour Diego, un suspect est interpell\u00e9\u2026 mais ce n\u2019est pas le tueur ! Fred d\u00e9couvre l&rsquo;identit\u00e9 de son agresseur, et le tueur en s\u00e9rie n\u2019est autre que\u2026 Ludo.<\/p>\n<p><b>Lundi 11\u00a0ao\u00fbt 2025, dans l&rsquo;\u00e9pisode 2006 de <\/b><b>Demain nous appartient<\/b>, avec <a href=\"https:\/\/www.programme-tv.net\/news\/series-tv\/384286-demain-nous-appartient-on-connait-la-date-d-arrivee-d-ambroise-michel-dans-la-serie-de-tf1\/\" data-api-deeplink=\"teleloisirs:\/\/news\/384286\" target=\"_blank\" rel=\"noopener\">l&rsquo;arriv\u00e9e d&rsquo;Ambroise Michel<\/a> et<a href=\"https:\/\/www.programme-tv.net\/news\/series-tv\/384839-apres-j-ai-fini-sur-martin-constant-franck-monsigny-revele-cet-autre-role-quil-devait-initialement-jouer-dans-demain-nous-appartient\/\" data-api-deeplink=\"teleloisirs:\/\/news\/384839\" target=\"_blank\" rel=\"noopener\"> Franck Monsigny qui r\u00e9v\u00e8le cet autre r\u00f4le qu\u2019il devait initialement jouer<\/a>.  Alors que le tueur en s\u00e9rie court toujours, Chlo\u00e9 s&rsquo;inqui\u00e8te pour Diego. Ce dernier retrouve Maud, et ensemble, ils surprennent un individu au comportement suspect, en plein pr\u00e9paratifs au dessus d&rsquo;une boutique. Pensant qu\u2019il s\u2019agit du meurtrier, Maud pr\u00e9vient Martin, qui d\u00e9p\u00eache aussit\u00f4t une patrouille. Nordine et Aurore l&rsquo;arr\u00eate. Mais l\u2019homme interpell\u00e9 est juste un militant \u00e9cologiste et il a des alibis solides : ce n\u2019est donc pas le tueur.<\/p>\n<p><b>Demain nous appartient<\/b><b> en avance\u00a0: Ludo est le tueur en s\u00e9rie<\/b><\/p>\n<p>De son c\u00f4t\u00e9, Fred, qui se remet bien, d\u00e9couvre que <a href=\"https:\/\/www.programme-tv.net\/news\/series-tv\/384957-demain-nous-appartient-en-avance-accuse-d-etre-le-tueur-en-serie-fred-se-fait-tirer-dessus-par-le-pere-de-la-victime-le-resume-de-l-episode-2005-du-vendredi-8-aout-2025\/\" data-api-deeplink=\"teleloisirs:\/\/news\/384957\" target=\"_blank\" rel=\"noopener\">l\u2019homme qui lui a tir\u00e9 dessus<\/a> n\u2019est autre que le p\u00e8re de la premi\u00e8re victime du tueur en s\u00e9rie, influenc\u00e9 par une fausse information diffus\u00e9e en ligne. Fred confirme \u00e0 Ludo que c\u2019est bien Victoire qui l\u2019a d\u00e9nonc\u00e9 \u00e0 la police. Furieux, Ludo confronte Victoire, qui tombe des nues. La tension monte entre Victoire et Fred, alors que Marine, elle, se rapproche \u00e0 nouveau de lui. Le soir venu, on d\u00e9couvre que le tueur en s\u00e9rie n\u2019est autre que\u2026 Ludo.<\/p>\n<p>                        <b>Demain nous appartient<\/b><b> en avance\u00a0: Annie se dispute avec Alain<\/b><\/p>\n<p>Pendant ce temps, Sylvain rechigne \u00e0 rendre service \u00e0 Annie, mais finit par c\u00e9der face \u00e0 l&rsquo;insistance de Christelle. Il l\u2019emm\u00e8ne en ville, mais sur la route, Karim l&rsquo;appelle pour une urgence. Sylvain h\u00e9site, mais Annie l&rsquo;encourage \u00e0 accepter et promet de patienter dans la camionnette. Mais alors qu\u2019il est chez Karim, Annie se dispute avec Alain qu&rsquo;elle a renvers\u00e9 en ouvrant sa porti\u00e8re. Elle n\u2019est donc pas aussi zen qu\u2019elle le pr\u00e9tend. Pourtant, en racontant sa journ\u00e9e \u00e0 Christelle, elle d\u00e9fend Sylvain, qui admet finalement qu\u2019elle n\u2019est pas si d\u00e9sagr\u00e9able que \u00e7a.<\/p>\n<p><b>Demain nous appartient<\/b><b> en avance\u00a0: Laurie soign\u00e9e par William<\/b><\/p>\n<p>Laurie propose \u00e0 Bart de partir en week-end, il refuse trop occup\u00e9 avec son bar. Le g\u00e9rant du Spoon lui conseille de consulter \u00e0 l\u2019h\u00f4pital pour ses plaques rouges \u00e0 la main. Lors de sa visite, elle tente de s\u00e9duire William, qui d\u00e9samorce la situation avec humour. Ensuite, Laurie laisse un message vocal \u00e0 Bart\u2026 Visiblement, elle ne compte pas s\u2019arr\u00eater l\u00e0.<\/p>\n","protected":false},"excerpt":{"rendered":"Dans l&rsquo;\u00e9pisode 2006 de Demain nous appartient, de ce lundi 11 ao\u00fbt 2025 sur TF1, alors que Chlo\u00e9&hellip;\n","protected":false},"author":2,"featured_media":305677,"comment_status":"","ping_status":"","sticky":false,"template":"","format":"standard","meta":{"footnotes":""},"categories":[1356],"tags":[244,3598,5247,58,59,1011,27,5250,5249,5248,5246,5252,252,199,5251,1364],"class_list":{"0":"post-305676","1":"post","2":"type-post","3":"status-publish","4":"format-standard","5":"has-post-thumbnail","7":"category-television","8":"tag-commentaire","9":"tag-demain-nous-appartient","10":"tag-demain-nous-appartient-en-avance","11":"tag-divertissement","12":"tag-entertainment","13":"tag-fr","14":"tag-france","15":"tag-lorie","16":"tag-mytf1-max","17":"tag-ru00e9sumu00e9-demain-nous-appartient","18":"tag-ru00e9sumu00e9-en-avance-demain-nous-appartient","19":"tag-su00e9ries-mania","20":"tag-television","21":"tag-tf1","22":"tag-tu00e9lu00e9-loisirs","23":"tag-tv"},"share_on_mastodon":{"url":"https:\/\/pubeurope.com\/@fr\/114994565277578403","error":""},"_links":{"self":[{"href":"https:\/\/www.europesays.com\/fr\/wp-json\/wp\/v2\/posts\/305676","targetHints":{"allow":["GET"]}}],"collection":[{"href":"https:\/\/www.europesays.com\/fr\/wp-json\/wp\/v2\/posts"}],"about":[{"href":"https:\/\/www.europesays.com\/fr\/wp-json\/wp\/v2\/types\/post"}],"author":[{"embeddable":true,"href":"https:\/\/www.europesays.com\/fr\/wp-json\/wp\/v2\/users\/2"}],"replies":[{"embeddable":true,"href":"https:\/\/www.europesays.com\/fr\/wp-json\/wp\/v2\/comments?post=305676"}],"version-history":[{"count":0,"href":"https:\/\/www.europesays.com\/fr\/wp-json\/wp\/v2\/posts\/305676\/revisions"}],"wp:featuredmedia":[{"embeddable":true,"href":"https:\/\/www.europesays.com\/fr\/wp-json\/wp\/v2\/media\/305677"}],"wp:attachment":[{"href":"https:\/\/www.europesays.com\/fr\/wp-json\/wp\/v2\/media?parent=305676"}],"wp:term":[{"taxonomy":"category","embeddable":true,"href":"https:\/\/www.europesays.com\/fr\/wp-json\/wp\/v2\/categories?post=305676"},{"taxonomy":"post_tag","embeddable":true,"href":"https:\/\/www.europesays.com\/fr\/wp-json\/wp\/v2\/tags?post=305676"}],"curies":[{"name":"wp","href":"https:\/\/api.w.org\/{rel}","templated":true}]}}