{"id":305689,"date":"2025-08-08T18:35:10","date_gmt":"2025-08-08T18:35:10","guid":{"rendered":"https:\/\/www.europesays.com\/fr\/305689\/"},"modified":"2025-08-08T18:35:10","modified_gmt":"2025-08-08T18:35:10","slug":"immobilier-faut-il-sattendre-a-des-surprises-sur-les-prix-selon-les-regions-dici-fin-2025","status":"publish","type":"post","link":"https:\/\/www.europesays.com\/fr\/305689\/","title":{"rendered":"Immobilier : faut-il s&rsquo;attendre \u00e0 des surprises sur les prix selon les r\u00e9gions d&rsquo;ici fin 2025 ?"},"content":{"rendered":"<p>Lorsque l&rsquo;on \u00e9voque l&rsquo;\u00e9volution des prix de l&rsquo;immobilier en France, nombreux sont ceux qui imaginent un mouvement d&rsquo;ensemble, presque m\u00e9canique, comme une mar\u00e9e qui monte ou descend partout \u00e0 la m\u00eame heure. Or, derri\u00e8re les apparences d&rsquo;une certaine stabilit\u00e9 nationale, se cachent en r\u00e9alit\u00e9 de profondes disparit\u00e9s territoriales. \u00c0 l&rsquo;heure o\u00f9 2025 approche \u00e0 grands pas, la question se pose : faut-il s&rsquo;attendre \u00e0 de v\u00e9ritables surprises sur les prix selon les r\u00e9gions ? Un march\u00e9 \u00e0 deux vitesses est-il en train de se dessiner, au gr\u00e9 des opportunit\u00e9s, des coups de frein et des nouveaux \u00e9quilibres ? Autant de points \u00e0 d\u00e9crypter pour distinguer les illusions d&rsquo;optique des vrais mouvements de fond\u2026 La r\u00e9alit\u00e9 immobili\u00e8re n&rsquo;a jamais \u00e9t\u00e9 aussi contrast\u00e9e.<\/p>\n<p>Derri\u00e8re la fa\u00e7ade de stabilit\u00e9 : pourquoi la tendance nationale ne refl\u00e8te pas la r\u00e9alit\u00e9 locale<\/p>\n<p>La m\u00e9t\u00e9o immobili\u00e8re nationale annonce un retour \u00e0 l&rsquo;\u00e9quilibre : apr\u00e8s le repli marqu\u00e9 de 2023 et 2024, la hausse attendue d&rsquo;environ <strong>1 % \u00e0 2 % sur l&rsquo;ensemble de 2025<\/strong> s&rsquo;apparente \u00e0 une \u00e9claircie bienvenue. Mais attention aux effets de loupe ! Les chiffres globaux masquent des \u00e9carts qui se creusent entre les territoires, comme si l&rsquo;Hexagone se fragmentait en <strong>plusieurs march\u00e9s distincts<\/strong>.<\/p>\n<p>Certes, pr\u00e8s de <strong>900 000 transactions par an<\/strong> t\u00e9moignent d&rsquo;un rebond tant attendu. Cependant, ce flux ne r\u00e9v\u00e8le rien de la r\u00e9alit\u00e9 du terrain : d&rsquo;une ville \u00e0 l&rsquo;autre, d&rsquo;une commune \u00e0 la suivante, la chasse aux bonnes affaires peut se transformer en mission impossible\u2026 ou d\u00e9voiler des <strong>poches d&rsquo;opportunit\u00e9s insoup\u00e7onn\u00e9es<\/strong>.<\/p>\n<p>Ce grand \u00e9cart ne doit rien au hasard. <strong>L&#8217;emploi local, la vitalit\u00e9 \u00e9conomique, la pr\u00e9sence d&rsquo;infrastructures<\/strong> comme le nouveau m\u00e9tro du Grand Paris ou la desserte TGV font toute la diff\u00e9rence. Attractivit\u00e9 scolaire, loisirs, qualit\u00e9 de vie\u2026 constituent \u00e9galement des moteurs puissants pour dynamiser, ou freiner, l&rsquo;\u00e9volution des prix. Autant d&rsquo;\u00e9l\u00e9ments qui expliquent pourquoi une stabilisation nationale n&rsquo;a rien d&rsquo;une promesse homog\u00e8ne.<\/p>\n<p>Des territoires qui r\u00e9sistent : le pari gagnant des villes dynamiques et littorales<\/p>\n<p>Malgr\u00e9 le reflux g\u00e9n\u00e9ral, certaines villes font preuve d&rsquo;une rare r\u00e9sistance, poursuivant leur ascension telle une \u00e9quipe qui ne l\u00e2che jamais l&rsquo;affaire. Ainsi, <strong>66 % des villes de province affichent une hausse des prix sur un an<\/strong>, avec un bond moyen de <strong>2 % \u00e0 6 %<\/strong> pour les appartements anciens. Cette vitalit\u00e9 est particuli\u00e8rement marqu\u00e9e dans les villes au c\u0153ur de bassins d&#8217;emplois ou dans celles o\u00f9 la population ne cesse de cro\u00eetre.<\/p>\n<p>Bordeaux, Toulouse, Strasbourg, Marseille, Montpellier : ces agglom\u00e9rations voient leurs prix progresser autour de <strong>+0,5 % \u00e0 +1 %<\/strong> sur un an, sans flamb\u00e9e spectaculaire mais sans coup d&rsquo;arr\u00eat non plus. Le littoral n&rsquo;est pas en reste : de la Bretagne \u00e0 la C\u00f4te basque, l&rsquo;attractivit\u00e9 touristique et la douceur de vivre continuent de <strong>soutenir la demande<\/strong>, notamment sur les biens rares.<\/p>\n<p>Le basculement post-covid y a laiss\u00e9 des traces ind\u00e9l\u00e9biles. Le t\u00e9l\u00e9travail, la recherche de verdure, la volont\u00e9 de se rapprocher de la mer ou de la montagne ont offert une visibilit\u00e9 nouvelle \u00e0 de nombreuses villes moyennes. Reims, La Rochelle, Angers ou Pau b\u00e9n\u00e9ficient encore de cette dynamique : <strong>d\u00e9m\u00e9nager pour mieux vivre<\/strong> n&rsquo;est plus un slogan publicitaire mais un vrai moteur d&rsquo;achat, qui red\u00e9finit l&rsquo;\u00e9quilibre local.<\/p>\n<p>Les zones fragilis\u00e9es : quand le march\u00e9 marque le pas et que la baisse s&rsquo;ancre dans la dur\u00e9e<\/p>\n<p>\u00c0 l&rsquo;inverse, certaines grandes m\u00e9tropoles abordent 2025 en freinant des quatre fers. <strong>\u00c0 Paris, le recul s&rsquo;att\u00e9nue mais reste r\u00e9el : \u20133 % sur 2024<\/strong>, dans un contexte de stagnation pronostiqu\u00e9e \u00e0 court terme. En \u00cele-de-France, la baisse r\u00e9cente (-3 % sur les maisons, \u20132,9 % sur les appartements) ralentit mais la reprise se fait attendre.<\/p>\n<p>Dans d&rsquo;autres agglom\u00e9rations o\u00f9 l&rsquo;offre exc\u00e8de d\u00e9sormais une demande locale en berne, les prix poursuivent leur correction. Les investisseurs et acheteurs avertis \u2013 ceux qui gardent la t\u00eate froide \u2013 commencent \u00e0 entrevoir des <strong>opportunit\u00e9s int\u00e9ressantes<\/strong>. Des secteurs entiers redeviennent abordables, redonnant de l&rsquo;air \u00e0 ceux qui pensaient l&rsquo;accession impossible. Bien s\u00fbr, tout d\u00e9pend de la localisation : l&rsquo;\u00e9cart se creuse entre m\u00e9tropoles &lsquo;premium&rsquo; et p\u00e9riph\u00e9ries moins tendues, o\u00f9 <strong>la baisse semble s&rsquo;installer durablement<\/strong>.<\/p>\n<p>Les causes de cette fragilisation sont multiples. D\u00e9sindustrialisation, attractivit\u00e9 moindre (transports, emploi), vieillissement d\u00e9mographique, ou manque d&rsquo;investissements publics : ces facteurs p\u00e8sent lourd dans la balance et risquent d&rsquo;amplifier les divergences au fil des trimestres \u00e0 venir.<\/p>\n<p>Vers une France immobili\u00e8re \u00e0 deux vitesses : ce que les acheteurs et vendeurs doivent anticiper d&rsquo;ici 2025<\/p>\n<p>Le paysage qui se dessine n&rsquo;est pas celui d&rsquo;une France immobili\u00e8re uniforme mais bien <strong>\u00e0 deux, voire trois vitesses<\/strong>. Une carte des variations s&rsquo;impose pour y voir plus clair :<\/p>\n<tr>\nTerritoire \/ Ville<br \/>\nTendances prix fin 2025<br \/>\n<\/tr>\n<tr>\n<td>Paris et petite couronne<\/td>\n<td>Stabilisation ou l\u00e9g\u00e8re baisse \u2013 red\u00e9marrage lent<\/td>\n<\/tr>\n<tr>\n<td>Province (villes moyennes)<\/td>\n<td>Hausse mod\u00e9r\u00e9e : +2 % en moyenne, jusqu&rsquo;\u00e0 +6 %<\/td>\n<\/tr>\n<tr>\n<td>Bordeaux, Toulouse, Strasbourg<\/td>\n<td>Hausse limit\u00e9e mais r\u00e9guli\u00e8re : +0,5 % \u00e0 +1 %<\/td>\n<\/tr>\n<tr>\n<td>R\u00e9gions littorales<\/td>\n<td>Stabilit\u00e9 \u00e0 mod\u00e9r\u00e9e hausse selon attractivit\u00e9 touristique<\/td>\n<\/tr>\n<tr>\n<td>Villes peu dynamiques<\/td>\n<td>Stagnation ou l\u00e9g\u00e8re baisse (offre sup\u00e9rieure \u00e0 la demande locale)<\/td>\n<\/tr>\n<p>Derri\u00e8re ces tendances : la cl\u00e9 r\u00e9side souvent dans <strong>l&rsquo;offre et la demande locales, la d\u00e9mographie et le tissu \u00e9conomique<\/strong>. M\u00eame les taux cr\u00e9dit immobilier, qui ont certes retrouv\u00e9 des niveaux plus raisonnables autour de 3,2 % d\u00e9but 2025, ne suffisent pas \u00e0 relancer uniform\u00e9ment tous les march\u00e9s. Seules les zones d\u00e9j\u00e0 attractives ou bien dot\u00e9es en infrastructures tirent leur \u00e9pingle du jeu.<\/p>\n<p>Pour qui souhaite acheter ou vendre d&rsquo;ici la fin 2025, la prudence et l&rsquo;information cibl\u00e9e sont plus que jamais essentielles. Observer la tendance du quartier, anticiper les projets d&rsquo;am\u00e9nagement, miser sur les villes \u00e0 l&rsquo;offre insuffisante\u2026 chacun peut aujourd&rsquo;hui <strong>ajuster sa strat\u00e9gie au plus pr\u00e8s du contexte local<\/strong> et \u00e9viter les faux pas. S&rsquo;adapter aux mutations r\u00e9gionales devient la cl\u00e9 pour r\u00e9ussir son projet immobilier !<\/p>\n<p>La France immobili\u00e8re de 2025 se conjugue au pluriel : si la stabilit\u00e9 nationale r\u00e8gne en apparence, les disparit\u00e9s territoriales s&rsquo;intensifient. Hausse ici, baisse l\u00e0, stagnation ailleurs : plus que jamais, la vigilance s&rsquo;impose pour qui souhaite profiter des divergences du march\u00e9. \u00c0 la cl\u00e9, des <strong>opportunit\u00e9s in\u00e9dites<\/strong> pour les observateurs les plus attentifs.<\/p>\n","protected":false},"excerpt":{"rendered":"Lorsque l&rsquo;on \u00e9voque l&rsquo;\u00e9volution des prix de l&rsquo;immobilier en France, nombreux sont ceux qui imaginent un mouvement d&rsquo;ensemble,&hellip;\n","protected":false},"author":2,"featured_media":305690,"comment_status":"","ping_status":"","sticky":false,"template":"","format":"standard","meta":{"footnotes":""},"categories":[6],"tags":[35,33,34,1011,27,56],"class_list":{"0":"post-305689","1":"post","2":"type-post","3":"status-publish","4":"format-standard","5":"has-post-thumbnail","7":"category-economie","8":"tag-business","9":"tag-economie","10":"tag-economy","11":"tag-fr","12":"tag-france","13":"tag-push"},"share_on_mastodon":{"url":"https:\/\/pubeurope.com\/@fr\/114994592069658198","error":""},"_links":{"self":[{"href":"https:\/\/www.europesays.com\/fr\/wp-json\/wp\/v2\/posts\/305689","targetHints":{"allow":["GET"]}}],"collection":[{"href":"https:\/\/www.europesays.com\/fr\/wp-json\/wp\/v2\/posts"}],"about":[{"href":"https:\/\/www.europesays.com\/fr\/wp-json\/wp\/v2\/types\/post"}],"author":[{"embeddable":true,"href":"https:\/\/www.europesays.com\/fr\/wp-json\/wp\/v2\/users\/2"}],"replies":[{"embeddable":true,"href":"https:\/\/www.europesays.com\/fr\/wp-json\/wp\/v2\/comments?post=305689"}],"version-history":[{"count":0,"href":"https:\/\/www.europesays.com\/fr\/wp-json\/wp\/v2\/posts\/305689\/revisions"}],"wp:featuredmedia":[{"embeddable":true,"href":"https:\/\/www.europesays.com\/fr\/wp-json\/wp\/v2\/media\/305690"}],"wp:attachment":[{"href":"https:\/\/www.europesays.com\/fr\/wp-json\/wp\/v2\/media?parent=305689"}],"wp:term":[{"taxonomy":"category","embeddable":true,"href":"https:\/\/www.europesays.com\/fr\/wp-json\/wp\/v2\/categories?post=305689"},{"taxonomy":"post_tag","embeddable":true,"href":"https:\/\/www.europesays.com\/fr\/wp-json\/wp\/v2\/tags?post=305689"}],"curies":[{"name":"wp","href":"https:\/\/api.w.org\/{rel}","templated":true}]}}