{"id":305691,"date":"2025-08-08T18:36:06","date_gmt":"2025-08-08T18:36:06","guid":{"rendered":"https:\/\/www.europesays.com\/fr\/305691\/"},"modified":"2025-08-08T18:36:06","modified_gmt":"2025-08-08T18:36:06","slug":"15-000-dollars-de-caution-pour-un-visa-les-etats-unis-testent-leur-politique-antimigratoire-en-afrique-australe-le-monde-fr","status":"publish","type":"post","link":"https:\/\/www.europesays.com\/fr\/305691\/","title":{"rendered":"15 000 dollars de caution pour un visa : les Etats-Unis testent leur politique antimigratoire en Afrique australe &#8211; Le Monde.fr"},"content":{"rendered":"<ol>\n<li><a href=\"https:\/\/news.google.com\/rss\/articles\/CBMi_wFBVV95cUxOZWVWb21NSU1GNVN0NWNzZzRJbUJCX05oRkx4LVZHWTBwM1pMQmNuOGp2UUtLeERvRHhNTHEyM2NZb2ZOeDc3akR1ZTlZNll5MEFnbHVuR1VPdmU0RWFidjVJbUZKbmxaeWdGLWc4MV9WeTBoV3p6NWVsMEkta1JmSGs4SHB4WXRmdnY5Um43RUM0LXdxaE1IVXJxeXZ5M2dDOXVBcVlOU0I5TG9EU1BNbFd6dTk0MUozc2tNQk9Ja0c3cFlMZktGdjc3ZEhsYXBpdG1tZ1AzVXA1X3h5TkNQcHpiaUhlb2xiTzVSSGt2M09NdTJKMno5RzlSQmp3cDQ?oc=5\" target=\"_blank\" rel=\"nofollow noopener\">15 000 dollars de caution pour un visa : les Etats-Unis testent leur politique antimigratoire en Afrique australe<\/a>&nbsp;&nbsp;Le Monde.fr<\/li>\n<li><a href=\"https:\/\/news.google.com\/rss\/articles\/CBMi7gFBVV95cUxQSFhuQzc5YWJQelpLdjBrWERzb0NYN1FhNWxPeC0wV2UxYXlqZjJyekhIb1FBUnIxWVdscFI1V3dLbno1bWlaNnIyZHdVSjg2YU94OUhXLW9CcE9MTDNNOVJESzNZeV9HVFRNb0lnVVplTFZsV3pSOFZyZ3pLUHZGZFA2TFNrRnhzektadnZReVNkTEpOQ0dQWG40RVVoRG9kb1dsTWRzV1JOUVBlVzVOVEJfZUZhWDloZEh2cXRiR2ZpYU82MTBGczZUajJLRGtjNTZOSmVuUzlkSnpVak15bVRLcEhQNHcyVXp2Nmdn?oc=5\" target=\"_blank\" rel=\"nofollow noopener\">Visa am\u00e9ricain: certains ressortissants africains devront bient\u00f4t payer jusqu&rsquo;\u00e0 15000 dollars de caution<\/a>&nbsp;&nbsp;RFI<\/li>\n<li><a href=\"https:\/\/news.google.com\/rss\/articles\/CBMizwFBVV95cUxPRlI3VnllU3kxOUxvSjRLNXRGR0dRcWVldDU3RzhDRVBWZURkd0R5czhvRkV6bUF5YzE0Qm13NzFoNGl2azRwUHMzMUlDTl9FLU9YbUwyM1VrdFFEVmN2RUxKWGstdXBMYnBwTTYwUkJ5RmxEV1cxdkd3MXlhaWkxN0dlYWREN3NqbnFDLTJOc2RxZC03VEJDU1QwckVrZWtDWjRWalM1N0JZZEVFc2d1elY0dDZ4bTVNbHFSU3czMlFJcjRoN1JuZ1VkUjZMXzQ?oc=5\" target=\"_blank\" rel=\"nofollow noopener\">\u00c9tats-Unis \u2013 Afrique : apr\u00e8s le \u00ab Travel Ban \u00bb, Donald Trump propose des visas \u00e0 15 000 dollars<\/a>&nbsp;&nbsp;Jeune Afrique<\/li>\n<li><a href=\"https:\/\/news.google.com\/rss\/articles\/CBMi4AFBVV95cUxQNDl3eW9TaDBEVUFUWFZhaVlYUnBURGptRzlucE1WZFN6V1FXYlNIQXh2MnNWUDdIcEx3RTNSUUZxZjY2Q3NCdlBCMUItV19xOGcycF81bXM1Q2xYemc1c1V6dC05Z3JteVRQX0dqa2xVTzVnRlRzdndiTVdmLTZZRFJlVHdEQmRLSTk2Z2VQTGJ0YmQ4TFROcjg1cWFoWHU2Sm5zTzlsS052LTktb19FcV8ya3ZRMHBPUkFfUWFKSzJ2T1hKZ2t5X1ZudDg3Z2d3eVo2VkI0STRWTWlNNzZSNg?oc=5\" target=\"_blank\" rel=\"nofollow noopener\">Certains touristes et voyageurs d&rsquo;affaires paieront jusqu&rsquo;\u00e0 15.000 dollars pour entrer aux Etats-Unis<\/a>&nbsp;&nbsp;Les Echos<\/li>\n<li><a href=\"https:\/\/news.google.com\/rss\/articles\/CBMihwJBVV95cUxOQVQ4ZFdaZ25xaktxSVlKX2x4dWQtd1lMOUNpMk9iTHB5OXU1dkVPYjRWU2pGOTV2RHM4X3dlaXEtdEpndDhzdDd4QUxVa3dfUlFqZ3lSOTZYNjZtSWR1NlRRT1MwY3BOZlhja0t0TUZlMkRfcjY0eXA2YXkzR1NHSHB1cVdqTTV5ZVVZOUYwc2E0SFMzd0ZfN09hNFgzck9sZlJuQk5Qc3V1aEREUXRoSHlHLUhhVUJsZmNVT3hmdTgweFpfTmxJZDMwYmo2NVRYYzdjY2VLU2lBaEtkdDNnekpFMm1NU2VJNU1jdU9qZE11VmM4cXVvZzFkRzhnT1pnV2R5amVwWQ?oc=5\" target=\"_blank\" rel=\"nofollow noopener\">Un visa en \u00e9change d&rsquo;une caution de 15 000 dollars, la nouvelle mesure migratoire de l&rsquo;administration Trump<\/a>&nbsp;&nbsp;France Info<\/li>\n<\/ol>\n","protected":false},"excerpt":{"rendered":"15 000 dollars de caution pour un visa : les Etats-Unis testent leur politique antimigratoire en Afrique australe&nbsp;&nbsp;Le&hellip;\n","protected":false},"author":2,"featured_media":1445,"comment_status":"","ping_status":"","sticky":false,"template":"","format":"standard","meta":{"footnotes":""},"categories":[5],"tags":[11,1011,27,14,12,28],"class_list":{"0":"post-305691","1":"post","2":"type-post","3":"status-publish","4":"format-standard","5":"has-post-thumbnail","7":"category-international","8":"tag-actualites","9":"tag-fr","10":"tag-france","11":"tag-international","12":"tag-news","13":"tag-world"},"share_on_mastodon":{"url":"https:\/\/pubeurope.com\/@fr\/114994595972082773","error":""},"_links":{"self":[{"href":"https:\/\/www.europesays.com\/fr\/wp-json\/wp\/v2\/posts\/305691","targetHints":{"allow":["GET"]}}],"collection":[{"href":"https:\/\/www.europesays.com\/fr\/wp-json\/wp\/v2\/posts"}],"about":[{"href":"https:\/\/www.europesays.com\/fr\/wp-json\/wp\/v2\/types\/post"}],"author":[{"embeddable":true,"href":"https:\/\/www.europesays.com\/fr\/wp-json\/wp\/v2\/users\/2"}],"replies":[{"embeddable":true,"href":"https:\/\/www.europesays.com\/fr\/wp-json\/wp\/v2\/comments?post=305691"}],"version-history":[{"count":0,"href":"https:\/\/www.europesays.com\/fr\/wp-json\/wp\/v2\/posts\/305691\/revisions"}],"wp:featuredmedia":[{"embeddable":true,"href":"https:\/\/www.europesays.com\/fr\/wp-json\/wp\/v2\/media\/1445"}],"wp:attachment":[{"href":"https:\/\/www.europesays.com\/fr\/wp-json\/wp\/v2\/media?parent=305691"}],"wp:term":[{"taxonomy":"category","embeddable":true,"href":"https:\/\/www.europesays.com\/fr\/wp-json\/wp\/v2\/categories?post=305691"},{"taxonomy":"post_tag","embeddable":true,"href":"https:\/\/www.europesays.com\/fr\/wp-json\/wp\/v2\/tags?post=305691"}],"curies":[{"name":"wp","href":"https:\/\/api.w.org\/{rel}","templated":true}]}}