{"id":305692,"date":"2025-08-08T18:37:12","date_gmt":"2025-08-08T18:37:12","guid":{"rendered":"https:\/\/www.europesays.com\/fr\/305692\/"},"modified":"2025-08-08T18:37:12","modified_gmt":"2025-08-08T18:37:12","slug":"a-amiens-un-immeuble-seffondre-en-plein-centre-ville-des-recherches-en-cours","status":"publish","type":"post","link":"https:\/\/www.europesays.com\/fr\/305692\/","title":{"rendered":"\u00c0 Amiens, un immeuble s\u2019effondre en plein centre-ville, des recherches en cours"},"content":{"rendered":"<p>        <img decoding=\"async\" loading=\"lazy\" src=\"https:\/\/www.europesays.com\/fr\/wp-content\/uploads\/2025\/08\/a76dd5b_upload-1-qdeii4otl8lz-afp-20250630-6780032-v1-midres-6780032.jpg\"  width=\"728\" height=\"410\" alt=\"Photo d\u2019illustration de la maire d\u2019Amiens.\"\/>  <\/p>\n<p>PHILIPPE TURPIN \/ Photononstop via AFP<\/p>\n<p>Photo d\u2019illustration de la maire d\u2019Amiens.<\/p>\n<p class=\"asset asset-text\">FAITS DIVERS &#8211; Un drame \u00e9vit\u00e9 de peu. Un ancien h\u00f4tel s\u2019est effondr\u00e9 ce vendredi 8\u00a0ao\u00fbt en milieu de journ\u00e9e \u00e0 <a href=\"https:\/\/www.huffingtonpost.fr\/faits-divers\/article\/homme-eviscere-pres-d-amiens-le-suspect-mis-en-examen-pour-assassinat_253363.html\" rel=\"nofollow noopener\" target=\"_blank\">Amiens<\/a> pour des raisons encore inconnues, et les premi\u00e8res reconnaissances n\u2019ont d\u00e9tect\u00e9 aucune victime pour le moment, selon les pompiers et la pr\u00e9fecture.<\/p>\n<p class=\"asset asset-text\">Situ\u00e9 place-au-Feurre dans le centre-ville d\u2019Amiens, l\u2019ancien h\u00f4tel s\u2019est effondr\u00e9 \u00ab\u00a0vers midi\u00a0\u00bb, a indiqu\u00e9 le service d\u00e9partemental d\u2019incendie et de secours (Sdis) de la Somme, ajoutant que des op\u00e9rations de reconnaissances \u00e9taient en cours.<\/p>\n<p class=\"asset asset-text\">\u00ab\u00a0Les premi\u00e8res reconnaissances r\u00e9alis\u00e9es par les sapeurs-pompiers \u00e0 l\u2019aide de chiens de recherche ne d\u00e9tectent aucune victime \u00e0 ce stade, mais les op\u00e9rations d\u2019exploration se poursuivent pour confirmer ce bilan provisoire\u00a0\u00bb, a \u00e9crit un peu plus tard la pr\u00e9fecture de la Somme dans un communiqu\u00e9.<\/p>\n<p> La lecture de ce contenu est susceptible d\u2019entra\u00eener un d\u00e9p\u00f4t de cookies de la part de l\u2019op\u00e9rateur tiers qui l\u2019h\u00e9berge. Compte-tenu des choix que vous avez exprim\u00e9s en mati\u00e8re de d\u00e9p\u00f4t de cookies, nous avons bloqu\u00e9 l\u2019affichage de ce contenu. Si vous souhaitez y acc\u00e9der, vous devez accepter la cat\u00e9gorie de cookies \u201cContenus tiers\u201d en cliquant sur le bouton ci-dessous. <\/p>\n<p> Lire la Vid\u00e9o            <\/p>\n<p class=\"asset asset-text\">Cet \u00ab\u00a0ancien h\u00f4tel de tourisme serait inoccup\u00e9\u00a0\u00bb, selon les premi\u00e8res informations disponibles, a soulign\u00e9 la pr\u00e9fecture.<\/p>\n<p class=\"asset asset-text\">Des \u00e9quipes sp\u00e9cialis\u00e9es de sauvetage, dont une \u00e9quipe cynophile et une \u00e9quipe drones, ont \u00e9t\u00e9 d\u00e9ploy\u00e9es sur place, a pr\u00e9cis\u00e9 le Sdis, qui d\u00e9nombre 48 sapeurs-pompiers mobilis\u00e9s. \u00ab\u00a0Une trentaine de personnes\u00a0\u00bb r\u00e9sidant \u00e0 proximit\u00e9 de l\u2019immeuble ont \u00e9t\u00e9 \u00e9vacu\u00e9es par pr\u00e9caution et seront accueillies dans le gymnase \u00ab\u00a0dans l\u2019attente de savoir si leurs logements peuvent \u00eatre r\u00e9int\u00e9gr\u00e9s\u00a0\u00bb, a pr\u00e9cis\u00e9 le maire Hubert de\u00a0Jenlis sur X.<\/p>\n","protected":false},"excerpt":{"rendered":"PHILIPPE TURPIN \/ Photononstop via AFP Photo d\u2019illustration de la maire d\u2019Amiens. FAITS DIVERS &#8211; Un drame \u00e9vit\u00e9&hellip;\n","protected":false},"author":2,"featured_media":305693,"comment_status":"","ping_status":"","sticky":false,"template":"","format":"standard","meta":{"footnotes":""},"categories":[4],"tags":[11,24738,118,1011,27,1908,12,25],"class_list":{"0":"post-305692","1":"post","2":"type-post","3":"status-publish","4":"format-standard","5":"has-post-thumbnail","7":"category-france","8":"tag-actualites","9":"tag-amiens","10":"tag-faits-divers","11":"tag-fr","12":"tag-france","13":"tag-logement","14":"tag-news","15":"tag-republique-francaise"},"share_on_mastodon":{"url":"https:\/\/pubeurope.com\/@fr\/114994599993112152","error":""},"_links":{"self":[{"href":"https:\/\/www.europesays.com\/fr\/wp-json\/wp\/v2\/posts\/305692","targetHints":{"allow":["GET"]}}],"collection":[{"href":"https:\/\/www.europesays.com\/fr\/wp-json\/wp\/v2\/posts"}],"about":[{"href":"https:\/\/www.europesays.com\/fr\/wp-json\/wp\/v2\/types\/post"}],"author":[{"embeddable":true,"href":"https:\/\/www.europesays.com\/fr\/wp-json\/wp\/v2\/users\/2"}],"replies":[{"embeddable":true,"href":"https:\/\/www.europesays.com\/fr\/wp-json\/wp\/v2\/comments?post=305692"}],"version-history":[{"count":0,"href":"https:\/\/www.europesays.com\/fr\/wp-json\/wp\/v2\/posts\/305692\/revisions"}],"wp:featuredmedia":[{"embeddable":true,"href":"https:\/\/www.europesays.com\/fr\/wp-json\/wp\/v2\/media\/305693"}],"wp:attachment":[{"href":"https:\/\/www.europesays.com\/fr\/wp-json\/wp\/v2\/media?parent=305692"}],"wp:term":[{"taxonomy":"category","embeddable":true,"href":"https:\/\/www.europesays.com\/fr\/wp-json\/wp\/v2\/categories?post=305692"},{"taxonomy":"post_tag","embeddable":true,"href":"https:\/\/www.europesays.com\/fr\/wp-json\/wp\/v2\/tags?post=305692"}],"curies":[{"name":"wp","href":"https:\/\/api.w.org\/{rel}","templated":true}]}}