{"id":305696,"date":"2025-08-08T18:40:22","date_gmt":"2025-08-08T18:40:22","guid":{"rendered":"https:\/\/www.europesays.com\/fr\/305696\/"},"modified":"2025-08-08T18:40:22","modified_gmt":"2025-08-08T18:40:22","slug":"quelles-sont-les-forces-en-presence-en-ligue-2","status":"publish","type":"post","link":"https:\/\/www.europesays.com\/fr\/305696\/","title":{"rendered":"quelles sont les forces en pr\u00e9sence en Ligue 2"},"content":{"rendered":"<p>Une semaine avant le coup d\u2019envoi de la Ligue 1, le vendredi 15\u00a0ao\u00fbt, la Ligue 2 reprend ce samedi 8\u00a0ao\u00fbt 2025. Pas pour Boulogne-sur-Mer ni Bastia\u00a0: l\u2019affiche entre ces deux \u00e9quipes a, en effet, \u00e9t\u00e9 report\u00e9e au 16\u00a0septembre, <a target=\"_self\" href=\"https:\/\/www.lanouvellerepublique.fr\/sports\/ligue-2-boulogne-sur-mer-remplace-l-ac-ajaccio-1754569027\" rel=\"noopener\">Boulogne ayant \u00e9t\u00e9 rep\u00each\u00e9 au dernier moment<\/a> gr\u00e2ce \u00e0 la rel\u00e9gation administrative d\u2019Ajaccio\u2026<\/p>\n<p>Saint-\u00c9tienne lance, lui, ce samedi \u00e0 Laval une saison de Ligue 2 qu\u2019il esp\u00e8re conclure par une remont\u00e9e, apr\u00e8s un \u00e9t\u00e9 actif sur le march\u00e9 des transferts.\u00a0Les Verts, rel\u00e9gu\u00e9s au printemps apr\u00e8s avoir esp\u00e9r\u00e9 un miracle jusqu\u2019\u00e0 la derni\u00e8re journ\u00e9e, ont poursuivi leur recrutement cette semaine avec l\u2019arriv\u00e9e du d\u00e9fenseur portugais Joao Ferreira (Braga) et la signature d\u2019un tout jeune d\u00e9fenseur serbe, Strahinja Stojkovic (18\u00a0ans) vendredi.<\/p>\n<p>Saint-Etienne pouss\u00e9 par 20.000 abonn\u00e9s vers la Ligue 1<\/p>\n<p>\u00ab\u00a0On doit prendre conscience qu\u2019on est un gros club de notre championnat et que les \u00e9quipes vont nous attendre de pied ferme. Pour r\u00e9pondre \u00e0 \u00e7a, je veux nous voir dominateurs et entreprenants offensivement\u00a0\u00bb, a demand\u00e9 l\u2019entra\u00eeneur Eirik Horneland, qui a conserv\u00e9 son poste malgr\u00e9 la descente.<\/p>\n<p>20.000<\/p>\n<p>C\u2019est le nombre d\u2019abonnements enregistr\u00e9s pour cette saison 2025-2026 par l\u2019AS Saint-Etienne. Un record dans l\u2019histoire de la Ligue 2.<\/p>\n<p>Montpellier et Reims candidats aussi<\/p>\n<p>\u00c0 Montpellier, qui re\u00e7oit samedi le Red Star, on cherchera surtout \u00e0 reprendre confiance apr\u00e8s une premi\u00e8re partie de l\u2019ann\u00e9e 2025 cauchemardesque (aucune victoire en L1 apr\u00e8s janvier).\u00a0Le club h\u00e9raultais, qui n\u2019avait plus jou\u00e9 en deuxi\u00e8me division depuis seize ans, a men\u00e9 un recrutement modeste malgr\u00e9 l\u2019arriv\u00e9e du d\u00e9fenseur exp\u00e9riment\u00e9 Julien Laporte (31\u00a0ans), qui a particip\u00e9 \u00e0 la remont\u00e9e de Lorient en L1 la saison derni\u00e8re. L\u2019effectif pourrait \u00e9voluer, l\u2019avenir de joueurs comme l\u2019embl\u00e9matique T\u00e9ji Savanier \u00e9tant incertain.<\/p>\n<p>Le troisi\u00e8me candidat naturel \u00e0 la remont\u00e9e, Reims, commencera sa saison lundi \u00e0 l\u2019ext\u00e9rieur \u00e0 Amiens. Les Champenois ont fait venir de Nantes un vieux routier de la L1, Nicolas Pallois (37\u00a0ans), dont l\u2019exp\u00e9rience aidera \u00e0 relancer un groupe traumatis\u00e9 par le coup de Trafalgar de l\u2019ultime journ\u00e9e fatale en mai.<\/p>\n<p>Nancy et Le\u00a0Mans de retour<\/p>\n<p>Parmi les autres \u00e9quipes \u00e0 suivre, deux promus de National\u00a0: Nancy, qui retrouve le deuxi\u00e8me \u00e9chelon sous la houlette de son entra\u00eeneur historique Pablo Correa, et Le\u00a0Mans, qui fonde ses\u00a0espoirs sur un <a target=\"_self\" href=\"https:\/\/www.lanouvellerepublique.fr\/sports\/ligue-2-que-vient-faire-novak-djokovic-dans-le-capital-du-mans-1754073601\" rel=\"noopener\">fonds d\u2019investissement br\u00e9silien<\/a> et des actionnaires minoritaires aussi prestigieux que Novak Djokovic ou Felipe Massa.<\/p>\n<p>Les Lorrains, trois ans apr\u00e8s la descente, \u00e9trennent leur retour en L2 \u00e0 Rodez, qui a marqu\u00e9 le pas la saison derni\u00e8re, achev\u00e9e \u00e0 la 14e\u00a0place, apr\u00e8s avoir jou\u00e9 les barrages d\u2019accession dans l\u2019\u00e9lite la saison pr\u00e9c\u00e9dente. \u00ab\u00a0Ce que je sais, c\u2019est qu\u2019aujourd\u2019hui, ils ont un avantage sur nous. On entre dans ce championnat par le bas, eux y sont install\u00e9s depuis un bon moment. Certains penseront qu\u2019on a l\u2019avantage de l\u2019histoire, mais ce ne sont pas des \u00e9l\u00e9ments qui d\u00e9terminent un r\u00e9sultat\u00a0\u00bb, a anticip\u00e9 Pablo Correia.\u00a0Les Sarthois commenceront eux par un d\u00e9placement difficile \u00e0 Guingamp, barragiste la saison derni\u00e8re.<\/p>\n<p><strong>Samedi 9\u00a0ao\u00fbt\u00a0:<\/strong> \u00e0 14\u00a0h, Guingamp\u00a0&#8211; Le\u00a0Mans\u00a0; \u00e0 20\u00a0h, Laval\u00a0&#8211; Saint-Etienne, Pau\u00a0&#8211; Annecy, Rodez\u00a0&#8211; Nancy, Dunkerque\u00a0&#8211; Clermont, Montpellier\u00a0&#8211; Red Star, Troyes\u00a0&#8211; Grenoble.<br \/><strong>Lundi 11\u00a0ao\u00fbt\u00a0:<\/strong> \u00e0 20\u00a0h\u00a045, Amiens\u00a0&#8211; Reims.<br \/><strong>Mardi 16\u00a0septembre\u00a0:<\/strong> \u00e0 19\u00a0h, Boulogne-sur-Mer\u00a0&#8211; Bastia.<\/p>\n","protected":false},"excerpt":{"rendered":"Une semaine avant le coup d\u2019envoi de la Ligue 1, le vendredi 15\u00a0ao\u00fbt, la Ligue 2 reprend ce&hellip;\n","protected":false},"author":2,"featured_media":305697,"comment_status":"","ping_status":"","sticky":false,"template":"","format":"standard","meta":{"footnotes":""},"categories":[9653],"tags":[1111,11,2430,1777,674,63,1011,27,446,12,25,4001,60],"class_list":{"0":"post-305696","1":"post","2":"type-post","3":"status-publish","4":"format-standard","5":"has-post-thumbnail","7":"category-saint-etienne","8":"tag-actu","9":"tag-actualites","10":"tag-auvergne-rhone-alpes","11":"tag-eu","12":"tag-europe","13":"tag-football","14":"tag-fr","15":"tag-france","16":"tag-ligue-2","17":"tag-news","18":"tag-republique-francaise","19":"tag-saint-etienne","20":"tag-sports"},"share_on_mastodon":{"url":"https:\/\/pubeurope.com\/@fr\/114994611759548548","error":""},"_links":{"self":[{"href":"https:\/\/www.europesays.com\/fr\/wp-json\/wp\/v2\/posts\/305696","targetHints":{"allow":["GET"]}}],"collection":[{"href":"https:\/\/www.europesays.com\/fr\/wp-json\/wp\/v2\/posts"}],"about":[{"href":"https:\/\/www.europesays.com\/fr\/wp-json\/wp\/v2\/types\/post"}],"author":[{"embeddable":true,"href":"https:\/\/www.europesays.com\/fr\/wp-json\/wp\/v2\/users\/2"}],"replies":[{"embeddable":true,"href":"https:\/\/www.europesays.com\/fr\/wp-json\/wp\/v2\/comments?post=305696"}],"version-history":[{"count":0,"href":"https:\/\/www.europesays.com\/fr\/wp-json\/wp\/v2\/posts\/305696\/revisions"}],"wp:featuredmedia":[{"embeddable":true,"href":"https:\/\/www.europesays.com\/fr\/wp-json\/wp\/v2\/media\/305697"}],"wp:attachment":[{"href":"https:\/\/www.europesays.com\/fr\/wp-json\/wp\/v2\/media?parent=305696"}],"wp:term":[{"taxonomy":"category","embeddable":true,"href":"https:\/\/www.europesays.com\/fr\/wp-json\/wp\/v2\/categories?post=305696"},{"taxonomy":"post_tag","embeddable":true,"href":"https:\/\/www.europesays.com\/fr\/wp-json\/wp\/v2\/tags?post=305696"}],"curies":[{"name":"wp","href":"https:\/\/api.w.org\/{rel}","templated":true}]}}