{"id":305700,"date":"2025-08-08T18:42:58","date_gmt":"2025-08-08T18:42:58","guid":{"rendered":"https:\/\/www.europesays.com\/fr\/305700\/"},"modified":"2025-08-08T18:42:58","modified_gmt":"2025-08-08T18:42:58","slug":"nancy-lhopital-veut-debrancher-sa-mere-dans-le-coma-elle-refuse-pour-moi-cest-un-assassinat","status":"publish","type":"post","link":"https:\/\/www.europesays.com\/fr\/305700\/","title":{"rendered":"Nancy. L&rsquo;h\u00f4pital veut \u00ab\u00a0d\u00e9brancher\u00a0\u00bb sa m\u00e8re dans le coma, elle refuse : \u00ab\u00a0Pour moi, c&rsquo;est\u00a0un\u00a0assassinat\u00a0\u00bb"},"content":{"rendered":"<p>            Par<br \/>\n        <strong><br \/>\n            <a href=\"https:\/\/actu.fr\/auteur\/pierre-emile-bouchy-actu-fr\" title=\"Consulter tous les articles de Paul-Emile Bouchy\" target=\"_blank\" rel=\"noopener\">Paul-Emile Bouchy<\/a><br \/>\n        <\/strong><\/p>\n<p>        Publi\u00e9 le<\/p>\n<p>            8 ao\u00fbt 2025 \u00e0 18h24        <\/p>\n<p>Annie a d\u00e9cid\u00e9 de se battre\u2009: sa m\u00e8re Jeannette, \u00e2g\u00e9e de 65\u00a0ans, est hospitalis\u00e9e au <a href=\"https:\/\/actu.fr\/tag\/chru-de-nancy\" target=\"_blank\" rel=\"noopener\">CHRU de Nancy<\/a>. Souffrant d\u2019abc\u00e8s c\u00e9r\u00e9braux, elle a subi des complications \u00e0 la suite d\u2019une op\u00e9ration et <strong>est depuis plusieurs semaines dans le coma<\/strong>.<\/p>\n<p class=\" wall-content\">D\u2019apr\u00e8s sa fille, les m\u00e9decins lui ont dit qu\u2019il n\u2019y avait plus rien \u00e0 faire et qu\u2019il fallait cesser les soins. <strong>Annie refuse cette situation et d\u00e9nonce ce choix \u00ab\u2009impos\u00e9 aux familles\u2009\u00bb<\/strong>.<\/p>\n<p>\u00ab\u2009Ils ne laissent pas le droit aux familles de choisir\u2009\u00bb<\/p>\n<p class=\" wall-content\">Depuis le jeudi 7\u00a0ao\u00fbt, Annie est assise devant l\u2019entr\u00e9e de l\u2019<a href=\"https:\/\/actu.fr\/grand-est\/nancy_54395\/nancy-que-va-devenir-l-hopital-central-apres-la-construction-du-nouveau-chru-a-brabois_62043720.html\" target=\"_blank\" rel=\"noopener\">h\u00f4pital Central<\/a> de Nancy. La femme de 41 ans compte se faire entendre et se filme en direct sur <a href=\"https:\/\/actu.fr\/tag\/tiktok\" target=\"_blank\" rel=\"noopener\">TikTok<\/a>.<\/p>\n<p class=\" wall-content\">\u00ab\u2009Ma maman est dans le coma mais il y a des signes de vie. Son rythme cardiaque est stable, elle d\u00e9glutit, b\u00e2ille. <strong>Je leur ai dit que je ne voulais pas la d\u00e9brancher. Pour moi, c\u2019est un assassinat<\/strong>\u2009\u00bb, explique-t-elle.<\/p>\n<p class=\" wall-content\">Au-del\u00e0 de son combat, Annie veut mettre fin \u00e0 ce \u00ab\u2009syst\u00e8me\u2009\u00bb concernant la <a href=\"https:\/\/actu.fr\/tag\/fin-de-vie\" target=\"_blank\" rel=\"noopener\">fin de vie<\/a>\u2009: \u00ab\u2009Ils ne laissent pas le droit aux familles de choisir. Ils font semblant de vous mettre sur une sorte de choix mais en fait, non. <strong>Cela nous est impos\u00e9 de fa\u00e7on sournoise<\/strong>.\u2009\u00bb<\/p>\n<p>Son souhait\u2009: que sa m\u00e8re soit transf\u00e9r\u00e9e dans un autre h\u00f4pital<\/p>\n<p class=\" wall-content\">Annie a fait une demande pour que sa m\u00e8re soit transf\u00e9r\u00e9e dans un autre h\u00f4pital\u2009: \u00ab\u2009Le chef de service m\u2019a fourni un document de transfert donc cela veut dire que c\u2019est possible mais rien ne bouge. <strong>Plus on perd du temps, plus les chances pour ma m\u00e8re diminuent<\/strong>.\u2009\u00bb<\/p>\n<p class=\" wall-content\">\u00ab\u2009Je ne crois pas au miracle mais je veux qu\u2019on essaye. Et ce n\u2019est pas \u00e0 eux de choisir si ma m\u00e8re doit vivre ou non\u2009\u00bb, mart\u00e8le Annie qui a d\u2019ailleurs adress\u00e9 <strong>une requ\u00eate en r\u00e9f\u00e9r\u00e9-libert\u00e9 aupr\u00e8s du tribunal administratif de Nancy<\/strong>.<\/p>\n<p>La r\u00e9ponse du CHRU de Nancy<\/p>\n<p class=\" wall-content\">Contact\u00e9 par\u00a0Lorraine Actu, le CHRU de Nancy indique que \u00ab<strong>\u2009l\u2019\u00e9quipe m\u00e9dicale et soignante est en lien \u00e9troit avec la famille<\/strong> et continue de privil\u00e9gier le dialogue afin de trouver une solution pertinente et humaine pour la prise en charge de la patiente\u2009\u00bb.<\/p>\n<p class=\" wall-content\">Le centre hospitalier pr\u00e9cise <strong>qu\u2019il \u00ab\u2009a entrepris les d\u00e9marches n\u00e9cessaires<\/strong> et tient inform\u00e9 la famille en continu\u2009\u00bb.<\/p>\n<p class=\" wall-content\">Suivez toute l\u2019actualit\u00e9 de vos villes et m\u00e9dias favoris en vous inscrivant \u00e0 <a href=\"https:\/\/moncompte.actu.fr\" title=\"D\u00e9couvez Mon Actu\" rel=\"nofollow noopener\" data-trk=\"{&quot;cta&quot;:{&quot;action&quot;:&quot;https:\\\/\\\/moncompte.actu.fr&quot;,&quot;category&quot;:&quot;mon compte&quot;,&quot;from&quot;:&quot;article footer&quot;,&quot;name&quot;:&quot;Mon actu&quot;,&quot;type&quot;:&quot;cta&quot;}}\" target=\"_blank\">Mon Actu<\/a>.<\/p>\n","protected":false},"excerpt":{"rendered":"Par Paul-Emile Bouchy Publi\u00e9 le 8 ao\u00fbt 2025 \u00e0 18h24 Annie a d\u00e9cid\u00e9 de se battre\u2009: sa m\u00e8re&hellip;\n","protected":false},"author":2,"featured_media":305701,"comment_status":"","ping_status":"","sticky":false,"template":"","format":"standard","meta":{"footnotes":""},"categories":[9635],"tags":[1111,11,12765,1777,674,7977,1011,27,775,1702,12,25,71,104],"class_list":{"0":"post-305700","1":"post","2":"type-post","3":"status-publish","4":"format-standard","5":"has-post-thumbnail","7":"category-nancy","8":"tag-actu","9":"tag-actualites","10":"tag-chru-de-nancy","11":"tag-eu","12":"tag-europe","13":"tag-fin-de-vie","14":"tag-fr","15":"tag-france","16":"tag-grand-est","17":"tag-nancy","18":"tag-news","19":"tag-republique-francaise","20":"tag-sante","21":"tag-societe"},"share_on_mastodon":{"url":"https:\/\/pubeurope.com\/@fr\/114994623492394910","error":""},"_links":{"self":[{"href":"https:\/\/www.europesays.com\/fr\/wp-json\/wp\/v2\/posts\/305700","targetHints":{"allow":["GET"]}}],"collection":[{"href":"https:\/\/www.europesays.com\/fr\/wp-json\/wp\/v2\/posts"}],"about":[{"href":"https:\/\/www.europesays.com\/fr\/wp-json\/wp\/v2\/types\/post"}],"author":[{"embeddable":true,"href":"https:\/\/www.europesays.com\/fr\/wp-json\/wp\/v2\/users\/2"}],"replies":[{"embeddable":true,"href":"https:\/\/www.europesays.com\/fr\/wp-json\/wp\/v2\/comments?post=305700"}],"version-history":[{"count":0,"href":"https:\/\/www.europesays.com\/fr\/wp-json\/wp\/v2\/posts\/305700\/revisions"}],"wp:featuredmedia":[{"embeddable":true,"href":"https:\/\/www.europesays.com\/fr\/wp-json\/wp\/v2\/media\/305701"}],"wp:attachment":[{"href":"https:\/\/www.europesays.com\/fr\/wp-json\/wp\/v2\/media?parent=305700"}],"wp:term":[{"taxonomy":"category","embeddable":true,"href":"https:\/\/www.europesays.com\/fr\/wp-json\/wp\/v2\/categories?post=305700"},{"taxonomy":"post_tag","embeddable":true,"href":"https:\/\/www.europesays.com\/fr\/wp-json\/wp\/v2\/tags?post=305700"}],"curies":[{"name":"wp","href":"https:\/\/api.w.org\/{rel}","templated":true}]}}