{"id":305704,"date":"2025-08-08T18:45:16","date_gmt":"2025-08-08T18:45:16","guid":{"rendered":"https:\/\/www.europesays.com\/fr\/305704\/"},"modified":"2025-08-08T18:45:16","modified_gmt":"2025-08-08T18:45:16","slug":"toulon-thomas-puga-pacha-du-charles-de-gaulle","status":"publish","type":"post","link":"https:\/\/www.europesays.com\/fr\/305704\/","title":{"rendered":"TOULON : Thomas PUGA, pacha du Charles-de-Gaulle"},"content":{"rendered":"<p><b>Le vice-amiral d\u2019escadre Christophe Cluzel, amiral commandant la Force d\u2019action navale, a fait reconna\u00eetre le capitaine de vaisseau (CV) Thomas Puga comme commandant du porte-avions Charles-de-Gaulle, en remplacement du CV Georges-Antoine Florentin.<\/b><\/p>\n<p>Sous le commandement du CV Georges-Antoine Florentin, les marins du Charles-de-Gaulle ont particip\u00e9 \u00e0 deux d\u00e9ploiements op\u00e9rationnels significatifs au cours des 24 derniers mois. Au printemps 2024, le groupe a\u00e9ronaval (GAN) a \u00e9t\u00e9 d\u00e9ploy\u00e9 en M\u00e9diterran\u00e9e centrale pour la mission AKILA, qui avait pour but de renforcer la posture d\u00e9fensive et dissuasive de l\u2019OTAN. Au cours de cette mission, le porte-avions a \u00e9t\u00e9 plac\u00e9 pour la premi\u00e8re fois sous contr\u00f4le op\u00e9rationnel de l\u2019OTAN, afin de mener des missions de surveillance et de reconnaissance dans le cadre de l\u2019activit\u00e9 NEPTUNE STRIKE.<\/p>\n<p style=\"font-weight: 400\"><strong>CLEMENCEAU 2025<\/strong><\/p>\n<p style=\"font-weight: 400\">De novembre 2024 \u00e0 avril 2025, le GAN a \u00e9t\u00e9 d\u00e9ploy\u00e9 dans le cadre de la mission CLEMENCEAU 25, qui visait \u00e0 renforcer la coop\u00e9ration avec les alli\u00e9s et partenaires de la France, ainsi qu\u2019\u00e0 contribuer aux op\u00e9rations nationales et internationales en M\u00e9diterran\u00e9e, en oc\u00e9an Indien et dans le Pacifique. La pr\u00e9sence du GAN dans la zone Indopacifique pendant deux mois a marqu\u00e9 une premi\u00e8re pour le groupe, qui a men\u00e9 de nombreuses activit\u00e9s in\u00e9dites dans la r\u00e9gion.<\/p>\n<p>N\u00e9 le 10 juin 1980, le CV Thomas Puga a int\u00e9gr\u00e9 l\u2019\u00c9cole navale en 2000. Apr\u00e8s sa campagne d\u2019application en 2003, il a choisi de servir au sein de l\u2019A\u00e9ronavale. Il a suivi son cours de pilote \u00e0 l\u2019\u00e9cole de l\u2019a\u00e9ronautique navale de Salon-de-Provence en 2004. Brevet\u00e9 pilote d\u2019avion de guet a\u00e9rien et de commandement E-2C Hawkeye, il est affect\u00e9 \u00e0 la Flottille 4F en 2007. Il participe ensuite \u00e0 tous les embarquements du porte-avions, notamment lors des op\u00e9rations en Afghanistan et en Libye. En 2012, il part comme directeur de promotion \u00e0 l\u2019\u00c9cole navale pendant deux ann\u00e9es avant de revenir comme second de la Flottille 4F. Il participe alors au d\u00e9ploiement ARROMANCHES 1 et aux op\u00e9rations en Irak. Il prend ensuite le commandement de la Flottille 4F en 2015 et participe aux d\u00e9ploiements ARROMANCHES 2 et 3 en Irak et Syrie \u00e0 bord du porte-avions. \u00c0 l\u2019issue de sa scolarit\u00e9 \u00e0 l\u2019\u00c9cole de Guerre, il a ralli\u00e9 la Direction du personnel de la Marine (DPM) comme gestionnaire du personnel officier de l\u2019a\u00e9ronautique navale. En 2020, il est affect\u00e9 sur le porte-avions Charles-de-Gaulle comme commandant adjoint op\u00e9rations et participe \u00e0 la mission CLEMENCEAU 21.<\/p>\n<p style=\"font-weight: 400\">En septembre 2021, il suit la formation du brevet atomicien de la Marine option op\u00e9rations au sein de l\u2019\u00c9cole d\u2019application militaire de l\u2019\u00e9nergie atomique (EAMEA). En janvier 2022, il est nomm\u00e9 commandant de la fr\u00e9gate de type La Fayette (FLF) Gu\u00e9pratte. En juin 2023, il rejoint le cabinet du chef d\u2019\u00c9tat-major de la Marine (CEMM) comme chef du bureau strat\u00e9gie et politique. Le CV Thomas Puga est mari\u00e9 et p\u00e8re de cinq enfants, il est chevalier de l\u2019ordre de la L\u00e9gion d\u2019honneur et de l\u2019ordre national du M\u00e9rite.<\/p>\n<p style=\"font-weight: 400\"><strong>Photo Marine nationale.<\/strong><\/p>\n","protected":false},"excerpt":{"rendered":"Le vice-amiral d\u2019escadre Christophe Cluzel, amiral commandant la Force d\u2019action navale, a fait reconna\u00eetre le capitaine de vaisseau&hellip;\n","protected":false},"author":2,"featured_media":305705,"comment_status":"","ping_status":"","sticky":false,"template":"","format":"standard","meta":{"footnotes":""},"categories":[9619],"tags":[1111,11,1777,674,1011,27,12,882,25,2310],"class_list":{"0":"post-305704","1":"post","2":"type-post","3":"status-publish","4":"format-standard","5":"has-post-thumbnail","7":"category-toulon","8":"tag-actu","9":"tag-actualites","10":"tag-eu","11":"tag-europe","12":"tag-fr","13":"tag-france","14":"tag-news","15":"tag-provence-alpes-cote-dazur","16":"tag-republique-francaise","17":"tag-toulon"},"share_on_mastodon":{"url":"https:\/\/pubeurope.com\/@fr\/114994631357462235","error":""},"_links":{"self":[{"href":"https:\/\/www.europesays.com\/fr\/wp-json\/wp\/v2\/posts\/305704","targetHints":{"allow":["GET"]}}],"collection":[{"href":"https:\/\/www.europesays.com\/fr\/wp-json\/wp\/v2\/posts"}],"about":[{"href":"https:\/\/www.europesays.com\/fr\/wp-json\/wp\/v2\/types\/post"}],"author":[{"embeddable":true,"href":"https:\/\/www.europesays.com\/fr\/wp-json\/wp\/v2\/users\/2"}],"replies":[{"embeddable":true,"href":"https:\/\/www.europesays.com\/fr\/wp-json\/wp\/v2\/comments?post=305704"}],"version-history":[{"count":0,"href":"https:\/\/www.europesays.com\/fr\/wp-json\/wp\/v2\/posts\/305704\/revisions"}],"wp:featuredmedia":[{"embeddable":true,"href":"https:\/\/www.europesays.com\/fr\/wp-json\/wp\/v2\/media\/305705"}],"wp:attachment":[{"href":"https:\/\/www.europesays.com\/fr\/wp-json\/wp\/v2\/media?parent=305704"}],"wp:term":[{"taxonomy":"category","embeddable":true,"href":"https:\/\/www.europesays.com\/fr\/wp-json\/wp\/v2\/categories?post=305704"},{"taxonomy":"post_tag","embeddable":true,"href":"https:\/\/www.europesays.com\/fr\/wp-json\/wp\/v2\/tags?post=305704"}],"curies":[{"name":"wp","href":"https:\/\/api.w.org\/{rel}","templated":true}]}}