{"id":305712,"date":"2025-08-08T18:49:45","date_gmt":"2025-08-08T18:49:45","guid":{"rendered":"https:\/\/www.europesays.com\/fr\/305712\/"},"modified":"2025-08-08T18:49:45","modified_gmt":"2025-08-08T18:49:45","slug":"regis-brouard-jen-veux-a-la-personne-qui-a-commis-ce-geste","status":"publish","type":"post","link":"https:\/\/www.europesays.com\/fr\/305712\/","title":{"rendered":"R\u00e9gis Brouard : \u00ab\u00a0J&rsquo;en veux \u00e0 la personne qui a commis ce geste\u00a0\u00bb"},"content":{"rendered":"<p>&#13;<br \/>\n    &#13;<br \/>\n        &#13;<br \/>\n                &#13;<br \/>\n    &#13;<br \/>\n&#13;<\/p>\n<p>        <img fetchpriority=\"high\" width=\"1300\" height=\"915\" src=\"https:\/\/www.europesays.com\/fr\/wp-content\/uploads\/2025\/08\/public_fcr_huis_clos.jpg\" class=\"attachment-post-thumbnail size-post-thumbnail wp-post-image\" alt=\"Les Rouennais ne b\u00e9n\u00e9ficieront pas du soutien de leurs supporters pour leurs deux premi\u00e8res sorties \u00e0 Diochon ; l'enceinte \u00e9tant frapp\u00e9e d'un huis clos. \u00a9Damien Deslandes\" decoding=\"async\"  \/><\/p>\n<p>Les Rouennais ne b\u00e9n\u00e9ficieront pas du soutien de leurs supporters pour leurs deux premi\u00e8res sorties \u00e0 Diochon ; l&rsquo;enceinte \u00e9tant frapp\u00e9e d&rsquo;un huis clos. \u00a9Damien Deslandes<\/p>\n<p>    &#13;<br \/>\n&#13;<\/p>\n<p>Pour lancer cette saison 2025-2026 \u00e0 la maison, le FCR composera sans le soutien de ses supporters ; les Rouennais devant encore purger deux matchs \u00e0 huis clos : les r\u00e9ceptions de Fleury, ce vendredi (8 ao\u00fbt) et de Sochaux (le 22 ao\u00fbt). Cons\u00e9quence de la sanction \u00e9cop\u00e9e lors de l\u2019exercice pr\u00e9c\u00e9dent \u00e0 la suite du derby contre QRM*.\u00a0\u00ab\u00a0C\u2019est dommageable\u00a0\u00bb,\u00a0d\u00e9plore R\u00e9gis Brouard.\u00a0\u00ab\u00a0Surtout que le calendrier qui nous est propos\u00e9 au d\u00e9but est difficile. On affronte pratiquement tous les favoris \u00e0 la mont\u00e9e\u00a0(Dijon, Sochaux, Valenciennes). Quand on conna\u00eet l\u2019importance du public \u00e0 Diochon, il nous a souvent permis de l\u2019emporter\u00a0\u00bb.<\/p>\n<p>M\u00eame s\u2019il est parfaitement conscient de la gravit\u00e9 des faits reproch\u00e9s, le coach des \u00ab Diables Rouges \u00bb estime cette condamnation\u00a0\u00ab\u00a0s\u00e9v\u00e8re\u00a0\u00bb\u00a0et loin d\u2019\u00eatre anodine sur le plan \u00e9conomique.\u00a0\u00ab\u00a0Les clubs de National rencontrent des probl\u00e8mes d\u2019argent. Si, en plus, on nous enl\u00e8ve des recettes\u2026 Pour la b\u00eatise d\u2019une personne\u00a0(l\u2019auteur de ce jet de briquet qui a touch\u00e9 l\u2019arbitre assistant), vous sanctionnez tout un club. J\u2019en veux \u00e0 la personne qui a commis ce geste\u00a0\u00bb.<\/p>\n<p>*Pour l\u2019utilisation d\u2019engins pyrotechniques et surtout pour un jet de projectile (un briquet) ayant touch\u00e9 un officiel (un arbitre assistant), lanc\u00e9 depuis la tribune Lenoble o\u00f9 s\u2019\u00e9taient mass\u00e9s les supporters rouennais, le FCR a \u00e9t\u00e9 sanctionn\u00e9 de trois matchs \u00e0 huis clos \u00e0 Diochon dont un par r\u00e9vocation d\u2019un sursis. Le premier a \u00e9t\u00e9 purg\u00e9 lors de la derni\u00e8re rencontre \u00e0 domicile la saison pass\u00e9e.<\/p>\n<p>    &#13;<br \/>\n&#13;<br \/>\n    &#13;<br \/>\n        Cat\u00e9gories: <a href=\"https:\/\/www.footnormand.fr\/club\/fc-rouen\/\" rel=\"category tag nofollow noopener\" target=\"_blank\">FC Rouen<\/a>    &#13;<\/p>\n","protected":false},"excerpt":{"rendered":"&#13; &#13; &#13; &#13; &#13; &#13; Les Rouennais ne b\u00e9n\u00e9ficieront pas du soutien de leurs supporters pour leurs&hellip;\n","protected":false},"author":2,"featured_media":305713,"comment_status":"","ping_status":"","sticky":false,"template":"","format":"standard","meta":{"footnotes":""},"categories":[9587],"tags":[1111,11,1777,674,1011,27,12,5161,25,9590],"class_list":{"0":"post-305712","1":"post","2":"type-post","3":"status-publish","4":"format-standard","5":"has-post-thumbnail","7":"category-rouen","8":"tag-actu","9":"tag-actualites","10":"tag-eu","11":"tag-europe","12":"tag-fr","13":"tag-france","14":"tag-news","15":"tag-normandie","16":"tag-republique-francaise","17":"tag-rouen"},"share_on_mastodon":{"url":"https:\/\/pubeurope.com\/@fr\/114994647088803049","error":""},"_links":{"self":[{"href":"https:\/\/www.europesays.com\/fr\/wp-json\/wp\/v2\/posts\/305712","targetHints":{"allow":["GET"]}}],"collection":[{"href":"https:\/\/www.europesays.com\/fr\/wp-json\/wp\/v2\/posts"}],"about":[{"href":"https:\/\/www.europesays.com\/fr\/wp-json\/wp\/v2\/types\/post"}],"author":[{"embeddable":true,"href":"https:\/\/www.europesays.com\/fr\/wp-json\/wp\/v2\/users\/2"}],"replies":[{"embeddable":true,"href":"https:\/\/www.europesays.com\/fr\/wp-json\/wp\/v2\/comments?post=305712"}],"version-history":[{"count":0,"href":"https:\/\/www.europesays.com\/fr\/wp-json\/wp\/v2\/posts\/305712\/revisions"}],"wp:featuredmedia":[{"embeddable":true,"href":"https:\/\/www.europesays.com\/fr\/wp-json\/wp\/v2\/media\/305713"}],"wp:attachment":[{"href":"https:\/\/www.europesays.com\/fr\/wp-json\/wp\/v2\/media?parent=305712"}],"wp:term":[{"taxonomy":"category","embeddable":true,"href":"https:\/\/www.europesays.com\/fr\/wp-json\/wp\/v2\/categories?post=305712"},{"taxonomy":"post_tag","embeddable":true,"href":"https:\/\/www.europesays.com\/fr\/wp-json\/wp\/v2\/tags?post=305712"}],"curies":[{"name":"wp","href":"https:\/\/api.w.org\/{rel}","templated":true}]}}