{"id":305714,"date":"2025-08-08T18:51:13","date_gmt":"2025-08-08T18:51:13","guid":{"rendered":"https:\/\/www.europesays.com\/fr\/305714\/"},"modified":"2025-08-08T18:51:13","modified_gmt":"2025-08-08T18:51:13","slug":"charlieu-les-supporters-des-verts-deja-mobilises-pour-asse-grenoble","status":"publish","type":"post","link":"https:\/\/www.europesays.com\/fr\/305714\/","title":{"rendered":"Charlieu. Les supporters des Verts d\u00e9j\u00e0 mobilis\u00e9s pour ASSE-Grenoble"},"content":{"rendered":"<p>Les supporters des Verts charliendins, membres associ\u00e9s de la section 4 de l\u2019ASSE sont d\u00e9j\u00e0 mobilis\u00e9s pour la reprise de la saison, m\u00eame en Ligue 2. Ils organisent un premier d\u00e9placement \u00e0 Geoffroy Guichard \u00e0 l\u2019occasion de la 4e\u00a0 journ\u00e9e, qui se d\u00e9roulera le 30\u00a0ao\u00fbt \u00e0 20\u00a0heures afin d\u2019assister \u00e0 Saint-\u00c9tienne-Grenoble. Les inscriptions sont ouvertes jusqu\u2019au mercredi 20\u00a0ao\u00fbt, dans la limite des places disponibles.<\/p>\n<p class=\"note\">Pour s\u2019inscrire, t\u00e9l : 06.24.10.09.89.<\/p>\n","protected":false},"excerpt":{"rendered":"Les supporters des Verts charliendins, membres associ\u00e9s de la section 4 de l\u2019ASSE sont d\u00e9j\u00e0 mobilis\u00e9s pour la&hellip;\n","protected":false},"author":2,"featured_media":305715,"comment_status":"","ping_status":"","sticky":false,"template":"","format":"standard","meta":{"footnotes":""},"categories":[9566],"tags":[1111,11,2430,44558,31893,16734,1777,674,1011,27,2731,12,25,104,1631],"class_list":{"0":"post-305714","1":"post","2":"type-post","3":"status-publish","4":"format-standard","5":"has-post-thumbnail","7":"category-grenoble","8":"tag-actu","9":"tag-actualites","10":"tag-auvergne-rhone-alpes","11":"tag-charlieu","12":"tag-charlieu-bassin","13":"tag-edition-loire-nord","14":"tag-eu","15":"tag-europe","16":"tag-fr","17":"tag-france","18":"tag-grenoble","19":"tag-news","20":"tag-republique-francaise","21":"tag-societe","22":"tag-vie-associative"},"share_on_mastodon":{"url":"https:\/\/pubeurope.com\/@fr\/114994655010453900","error":""},"_links":{"self":[{"href":"https:\/\/www.europesays.com\/fr\/wp-json\/wp\/v2\/posts\/305714","targetHints":{"allow":["GET"]}}],"collection":[{"href":"https:\/\/www.europesays.com\/fr\/wp-json\/wp\/v2\/posts"}],"about":[{"href":"https:\/\/www.europesays.com\/fr\/wp-json\/wp\/v2\/types\/post"}],"author":[{"embeddable":true,"href":"https:\/\/www.europesays.com\/fr\/wp-json\/wp\/v2\/users\/2"}],"replies":[{"embeddable":true,"href":"https:\/\/www.europesays.com\/fr\/wp-json\/wp\/v2\/comments?post=305714"}],"version-history":[{"count":0,"href":"https:\/\/www.europesays.com\/fr\/wp-json\/wp\/v2\/posts\/305714\/revisions"}],"wp:featuredmedia":[{"embeddable":true,"href":"https:\/\/www.europesays.com\/fr\/wp-json\/wp\/v2\/media\/305715"}],"wp:attachment":[{"href":"https:\/\/www.europesays.com\/fr\/wp-json\/wp\/v2\/media?parent=305714"}],"wp:term":[{"taxonomy":"category","embeddable":true,"href":"https:\/\/www.europesays.com\/fr\/wp-json\/wp\/v2\/categories?post=305714"},{"taxonomy":"post_tag","embeddable":true,"href":"https:\/\/www.europesays.com\/fr\/wp-json\/wp\/v2\/tags?post=305714"}],"curies":[{"name":"wp","href":"https:\/\/api.w.org\/{rel}","templated":true}]}}