{"id":305716,"date":"2025-08-08T18:52:22","date_gmt":"2025-08-08T18:52:22","guid":{"rendered":"https:\/\/www.europesays.com\/fr\/305716\/"},"modified":"2025-08-08T18:52:22","modified_gmt":"2025-08-08T18:52:22","slug":"un-entrepot-de-travaux-publics-ravage-par-les-flammes-au-sud-de-rennes-cinq-employes-se-retrouvent-au-chomage-technique","status":"publish","type":"post","link":"https:\/\/www.europesays.com\/fr\/305716\/","title":{"rendered":"Un entrep\u00f4t de travaux publics ravag\u00e9 par les flammes au sud de Rennes. Cinq employ\u00e9s se retrouvent au ch\u00f4mage technique"},"content":{"rendered":"<p class=\"article__intro\">Hier soir, un incendie s\u2019est d\u00e9clench\u00e9 dans un atelier m\u00e9canique d\u2019une entreprise du BTP \u00e0 Baulon, en Ille-et-Vilaine, sans faire de victimes.<\/p>\n<p>\n      L\u2019actu des r\u00e9gions\n    <\/p>\n<p>\n      Chaque jour, un tour d\u2019horizon des principales infos de toutes les r\u00e9gions.\n    <\/p>\n<p>    France T\u00e9l\u00e9visions utilise votre adresse e-mail afin de vous envoyer la newsletter \u00ab\u00a0L\u2019actu des r\u00e9gions\u00a0\u00bb. Vous pouvez vous d\u00e9sinscrire \u00e0 tout moment via le lien en bas de cette newsletter. <a target=\"_blank\" href=\"https:\/\/www.francetelevisions.fr\/groupe\/confidentialite\/politique-de-confidentialite\/politique-de-confidentialite-de-france-televisions-6503\" rel=\"nofollow noopener\">Notre politique de confidentialit\u00e9<\/a><\/p>\n<p>Jeudi 7 ao\u00fbt peu avant 21h, les pompiers ont \u00e9t\u00e9 appel\u00e9s pour un incendie dans un b\u00e2timent d\u2019une entreprise de construction, \u00e0 Baulon, au sud-ouest de Rennes, au lieu-dit La Herveliais.<\/p>\n<\/p>\n<p>Le feu, qui n&rsquo;a pas fait de bless\u00e9s, a pris dans l\u2019atelier m\u00e9canique de 200 m2 qui s&rsquo;est embras\u00e9. S&rsquo;y trouvaient plusieurs bouteilles de gaz et bidons d\u2019ac\u00e9tyl\u00e8ne, ainsi qu\u2019une cuve de fuel de 200 litres. Sept v\u00e9hicules &#8211; trois pelleteuses et quatre v\u00e9hicules l\u00e9gers &#8211; ont \u00e9galement \u00e9t\u00e9 endommag\u00e9s par le sinistre.<\/p>\n<p>46 sapeurs-pompiers ont \u00e9t\u00e9 engag\u00e9s sur cette op\u00e9ration d&rsquo;ampleur, afin d&rsquo;\u00e9teindre le brasier \u00e0 l\u2019aide de cinq lances \u00e0 incendie. Cinq salari\u00e9s de l\u2019entreprise sont d\u00e9sormais au ch\u00f4mage technique.<\/p>\n","protected":false},"excerpt":{"rendered":"Hier soir, un incendie s\u2019est d\u00e9clench\u00e9 dans un atelier m\u00e9canique d\u2019une entreprise du BTP \u00e0 Baulon, en Ille-et-Vilaine,&hellip;\n","protected":false},"author":2,"featured_media":305717,"comment_status":"","ping_status":"","sticky":false,"template":"","format":"standard","meta":{"footnotes":""},"categories":[2821],"tags":[1111,11,829,1777,674,1011,27,12,584,25],"class_list":{"0":"post-305716","1":"post","2":"type-post","3":"status-publish","4":"format-standard","5":"has-post-thumbnail","7":"category-rennes","8":"tag-actu","9":"tag-actualites","10":"tag-bretagne","11":"tag-eu","12":"tag-europe","13":"tag-fr","14":"tag-france","15":"tag-news","16":"tag-rennes","17":"tag-republique-francaise"},"share_on_mastodon":{"url":"https:\/\/pubeurope.com\/@fr\/114994658903042626","error":""},"_links":{"self":[{"href":"https:\/\/www.europesays.com\/fr\/wp-json\/wp\/v2\/posts\/305716","targetHints":{"allow":["GET"]}}],"collection":[{"href":"https:\/\/www.europesays.com\/fr\/wp-json\/wp\/v2\/posts"}],"about":[{"href":"https:\/\/www.europesays.com\/fr\/wp-json\/wp\/v2\/types\/post"}],"author":[{"embeddable":true,"href":"https:\/\/www.europesays.com\/fr\/wp-json\/wp\/v2\/users\/2"}],"replies":[{"embeddable":true,"href":"https:\/\/www.europesays.com\/fr\/wp-json\/wp\/v2\/comments?post=305716"}],"version-history":[{"count":0,"href":"https:\/\/www.europesays.com\/fr\/wp-json\/wp\/v2\/posts\/305716\/revisions"}],"wp:featuredmedia":[{"embeddable":true,"href":"https:\/\/www.europesays.com\/fr\/wp-json\/wp\/v2\/media\/305717"}],"wp:attachment":[{"href":"https:\/\/www.europesays.com\/fr\/wp-json\/wp\/v2\/media?parent=305716"}],"wp:term":[{"taxonomy":"category","embeddable":true,"href":"https:\/\/www.europesays.com\/fr\/wp-json\/wp\/v2\/categories?post=305716"},{"taxonomy":"post_tag","embeddable":true,"href":"https:\/\/www.europesays.com\/fr\/wp-json\/wp\/v2\/tags?post=305716"}],"curies":[{"name":"wp","href":"https:\/\/api.w.org\/{rel}","templated":true}]}}