{"id":305718,"date":"2025-08-08T18:53:13","date_gmt":"2025-08-08T18:53:13","guid":{"rendered":"https:\/\/www.europesays.com\/fr\/305718\/"},"modified":"2025-08-08T18:53:13","modified_gmt":"2025-08-08T18:53:13","slug":"24-buts-avec-lallemagne-rennes-vise-du-lourd","status":"publish","type":"post","link":"https:\/\/www.europesays.com\/fr\/305718\/","title":{"rendered":"24 buts avec l&rsquo;Allemagne, Rennes vise du lourd"},"content":{"rendered":"<p class=\"p1\"><strong>Plut\u00f4t coh\u00e9rent jusqu\u2019\u00e0 pr\u00e9sent, le mercato du Stade Rennais manque toutefois de paillettes et de renforts dans le secteur offensif. Le club breton veut y rem\u00e9dier et cible pour cela un international allemand.<\/strong><\/p>\n<p class=\"p1\">Apr\u00e8s avoir recrut\u00e9 Quentin Merlin, Lilian Brassier, Valentin Rongier et Przemyslaw Frankowski, le <a href=\"https:\/\/www.foot01.com\/equipe\/rennes\/\" rel=\"nofollow noopener\" target=\"_blank\">Stade Rennais<\/a> doit penser \u00e0 renforcer son secteur offensif. Des recrues sont attendues avec impatience par Habib Beye, qui attend au moins deux attaquants pour compl\u00e9ter sa ligne d\u2019attaque et si possible avant la premi\u00e8re journ\u00e9e de Ligue 1 contre l\u2019Olympique de Marseille dans une semaine au Roazhon Park. Le besoin est d\u2019autant plus urgent que dans le sens des d\u00e9parts, un transfert d\u2019Arnaud Kalimuendo est attendu d\u2019un jour \u00e0 l\u2019autre. Les dirigeants rennais ont conscience de la situation et selon Mohamed Toubache-Ter, ils \u00e9tudient actuellement un dossier que personne n\u2019avait vu venir.<\/p>\n<p>Rennes s&rsquo;attaque \u00e0 Timo Werner !<\/p>\n<blockquote class=\"twitter-tweet\"><p>&#13;<\/p>\n<p lang=\"fr\" dir=\"ltr\">\ud83d\udea8\ud83d\udea8 TIMO WERNER EST PIST\u00c9 PAR LE STADE RENNAIS ! \u2764\ufe0f\ud83d\udda4\ud83c\udde9\ud83c\uddea<\/p>\n<p>(<a href=\"https:\/\/twitter.com\/MohamedTERParis?ref_src=twsrc%5Etfw\" rel=\"nofollow noopener\" target=\"_blank\">@MohamedTERParis<\/a>) <a href=\"https:\/\/t.co\/OSvzUcxzwQ\" rel=\"nofollow\">pic.twitter.com\/OSvzUcxzwQ<\/a><\/p>\n<p>&#13;<br \/>\n\u2014 Instant Foot \u26bd\ufe0f (@lnstantFoot) <a href=\"https:\/\/twitter.com\/lnstantFoot\/status\/1953775046700286066?ref_src=twsrc%5Etfw\" rel=\"nofollow noopener\" target=\"_blank\">August 8, 2025<\/a><\/p><\/blockquote>\n<p class=\"p1\">Le sp\u00e9cialiste du mercato nous apprend que le club breton est tr\u00e8s int\u00e9ress\u00e9 par le profil de Timo Werner, 57 s\u00e9lections et 24 buts avec l\u2019Allemagne. De retour au RB Leipzig apr\u00e8s un pr\u00eat non concluant \u00e0 Tottenham, l\u2019avant-centre de 29 ans est clairement dans une situation d\u2019\u00e9chec depuis son passage rat\u00e9 \u00e0 Chelsea, o\u00f9 il avait fait l\u2019objet d\u2019un transfert monumental \u00e0 53 millions d\u2019euros. Le joueur cherche \u00e0 se relancer et \u00e0 douze mois de la Coupe du monde, qu\u2019il esp\u00e8re disputer avec l\u2019Allemagne de Julian Nagelsmann, l\u2019opportunit\u00e9 rennaise peut avoir des avantages. Un temps de jeu cons\u00e9quent l\u2019attend sous les ordres d\u2019Habib Beye et son profil de joueur offensif capable de jouer ailier ou avant-centre a de quoi plaire \u00e0 l\u2019ex-entra\u00eeneur du Red Star. Reste maintenant \u00e0 voir si financi\u00e8rement, une telle op\u00e9ration est possible alors qu\u2019il s\u2019agira forc\u00e9ment d&rsquo;un transfert et non d\u2019un nouveau pr\u00eat pour Timo Werner, dont le contrat au RB Leipzig expire dans un an.<\/p>\n<p>          <script async src=\"https:\/\/platform.twitter.com\/widgets.js\" charset=\"utf-8\"><\/script><\/p>\n","protected":false},"excerpt":{"rendered":"Plut\u00f4t coh\u00e9rent jusqu\u2019\u00e0 pr\u00e9sent, le mercato du Stade Rennais manque toutefois de paillettes et de renforts dans le&hellip;\n","protected":false},"author":2,"featured_media":305719,"comment_status":"","ping_status":"","sticky":false,"template":"","format":"standard","meta":{"footnotes":""},"categories":[2821],"tags":[1111,11,829,1777,674,1011,27,12,584,25],"class_list":{"0":"post-305718","1":"post","2":"type-post","3":"status-publish","4":"format-standard","5":"has-post-thumbnail","7":"category-rennes","8":"tag-actu","9":"tag-actualites","10":"tag-bretagne","11":"tag-eu","12":"tag-europe","13":"tag-fr","14":"tag-france","15":"tag-news","16":"tag-rennes","17":"tag-republique-francaise"},"share_on_mastodon":{"url":"https:\/\/pubeurope.com\/@fr\/114994663013022630","error":""},"_links":{"self":[{"href":"https:\/\/www.europesays.com\/fr\/wp-json\/wp\/v2\/posts\/305718","targetHints":{"allow":["GET"]}}],"collection":[{"href":"https:\/\/www.europesays.com\/fr\/wp-json\/wp\/v2\/posts"}],"about":[{"href":"https:\/\/www.europesays.com\/fr\/wp-json\/wp\/v2\/types\/post"}],"author":[{"embeddable":true,"href":"https:\/\/www.europesays.com\/fr\/wp-json\/wp\/v2\/users\/2"}],"replies":[{"embeddable":true,"href":"https:\/\/www.europesays.com\/fr\/wp-json\/wp\/v2\/comments?post=305718"}],"version-history":[{"count":0,"href":"https:\/\/www.europesays.com\/fr\/wp-json\/wp\/v2\/posts\/305718\/revisions"}],"wp:featuredmedia":[{"embeddable":true,"href":"https:\/\/www.europesays.com\/fr\/wp-json\/wp\/v2\/media\/305719"}],"wp:attachment":[{"href":"https:\/\/www.europesays.com\/fr\/wp-json\/wp\/v2\/media?parent=305718"}],"wp:term":[{"taxonomy":"category","embeddable":true,"href":"https:\/\/www.europesays.com\/fr\/wp-json\/wp\/v2\/categories?post=305718"},{"taxonomy":"post_tag","embeddable":true,"href":"https:\/\/www.europesays.com\/fr\/wp-json\/wp\/v2\/tags?post=305718"}],"curies":[{"name":"wp","href":"https:\/\/api.w.org\/{rel}","templated":true}]}}