{"id":305722,"date":"2025-08-08T18:55:09","date_gmt":"2025-08-08T18:55:09","guid":{"rendered":"https:\/\/www.europesays.com\/fr\/305722\/"},"modified":"2025-08-08T18:55:09","modified_gmt":"2025-08-08T18:55:09","slug":"strasbourg-plusieurs-mois-de-travaux-pour-faire-une-piste-cyclable-debutent-lundi-voici-les-perturbations","status":"publish","type":"post","link":"https:\/\/www.europesays.com\/fr\/305722\/","title":{"rendered":"Strasbourg. Plusieurs mois de travaux pour faire une piste cyclable d\u00e9butent lundi, voici les\u00a0perturbations"},"content":{"rendered":"<p>            Par<br \/>\n        <strong><br \/>\n            <a href=\"https:\/\/actu.fr\/auteur\/redaction-strasbourg\" title=\"Consulter tous les articles de R\u00e9daction Strasbourg\" target=\"_blank\" rel=\"noopener\">R\u00e9daction Strasbourg<\/a><br \/>\n        <\/strong><\/p>\n<p>        Publi\u00e9 le<\/p>\n<p>            8 ao\u00fbt 2025 \u00e0 18h45        <\/p>\n<p>Dans l\u2019objectif de construire un r\u00e9seau continu, l\u2019Eurom\u00e9tropole de <a href=\"https:\/\/actu.fr\/strasbourg\/\" target=\"_blank\" rel=\"noopener\">Strasbourg<\/a> pr\u00e9voit la r\u00e9alisation d\u2019un <strong>tron\u00e7on cyclable<\/strong> pour relier les quartiers de la <strong>Montagne Verte<\/strong>, de <strong>l\u2019Elsau<\/strong> et de la<strong> Plaine des Bouchers<\/strong>. Pour ce faire, les <a href=\"https:\/\/actu.fr\/tag\/travaux\" target=\"_blank\" rel=\"noopener\">travaux<\/a> de voiries d\u00e9buteront <strong>d\u00e8s ce lundi 11\u00a0ao\u00fbt<\/strong> et devraient s\u2019\u00e9taler par phases jusqu\u2019\u00e0 la<strong> mi-d\u00e9cembre\u00a02025.<\/strong><\/p>\n<p class=\" wall-content\">D\u00e9couvrez le d\u00e9tail du calendrier des travaux et les perturbations de circulation.<\/p>\n<p>Pr\u00e8s de 500\u00a0m\u00e8tres de piste cyclable construite<\/p>\n<p class=\" wall-content\">Ce projet d\u2019am\u00e9nagement de la continuit\u00e9 cyclable concerne l\u2019axe du carrefour Br\u00fclig au carrefour de la Plaine des Bouchers et permettra \u00e0 terme <strong>une liaison continue de 1,3\u00a0km entre les trois quartiers.<\/strong><\/p>\n<p class=\" wall-content\">480\u00a0m\u00e8tres de chauss\u00e9e seront donc r\u00e9am\u00e9nag\u00e9s avec une piste bidirectionnelle s\u00e9par\u00e9e de la route et du trottoir.<\/p>\n<p>Quatre phases de travaux jusqu\u2019\u00e0 la fin de l\u2019ann\u00e9e<\/p>\n<p class=\" wall-content\">La<strong> premi\u00e8re phase,<\/strong> qui s\u2019\u00e9tale<strong> du 11\u00a0ao\u00fbt \u00e0 mi-septembre,<\/strong> concerne l\u2019intersection de l\u2019Oberelsau. Il sera interdit de tourner \u00e0 gauche dans le carrefour, la sortie rue des Imprimeurs vers le pont sera obligatoire. La sortie rue de l\u2019Oberelsau devra se faire par la rue Schongauer. Les sorties en tournant \u00e0 droite restent possibles.<\/p>\n<p class=\" wall-content\">De <strong>mi-septembre jusqu\u2019\u00e0 la fin du moins d\u2019octobre,<\/strong> ce sont <strong>les quartiers du Br\u00fclig et de la Coudreuse<\/strong> qui seront impact\u00e9s. L\u2019acc\u00e8s au quai du Br\u00fclig sera ferm\u00e9. Un d\u00e9tour par la rue des M\u00e9rovingiens et la route de Schirmeck sera possible. L\u2019acc\u00e8s \u00e0 la rue de la Coudreuse sera \u00e9galement impossible. Il faudra contourner l\u2019axe par la rue de la Tour verte et la route de Schirmeck.<\/p>\n<p>La fin des travaux pr\u00e9vue d\u00e9but d\u00e9cembre<\/p>\n<p class=\" wall-content\">De <strong>mi-octobre \u00e0 mi-novembre<\/strong>,<strong> l\u2019intersection de l\u2019Oberelsau<\/strong> sera \u00e0 nouveau perturb\u00e9e. L\u2019acc\u00e8s \u00e0 la rue de l\u2019Oberelsau sera ferm\u00e9 au niveau du carrefour avec la rue de la Montagne Verte.<\/p>\n<p class=\" wall-content\">Enfin, de <strong>mi-novembre \u00e0 d\u00e9but d\u00e9cembre<\/strong>,<strong> l\u2019intersection de l\u2019Unterelsau <\/strong>sera r\u00e9am\u00e9nag\u00e9e. L\u2019acc\u00e8s depuis l\u2019autoroute ou la Plaine des Bouchers vers la rue de l\u2019Unterelsau sera ferm\u00e9. Il faudra passer par la bretelle d\u2019acc\u00e8s \u00e0 la M35 et la rue E.Delacroix.<\/p>\n<p class=\" wall-content\">Suivez toute l\u2019actualit\u00e9 de vos villes et m\u00e9dias favoris en vous inscrivant \u00e0 <a href=\"https:\/\/moncompte.actu.fr\" title=\"D\u00e9couvez Mon Actu\" rel=\"nofollow noopener\" data-trk=\"{&quot;cta&quot;:{&quot;action&quot;:&quot;https:\\\/\\\/moncompte.actu.fr&quot;,&quot;category&quot;:&quot;mon compte&quot;,&quot;from&quot;:&quot;article footer&quot;,&quot;name&quot;:&quot;Mon actu&quot;,&quot;type&quot;:&quot;cta&quot;}}\" target=\"_blank\">Mon Actu<\/a>.<\/p>\n","protected":false},"excerpt":{"rendered":"Par R\u00e9daction Strasbourg Publi\u00e9 le 8 ao\u00fbt 2025 \u00e0 18h45 Dans l\u2019objectif de construire un r\u00e9seau continu, l\u2019Eurom\u00e9tropole&hellip;\n","protected":false},"author":2,"featured_media":305723,"comment_status":"","ping_status":"","sticky":false,"template":"","format":"standard","meta":{"footnotes":""},"categories":[2820],"tags":[1111,11,3542,1777,674,1011,27,775,12,4798,25,104,640,2086],"class_list":{"0":"post-305722","1":"post","2":"type-post","3":"status-publish","4":"format-standard","5":"has-post-thumbnail","7":"category-strasbourg","8":"tag-actu","9":"tag-actualites","10":"tag-circulation","11":"tag-eu","12":"tag-europe","13":"tag-fr","14":"tag-france","15":"tag-grand-est","16":"tag-news","17":"tag-pistes-cyclables","18":"tag-republique-francaise","19":"tag-societe","20":"tag-strasbourg","21":"tag-travaux"},"share_on_mastodon":{"url":"https:\/\/pubeurope.com\/@fr\/114994670741037591","error":""},"_links":{"self":[{"href":"https:\/\/www.europesays.com\/fr\/wp-json\/wp\/v2\/posts\/305722","targetHints":{"allow":["GET"]}}],"collection":[{"href":"https:\/\/www.europesays.com\/fr\/wp-json\/wp\/v2\/posts"}],"about":[{"href":"https:\/\/www.europesays.com\/fr\/wp-json\/wp\/v2\/types\/post"}],"author":[{"embeddable":true,"href":"https:\/\/www.europesays.com\/fr\/wp-json\/wp\/v2\/users\/2"}],"replies":[{"embeddable":true,"href":"https:\/\/www.europesays.com\/fr\/wp-json\/wp\/v2\/comments?post=305722"}],"version-history":[{"count":0,"href":"https:\/\/www.europesays.com\/fr\/wp-json\/wp\/v2\/posts\/305722\/revisions"}],"wp:featuredmedia":[{"embeddable":true,"href":"https:\/\/www.europesays.com\/fr\/wp-json\/wp\/v2\/media\/305723"}],"wp:attachment":[{"href":"https:\/\/www.europesays.com\/fr\/wp-json\/wp\/v2\/media?parent=305722"}],"wp:term":[{"taxonomy":"category","embeddable":true,"href":"https:\/\/www.europesays.com\/fr\/wp-json\/wp\/v2\/categories?post=305722"},{"taxonomy":"post_tag","embeddable":true,"href":"https:\/\/www.europesays.com\/fr\/wp-json\/wp\/v2\/tags?post=305722"}],"curies":[{"name":"wp","href":"https:\/\/api.w.org\/{rel}","templated":true}]}}