{"id":305724,"date":"2025-08-08T18:56:18","date_gmt":"2025-08-08T18:56:18","guid":{"rendered":"https:\/\/www.europesays.com\/fr\/305724\/"},"modified":"2025-08-08T18:56:18","modified_gmt":"2025-08-08T18:56:18","slug":"nice-lautoroute-a8-coupee-apres-un-enorme-carambolage-plusieurs-blesses","status":"publish","type":"post","link":"https:\/\/www.europesays.com\/fr\/305724\/","title":{"rendered":"Nice. L&rsquo;autoroute A8 coup\u00e9e apr\u00e8s un \u00e9norme carambolage : plusieurs bless\u00e9s"},"content":{"rendered":"<p>            Par<br \/>\n        <strong><br \/>\n            <a href=\"https:\/\/actu.fr\/auteur\/ugo-maillard\" title=\"Consulter tous les articles de Ugo Maillard\" target=\"_blank\" rel=\"noopener\">Ugo Maillard<\/a><br \/>\n        <\/strong><\/p>\n<p>        Publi\u00e9 le<\/p>\n<p>            7 ao\u00fbt 2025 \u00e0 8h50<br \/>\n        ; mis \u00e0 jour le 7 ao\u00fbt 2025 \u00e0 8h58    <\/p>\n<p><strong>MISE \u00c0 JOUR<\/strong>. Le jeudi 7 ao\u00fbt 2025 \u00e0 9h : L\u2019autoroute est ouverte \u00e0 la circulation, mais le trafic reste perturb\u00e9.<\/p>\n<p class=\" wall-content\">Un \u00e9norme <strong>carambolage<\/strong> s\u2019est produit sur l\u2019autoroute A8 ce jeudi 7\u00a0ao\u00fbt 2025, aux alentours de 7h. L\u2019accident a eu lieu aux abords du tunnel de Las Planas, avant la sortie de Nice Nord (Alpes-Maritimes).<\/p>\n<p>    <a href=\"https:\/\/www.google.com\/maps\/embed?pb=!1m18!1m12!1m3!1d19960.271824808173!2d7.2695844943914105!3d43.738715313809465!2m3!1f0!2f0!3f0!3m2!1i1024!2i768!4f13.1!3m3!1m2!1s0x12cdcf9349433f1d%3A0x84a1ce62bb9ccc8e!2sTun.%20de%20las%20Planas%2C%2006100%20Nice!5e0!3m2!1sfr!2sfr!4v1754548838871!5m2!1sfr!2sfr\" title=\"Ouvrie le lien\" target=\"_blank\" rel=\"noopener\">Cliquez ici pour visualiser le contenu<\/a><\/p>\n<p class=\" wall-content\">En raison des perturbations engendr\u00e9es par le carambolage, Vinci autoroutes indique que la circulation est totalement interrompue en direction de l\u2019Italie apr\u00e8s l\u2019entr\u00e9e n\u00b052 Nice Saint-Isidore.<\/p>\n<p class=\" wall-content\">Les \u00e9l\u00e9ments communiqu\u00e9s par les sapeurs-pompiers \u00e0 <a href=\"https:\/\/actu.fr\/nice\/\" target=\"_blank\" rel=\"noopener\">actu Nice<\/a>, font \u00e9tat de plusieurs v\u00e9hicules impliqu\u00e9s ainsi qu\u2019un poids lourd et une moto.<\/p>\n<p>Plusieurs bless\u00e9s<\/p>\n<p class=\" wall-content\">Les secours ont pris en charge <strong>trois bless\u00e9s l\u00e9gers<\/strong> dont deux hommes d\u2019environ cinquante ans et une femme d\u2019une vingtaine d\u2019ann\u00e9es. Les victimes ont \u00e9t\u00e9 transport\u00e9es vers l\u2019h\u00f4pital Pasteur II de Nice.<\/p>\n<p class=\" wall-content\">Au total, plus de 20 sapeurs-pompiers ont \u00e9t\u00e9 mobilis\u00e9s sur l\u2019accident.<\/p>\n<p class=\" wall-content\">Les services de d\u00e9pannage sont toujours sur les lieux et proc\u00e8dent \u00e0 l\u2019\u00e9vacuation des v\u00e9hicules et au nettoyage de la chauss\u00e9e.<\/p>\n<p class=\" wall-content\">Suivez toute l\u2019actualit\u00e9 de vos villes et m\u00e9dias favoris en vous inscrivant \u00e0 <a href=\"https:\/\/moncompte.actu.fr\" title=\"D\u00e9couvez Mon Actu\" rel=\"nofollow noopener\" data-trk=\"{&quot;cta&quot;:{&quot;action&quot;:&quot;https:\\\/\\\/moncompte.actu.fr&quot;,&quot;category&quot;:&quot;mon compte&quot;,&quot;from&quot;:&quot;article footer&quot;,&quot;name&quot;:&quot;Mon actu&quot;,&quot;type&quot;:&quot;cta&quot;}}\" target=\"_blank\">Mon Actu<\/a>.<\/p>\n","protected":false},"excerpt":{"rendered":"Par Ugo Maillard Publi\u00e9 le 7 ao\u00fbt 2025 \u00e0 8h50 ; mis \u00e0 jour le 7 ao\u00fbt 2025&hellip;\n","protected":false},"author":2,"featured_media":305725,"comment_status":"","ping_status":"","sticky":false,"template":"","format":"standard","meta":{"footnotes":""},"categories":[2819],"tags":[119,1111,11,5397,1777,674,118,1011,27,12,2401,1311,882,25],"class_list":{"0":"post-305724","1":"post","2":"type-post","3":"status-publish","4":"format-standard","5":"has-post-thumbnail","7":"category-nice","8":"tag-accident","9":"tag-actu","10":"tag-actualites","11":"tag-autoroute-8-a8","12":"tag-eu","13":"tag-europe","14":"tag-faits-divers","15":"tag-fr","16":"tag-france","17":"tag-news","18":"tag-nice","19":"tag-pompiers","20":"tag-provence-alpes-cote-dazur","21":"tag-republique-francaise"},"share_on_mastodon":{"url":"https:\/\/pubeurope.com\/@fr\/114994674659408616","error":""},"_links":{"self":[{"href":"https:\/\/www.europesays.com\/fr\/wp-json\/wp\/v2\/posts\/305724","targetHints":{"allow":["GET"]}}],"collection":[{"href":"https:\/\/www.europesays.com\/fr\/wp-json\/wp\/v2\/posts"}],"about":[{"href":"https:\/\/www.europesays.com\/fr\/wp-json\/wp\/v2\/types\/post"}],"author":[{"embeddable":true,"href":"https:\/\/www.europesays.com\/fr\/wp-json\/wp\/v2\/users\/2"}],"replies":[{"embeddable":true,"href":"https:\/\/www.europesays.com\/fr\/wp-json\/wp\/v2\/comments?post=305724"}],"version-history":[{"count":0,"href":"https:\/\/www.europesays.com\/fr\/wp-json\/wp\/v2\/posts\/305724\/revisions"}],"wp:featuredmedia":[{"embeddable":true,"href":"https:\/\/www.europesays.com\/fr\/wp-json\/wp\/v2\/media\/305725"}],"wp:attachment":[{"href":"https:\/\/www.europesays.com\/fr\/wp-json\/wp\/v2\/media?parent=305724"}],"wp:term":[{"taxonomy":"category","embeddable":true,"href":"https:\/\/www.europesays.com\/fr\/wp-json\/wp\/v2\/categories?post=305724"},{"taxonomy":"post_tag","embeddable":true,"href":"https:\/\/www.europesays.com\/fr\/wp-json\/wp\/v2\/tags?post=305724"}],"curies":[{"name":"wp","href":"https:\/\/api.w.org\/{rel}","templated":true}]}}