{"id":305729,"date":"2025-08-08T18:59:14","date_gmt":"2025-08-08T18:59:14","guid":{"rendered":"https:\/\/www.europesays.com\/fr\/305729\/"},"modified":"2025-08-08T18:59:14","modified_gmt":"2025-08-08T18:59:14","slug":"fc-nantes-combien-vaut-le-11-type-de-la-saison-2025-26","status":"publish","type":"post","link":"https:\/\/www.europesays.com\/fr\/305729\/","title":{"rendered":"FC Nantes. Combien vaut le 11 type de la saison 2025-26 ?"},"content":{"rendered":"<p><img fetchpriority=\"high\" decoding=\"async\" width=\"620\" height=\"412\" src=\"https:\/\/www.europesays.com\/fr\/wp-content\/uploads\/2025\/08\/FC-Nantes-maillot-620x412.jpeg\" alt=\"FC Nantes. Combien vaut le 11 type de la saison 2025-26 ?\" class=\"wp-image-369998\"  \/>Le FC Nantes d\u00e9bute sa saison avec l\u2019espoir de viser mieux que le maintien en Ligue 1.<\/p>\n<p>Le <a href=\"https:\/\/sportune.20minutes.fr\/fc-nantes\" rel=\"nofollow noopener\" target=\"_blank\">FC Nantes<\/a> aime cultiver les paradoxes, avec ses entra\u00eeneurs, les joueurs qu\u2019il recrute, son management\u2026 Adepte du contre-pied le club de la Loire en esp\u00e8re un autre, cette saison 2025-2026 qui le voit freiner ses ambitions avec une r\u00e9duction forte de son budget et pourtant vise-t-il mieux qu\u2019un maintien au forceps en <a href=\"https:\/\/sportune.20minutes.fr\/ligue-1-l1\" rel=\"nofollow noopener\" target=\"_blank\">Ligue 1<\/a>, comme il en vit r\u00e9guli\u00e8rement depuis quelques ann\u00e9es.<\/p>\n<p>Tylel Tati l\u2019inconnue \u00e0 tr\u00e8s gros potentiel<\/p>\n<p>Sur le terrain, ces d\u00e9calages se v\u00e9rifient aussi entre les lignes. Dans le 11 type de cette saison, ainsi que l\u2019annonce le journal L\u2019Equipe, un joueur que l\u2019attaquant tr\u00e8s convoit\u00e9 Matthis Abline est valoris\u00e9 \u00e0 la moiti\u00e9 \u00e0 lui seul du total de l\u2019effectif, d\u2019apr\u00e8s les donn\u00e9es de la plateforme Transfermarkt. Inversement, le jeune d\u00e9fenseur central Tylel Tati, tout juste 17 ans, vient d\u2019\u00eatre soudainement promu parmi les grands du groupe professionnel, avant m\u00eame qu\u2019il soit pr\u00e9c\u00e9d\u00e9 d\u2019un estimation sur le marchand des transferts.<\/p>\n<p>Au cumul, ce onze type du <a href=\"https:\/\/sportune.20minutes.fr\/fc-nantes\" rel=\"nofollow noopener\" target=\"_blank\">FC Nantes<\/a> saison 2025-2026 vaut 39,3 millions d\u2019euros, pour une moyenne \u00e0 3,5 M\u20ac par joueur. Mais forc\u00e9ment plus, en prenant pour principe l\u2019absence de valorisation de Tati, alors que si son talent et ses performances sont \u00e0 la hauteur des attentes de son coach qui l\u2019appelle \u00e0 ses c\u00f4t\u00e9s, il est certain que sa cote va tr\u00e8s vite grimper.<\/p>\n<p>Combien vaut le 11 type de la saison 2025-26 du FC Nantes ?<\/p>\n<p><img loading=\"lazy\" decoding=\"async\" class=\"aligncenter size-full wp-image-375643 lazyload\" src=\"https:\/\/www.europesays.com\/fr\/wp-content\/uploads\/2025\/08\/11-type-FC-Nantes.png\" alt=\"\" width=\"480\" height=\"600\"  data- style=\"--smush-placeholder-width: 480px; --smush-placeholder-aspect-ratio: 480\/600;\"\/><\/p>\n<p>Anthony Lopes = 1,2 M\u20ac<br \/>Kelvin Amian = 2,5 M\u20ac<br \/>Chidozie Awaziem = 2 M\u20ac<br \/>Tylel Tati = NC<br \/>Nicolas Cozza = 3,5 M\u20ac<br \/>Francis Coquelin = 0,9 M\u20ac<br \/>Johann Lepenant = 6 M\u20ac<br \/>Louis Leroux = 4 M\u20ac<br \/>Dehmaine Tabibou = 0,2 M\u20ac<br \/>Herba Guirassy = 1 M\u20ac<br \/>Matthis Abline = 18 M\u20ac<\/p>\n<p><strong>TOTAL =<\/strong> 39,3 M\u20ac<\/p>\n","protected":false},"excerpt":{"rendered":"Le FC Nantes d\u00e9bute sa saison avec l\u2019espoir de viser mieux que le maintien en Ligue 1. Le&hellip;\n","protected":false},"author":2,"featured_media":305730,"comment_status":"","ping_status":"","sticky":false,"template":"","format":"standard","meta":{"footnotes":""},"categories":[2818],"tags":[1111,11,1777,674,462,1011,27,766,12,2636,25,969],"class_list":{"0":"post-305729","1":"post","2":"type-post","3":"status-publish","4":"format-standard","5":"has-post-thumbnail","7":"category-nantes","8":"tag-actu","9":"tag-actualites","10":"tag-eu","11":"tag-europe","12":"tag-fc-nantes","13":"tag-fr","14":"tag-france","15":"tag-nantes","16":"tag-news","17":"tag-pays-de-la-loire","18":"tag-republique-francaise","19":"tag-transfert"},"share_on_mastodon":{"url":"https:\/\/pubeurope.com\/@fr\/114994686662168614","error":""},"_links":{"self":[{"href":"https:\/\/www.europesays.com\/fr\/wp-json\/wp\/v2\/posts\/305729","targetHints":{"allow":["GET"]}}],"collection":[{"href":"https:\/\/www.europesays.com\/fr\/wp-json\/wp\/v2\/posts"}],"about":[{"href":"https:\/\/www.europesays.com\/fr\/wp-json\/wp\/v2\/types\/post"}],"author":[{"embeddable":true,"href":"https:\/\/www.europesays.com\/fr\/wp-json\/wp\/v2\/users\/2"}],"replies":[{"embeddable":true,"href":"https:\/\/www.europesays.com\/fr\/wp-json\/wp\/v2\/comments?post=305729"}],"version-history":[{"count":0,"href":"https:\/\/www.europesays.com\/fr\/wp-json\/wp\/v2\/posts\/305729\/revisions"}],"wp:featuredmedia":[{"embeddable":true,"href":"https:\/\/www.europesays.com\/fr\/wp-json\/wp\/v2\/media\/305730"}],"wp:attachment":[{"href":"https:\/\/www.europesays.com\/fr\/wp-json\/wp\/v2\/media?parent=305729"}],"wp:term":[{"taxonomy":"category","embeddable":true,"href":"https:\/\/www.europesays.com\/fr\/wp-json\/wp\/v2\/categories?post=305729"},{"taxonomy":"post_tag","embeddable":true,"href":"https:\/\/www.europesays.com\/fr\/wp-json\/wp\/v2\/tags?post=305729"}],"curies":[{"name":"wp","href":"https:\/\/api.w.org\/{rel}","templated":true}]}}