{"id":305739,"date":"2025-08-08T19:05:16","date_gmt":"2025-08-08T19:05:16","guid":{"rendered":"https:\/\/www.europesays.com\/fr\/305739\/"},"modified":"2025-08-08T19:05:16","modified_gmt":"2025-08-08T19:05:16","slug":"mercato-lille-et-lol-se-tirent-la-bourre-pour-un-crack-de-ligue-1","status":"publish","type":"post","link":"https:\/\/www.europesays.com\/fr\/305739\/","title":{"rendered":"Mercato, Lille et l&rsquo;OL se tirent la bourre pour un crack de Ligue 1"},"content":{"rendered":"<p data-testid=\"article-teaser\">Lille et l\u2019OL sont de nouveau \u00e0 la lutte pour la m\u00eame cible en Ligue 1.<\/p>\n<p>Sur le march\u00e9 des transferts, certaines rivalit\u00e9s d\u00e9passent les simples affrontements sur le terrain. Cet \u00e9t\u00e9, l\u2019Olympique Lyonnais et le LOSC se retrouvent une nouvelle fois face \u00e0 face dans une course haletante. Apr\u00e8s un premier duel sur un poste strat\u00e9gique, la bataille se d\u00e9place d\u00e9sormais vers un secteur offensif o\u00f9 le talent vis\u00e9 attise toutes les convoitises.<\/p>\n","protected":false},"excerpt":{"rendered":"Lille et l\u2019OL sont de nouveau \u00e0 la lutte pour la m\u00eame cible en Ligue 1. Sur le&hellip;\n","protected":false},"author":2,"featured_media":305740,"comment_status":"","ping_status":"","sticky":false,"template":"","format":"standard","meta":{"footnotes":""},"categories":[2815],"tags":[1111,11,41563,1777,674,22910,1011,27,44559,811,41561,66,1307,2428,12,25,42914,2312,41700,44561,44560],"class_list":{"0":"post-305739","1":"post","2":"type-post","3":"status-publish","4":"format-standard","5":"has-post-thumbnail","7":"category-lille","8":"tag-actu","9":"tag-actualites","10":"tag-club-friendlies","11":"tag-eu","12":"tag-europe","13":"tag-fc-seville","14":"tag-fr","15":"tag-france","16":"tag-getafe","17":"tag-hauts-de-france","18":"tag-jeux-damitie-des-clubs","19":"tag-ligue-1","20":"tag-lille","21":"tag-lyon","22":"tag-news","23":"tag-republique-francaise","24":"tag-sevilla","25":"tag-toulouse","26":"tag-west-ham","27":"tag-west-ham-vs-lille","28":"tag-y-gboho"},"share_on_mastodon":{"url":"https:\/\/pubeurope.com\/@fr\/114994710058274110","error":""},"_links":{"self":[{"href":"https:\/\/www.europesays.com\/fr\/wp-json\/wp\/v2\/posts\/305739","targetHints":{"allow":["GET"]}}],"collection":[{"href":"https:\/\/www.europesays.com\/fr\/wp-json\/wp\/v2\/posts"}],"about":[{"href":"https:\/\/www.europesays.com\/fr\/wp-json\/wp\/v2\/types\/post"}],"author":[{"embeddable":true,"href":"https:\/\/www.europesays.com\/fr\/wp-json\/wp\/v2\/users\/2"}],"replies":[{"embeddable":true,"href":"https:\/\/www.europesays.com\/fr\/wp-json\/wp\/v2\/comments?post=305739"}],"version-history":[{"count":0,"href":"https:\/\/www.europesays.com\/fr\/wp-json\/wp\/v2\/posts\/305739\/revisions"}],"wp:featuredmedia":[{"embeddable":true,"href":"https:\/\/www.europesays.com\/fr\/wp-json\/wp\/v2\/media\/305740"}],"wp:attachment":[{"href":"https:\/\/www.europesays.com\/fr\/wp-json\/wp\/v2\/media?parent=305739"}],"wp:term":[{"taxonomy":"category","embeddable":true,"href":"https:\/\/www.europesays.com\/fr\/wp-json\/wp\/v2\/categories?post=305739"},{"taxonomy":"post_tag","embeddable":true,"href":"https:\/\/www.europesays.com\/fr\/wp-json\/wp\/v2\/tags?post=305739"}],"curies":[{"name":"wp","href":"https:\/\/api.w.org\/{rel}","templated":true}]}}