{"id":305741,"date":"2025-08-08T19:06:12","date_gmt":"2025-08-08T19:06:12","guid":{"rendered":"https:\/\/www.europesays.com\/fr\/305741\/"},"modified":"2025-08-08T19:06:12","modified_gmt":"2025-08-08T19:06:12","slug":"marseille-un-animal-geant-en-perdition-sur-cette-plage-operation-de-sauvetage-lancee","status":"publish","type":"post","link":"https:\/\/www.europesays.com\/fr\/305741\/","title":{"rendered":"Marseille. Un animal g\u00e9ant en perdition sur cette plage, op\u00e9ration de sauvetage lanc\u00e9e"},"content":{"rendered":"<p>            Par<br \/>\n        <strong><br \/>\n            <a href=\"https:\/\/actu.fr\/auteur\/fabien-binacchi\" title=\"Consulter tous les articles de Fabien Binacchi\" target=\"_blank\" rel=\"noopener\">Fabien Binacchi<\/a><br \/>\n        <\/strong><\/p>\n<p>        Publi\u00e9 le<\/p>\n<p>            8 ao\u00fbt 2025 \u00e0 16h40        <\/p>\n<p>Elle s\u2019est aventur\u00e9e un peu trop pr\u00e8s du bord.<\/p>\n<p class=\" wall-content\">T\u00f4t, ce vendredi 8 ao\u00fbt 2025, une raie Mobula, dont certaines sous-esp\u00e8ces peuvent approcher les 7m d\u2019envergure, a \u00e9t\u00e9 <strong>sauv\u00e9e de l\u2019\u00e9chouage<\/strong> par policiers municipaux et des <a href=\"https:\/\/actu.fr\/tag\/marin-pompier\" target=\"_blank\" rel=\"noopener\">marins-pompiers<\/a> du c\u00f4t\u00e9 de la plage de la Pointe Rouge, au Sud de <a href=\"https:\/\/actu.fr\/marseille\/\" target=\"_blank\" rel=\"noopener\">Marseille<\/a>.<\/p>\n<p>Coinc\u00e9e dans des rochers<\/p>\n<p class=\" wall-content\">Il \u00e9tait environ 7h45, ce vendredi 8\u00a0ao\u00fbt 2025, lorsque <strong>des agents de la police municipale<\/strong> remarquent l\u2019animal en perdition. Le Bataillon des marins-pompiers (BMPM) est appel\u00e9 \u00e0 la rescousse. \u00ab\u2009L\u2019animal \u00e9tait coinc\u00e9 dans des rochers\u2009\u00bb, \u00e0 proximit\u00e9 directe du sable de la plage de la Pointe Rouge, indique-t-il \u00e0 actu Marseille.<\/p>\n<p>    <a href=\"https:\/\/www.facebook.com\/plugins\/video.php?height=476&amp;href=https%3A%2F%2Fwww.facebook.com%2Fjeanlouis.manzoni%2Fvideos%2F1062538515621102%2F%3Fidorvanity%3D192440364825888&amp;show_text=false&amp;width=350&amp;t=0\" title=\"Ouvrie le lien\" target=\"_blank\" rel=\"noopener\">Cliquez ici pour visualiser le contenu<\/a><\/p>\n<p class=\" wall-content\">Il s\u2019agirait vraisemblablement d\u2019une Mobula mobular, surnomm\u00e9e <strong>\u00ab\u2009Diable de mer m\u00e9diterran\u00e9en\u2009\u00bb<\/strong>, une esp\u00e8ce menac\u00e9e inscrite sur la \u00ab\u2009liste rouge\u2009\u00bb de <a href=\"https:\/\/iucn.org\/fr\" target=\"_blank\" rel=\"noopener\">l\u2019Union internationale pour la conservation de la nature (IUCN).<\/a><\/p>\n<p class=\" wall-content\">Sa taille est en tout cas impressionnante.<\/p>\n<blockquote class=\"ac-article-quote wall-content\">\n<p>Il s&rsquo;agissait d&rsquo;un sp\u00e9cimen de plus de 3m d&rsquo;envergure.<\/p>\n<p>    <strong>Les marins-pompiers de Marseille<\/strong>\n            <\/p><\/blockquote>\n<p>    <img   decoding=\"async\" loading=\"lazy\" src=\"https:\/\/www.europesays.com\/fr\/wp-content\/uploads\/2025\/06\/raie-mobula-1-960x640.jpg\" alt=\"Certaines sous-esp\u00e8ces de raies Mobula peuvent atteindre les 7m d'envergure.\" width=\"960\" height=\"640\"\/><br \/>\n    Certaines sous-esp\u00e8ces de raies Mobula peuvent atteindre les 7m d\u2019envergure. (\u00a9Seaquarium Institut Marin Grau du Roi)Ramen\u00e9e vers le large<\/p>\n<p class=\" wall-content\"><strong>Trois nageurs sauveteurs<\/strong> du BMPM sont mis \u00e0 contribution pour secourir ce poisson g\u00e9ant en perdition. \u00ab\u2009Au bout d\u2019un moment, ils ont pu la remettre \u00e0 l\u2019eau et nager avec elle pour lui faire regagner des eaux plus profondes\u2009\u00bb, pr\u00e9cise encore le bataillon.<\/p>\n<p class=\" wall-content\">\u00ab\u2009Elle \u00e9tait <strong>d\u00e9sorient\u00e9e<\/strong>\u2009\u00bb explique aussi l\u2019adjoint au maire Herv\u00e9 Menchon, d\u00e9l\u00e9gu\u00e9 \u00e0 la mer. Les marins-pompiers ont d\u00fb s\u2019y reprendre \u00ab\u2009\u00e0 plusieurs reprises pour qu\u2019elle prenne la direction du large\u2009\u00bb, indique-t-il encore \u00e0 actu Marseille.<\/p>\n<p>\u00ab\u2009Une bonne nouvelle\u2009\u00bb pour la rade de Marseille<\/p>\n<p class=\" wall-content\">Ce n\u2019est pas la premi\u00e8re fois, cette ann\u00e9e, que ces \u00ab\u2009visiteuses\u2009\u00bb s\u2019approchent au plus pr\u00e8s des c\u00f4tes marseillaises. La semaine derni\u00e8re, <strong>une raie Pastenague,<\/strong> venimeuse, avait entra\u00een\u00e9 <a href=\"https:\/\/actu.fr\/provence-alpes-cote-d-azur\/marseille_13055\/marseille-cette-plage-fermee-d-urgence-une-espece-venimeuse-et-dangereuse-detectee_62992764.html\" target=\"_blank\" rel=\"noopener\">la fermeture de la plage de la Pointe Rouge<\/a> pendant plusieurs heures.<\/p>\n<p class=\" wall-content\">En juin\u00a02025, Herv\u00e9 Menchon s\u2019\u00e9tait r\u00e9joui aupr\u00e8s de notre r\u00e9daction de ces observations \u00ab\u2009rares mais pas exceptionnelles\u2009\u00bb. Elles \u00ab\u2009nous montrent aussi, d\u2019une certaine mani\u00e8re, que <strong>la biodiversit\u00e9 marine reprend sa place<\/strong> dans la rade de Marseille, m\u00eame en p\u00e9riode baln\u00e9aire, ce qui est plut\u00f4t une excellente nouvelle\u2009\u00bb, avan\u00e7ait-il.<\/p>\n<p class=\" wall-content\">\u00ab\u2009Il arrive parfois, surtout \u00e0 cette p\u00e9riode de l\u2019ann\u00e9e, que certaines esp\u00e8ces s\u2019approchent du rivage notamment pour se nourrir ou en raison de la temp\u00e9rature de l\u2019eau qui varie avec les courants et les conditions m\u00e9t\u00e9o ou encore pour mettre bas\u2009\u00bb, indiquait-il aussi.<\/p>\n<p class=\" wall-content\">Suivez toute l\u2019actualit\u00e9 de vos villes et m\u00e9dias favoris en vous inscrivant \u00e0 <a href=\"https:\/\/moncompte.actu.fr\" title=\"D\u00e9couvez Mon Actu\" rel=\"nofollow noopener\" data-trk=\"{&quot;cta&quot;:{&quot;action&quot;:&quot;https:\\\/\\\/moncompte.actu.fr&quot;,&quot;category&quot;:&quot;mon compte&quot;,&quot;from&quot;:&quot;article footer&quot;,&quot;name&quot;:&quot;Mon actu&quot;,&quot;type&quot;:&quot;cta&quot;}}\" target=\"_blank\">Mon Actu<\/a>.<\/p>\n","protected":false},"excerpt":{"rendered":"Par Fabien Binacchi Publi\u00e9 le 8 ao\u00fbt 2025 \u00e0 16h40 Elle s\u2019est aventur\u00e9e un peu trop pr\u00e8s du&hellip;\n","protected":false},"author":2,"featured_media":305742,"comment_status":"","ping_status":"","sticky":false,"template":"","format":"standard","meta":{"footnotes":""},"categories":[2814],"tags":[1111,11,1867,1130,1777,674,1011,27,17289,884,12,8302,52,882,25],"class_list":{"0":"post-305741","1":"post","2":"type-post","3":"status-publish","4":"format-standard","5":"has-post-thumbnail","7":"category-marseille","8":"tag-actu","9":"tag-actualites","10":"tag-animaux","11":"tag-biodiversite","12":"tag-eu","13":"tag-europe","14":"tag-fr","15":"tag-france","16":"tag-marin-pompier","17":"tag-marseille","18":"tag-news","19":"tag-plages","20":"tag-planete","21":"tag-provence-alpes-cote-dazur","22":"tag-republique-francaise"},"share_on_mastodon":{"url":"https:\/\/pubeurope.com\/@fr\/114994714033906942","error":""},"_links":{"self":[{"href":"https:\/\/www.europesays.com\/fr\/wp-json\/wp\/v2\/posts\/305741","targetHints":{"allow":["GET"]}}],"collection":[{"href":"https:\/\/www.europesays.com\/fr\/wp-json\/wp\/v2\/posts"}],"about":[{"href":"https:\/\/www.europesays.com\/fr\/wp-json\/wp\/v2\/types\/post"}],"author":[{"embeddable":true,"href":"https:\/\/www.europesays.com\/fr\/wp-json\/wp\/v2\/users\/2"}],"replies":[{"embeddable":true,"href":"https:\/\/www.europesays.com\/fr\/wp-json\/wp\/v2\/comments?post=305741"}],"version-history":[{"count":0,"href":"https:\/\/www.europesays.com\/fr\/wp-json\/wp\/v2\/posts\/305741\/revisions"}],"wp:featuredmedia":[{"embeddable":true,"href":"https:\/\/www.europesays.com\/fr\/wp-json\/wp\/v2\/media\/305742"}],"wp:attachment":[{"href":"https:\/\/www.europesays.com\/fr\/wp-json\/wp\/v2\/media?parent=305741"}],"wp:term":[{"taxonomy":"category","embeddable":true,"href":"https:\/\/www.europesays.com\/fr\/wp-json\/wp\/v2\/categories?post=305741"},{"taxonomy":"post_tag","embeddable":true,"href":"https:\/\/www.europesays.com\/fr\/wp-json\/wp\/v2\/tags?post=305741"}],"curies":[{"name":"wp","href":"https:\/\/api.w.org\/{rel}","templated":true}]}}