{"id":305747,"date":"2025-08-08T19:09:20","date_gmt":"2025-08-08T19:09:20","guid":{"rendered":"https:\/\/www.europesays.com\/fr\/305747\/"},"modified":"2025-08-08T19:09:20","modified_gmt":"2025-08-08T19:09:20","slug":"une-these-ecartee-par-les-enqueteurs-lenquete-terminee","status":"publish","type":"post","link":"https:\/\/www.europesays.com\/fr\/305747\/","title":{"rendered":"une th\u00e8se \u00e9cart\u00e9e par les enqu\u00eateurs, l&rsquo;enqu\u00eate termin\u00e9e"},"content":{"rendered":"<p>            Par<br \/>\n        <strong><br \/>\n            <a href=\"https:\/\/actu.fr\/auteur\/redaction-lyon\" title=\"Consulter tous les articles de R\u00e9daction Lyon\" target=\"_blank\" rel=\"noopener\">R\u00e9daction Lyon<\/a><br \/>\n        <\/strong><\/p>\n<p>        Publi\u00e9 le<\/p>\n<p>            8 ao\u00fbt 2025 \u00e0 20h26        <\/p>\n<p>Epilogue judiciaire dans l\u2019affaire de la disparition puis du <a href=\"https:\/\/actu.fr\/auvergne-rhone-alpes\/lyon_69123\/lyon-myrtille-la-jeune-femme-portee-disparue-depuis-mai-est-decedee_62986065.html\" target=\"_blank\" rel=\"noopener\">d\u00e9c\u00e8s de Myrtille Stcherbanioff<\/a>, jeune femme habitant Lyon et qui avait <a href=\"https:\/\/actu.fr\/auvergne-rhone-alpes\/lyon_69123\/lyon-myrtille-a-disparu-depuis-deux-semaines-ses-proches-tres-inquiets-la-police-enquete_62665627.html\" target=\"_blank\" rel=\"noopener\">disparu en mai dernier<\/a>. Son corps avait \u00e9t\u00e9 retrouv\u00e9 d\u00e9but juillet sur la commune de La Chapelle-d\u2019Abondance, dans le d\u00e9partement de Haute-Savoie.<\/p>\n<p>\u00ab\u00a0Enqu\u00eate class\u00e9e sans suite\u00a0\u00bb<\/p>\n<p class=\" wall-content\">Le procureur de la R\u00e9publique de Thonon-les-Bains en charge de l\u2019enqu\u00eate depuis la d\u00e9couverte du corps de la victime dans le d\u00e9partement (le parquet de Lyon avait ouvert une enqu\u00eate pour la disparition inqui\u00e9tante) a annonc\u00e9 vendredi 8 ao\u00fbt le classement sans suite des investigations. Le parquet avait ouvert une enqu\u00eate en recherches des causes de la mort.<\/p>\n<p class=\" wall-content\">Xavier Goux-Thiercelin, procureur de la R\u00e9publique a indiqu\u00e9 dans un communiqu\u00e9 que \u00ab\u00a0l\u2019enqu\u00eate en recherche des causes de la mort qui a \u00e9t\u00e9 diligent\u00e9e a conduit \u00e0 \u00e9carter l\u2019intervention d\u2019un tiers et a en cons\u00e9quence \u00e9t\u00e9 class\u00e9e sans suite par mon parquet\u00a0\u00bb.<\/p>\n<p>Un accident ou un suicide<\/p>\n<p class=\" wall-content\">La th\u00e8se criminelle est donc officiellement \u00e9cart\u00e9e. Le d\u00e9c\u00e8s de la Lyonnaise de 27 ans serait d\u00e9c\u00e9d\u00e9e des suites d\u2019un accident ou d\u2019un suicide, le parquet ne le pr\u00e9cisant pas puisque les investigations sont referm\u00e9es.\u00a0<\/p>\n<p class=\" wall-content\">Le corps de la jeune femme a \u00e9t\u00e9 retrouv\u00e9 par un parapentiste dans un \u00e9boulis en contrebas de la face sud de la t\u00eate de Charrouse, dans le massif des Cornettes de Bise, sur la commune de La Chapelle-d\u2019Abondance.\u00a0<\/p>\n<p class=\" wall-content\">La Lyonnaise \u00e9tait vraisemblablement cens\u00e9e rejoindre un ami \u00e0 la\u00a0f\u00eate m\u00e9di\u00e9vale de Bourg-en-Bresse\u00a0(Ain), le 16 mai, o\u00f9 elle devait exposer en tant qu\u2019artisane. La jeune femme g\u00e9rante d\u2019une soci\u00e9t\u00e9 de cr\u00e9ation d\u2019accessoires artisanaux \u00e9tait une membre active de la communaut\u00e9 m\u00e9di\u00e9vale.<\/p>\n<p class=\" wall-content\">Suivez toute l\u2019actualit\u00e9 de vos villes et m\u00e9dias favoris en vous inscrivant \u00e0 <a href=\"https:\/\/moncompte.actu.fr\" title=\"D\u00e9couvez Mon Actu\" rel=\"nofollow noopener\" data-trk=\"{&quot;cta&quot;:{&quot;action&quot;:&quot;https:\\\/\\\/moncompte.actu.fr&quot;,&quot;category&quot;:&quot;mon compte&quot;,&quot;from&quot;:&quot;article footer&quot;,&quot;name&quot;:&quot;Mon actu&quot;,&quot;type&quot;:&quot;cta&quot;}}\" target=\"_blank\">Mon Actu<\/a>.<\/p>\n<ul class=\"ac-article-tag wall-content\">\n<li><a href=\"https:\/\/actu.fr\/tag\/disparition\" data-trk=\"{&quot;cta&quot;:{&quot;action&quot;:&quot;Disparition inqui\\u00e9tante&quot;,&quot;category&quot;:&quot;tag&quot;,&quot;from&quot;:&quot;article footer&quot;,&quot;name&quot;:&quot;Disparition inqui\\u00e9tante&quot;,&quot;type&quot;:&quot;cta&quot;}}\" target=\"_blank\" rel=\"noopener\">#Disparition inqui\u00e9tante<\/a><\/li>\n<li><a href=\"https:\/\/actu.fr\/tag\/justice\" data-trk=\"{&quot;cta&quot;:{&quot;action&quot;:&quot;Justice&quot;,&quot;category&quot;:&quot;tag&quot;,&quot;from&quot;:&quot;article footer&quot;,&quot;name&quot;:&quot;Justice&quot;,&quot;type&quot;:&quot;cta&quot;}}\" target=\"_blank\" rel=\"noopener\">#Justice<\/a><\/li>\n<\/ul>\n","protected":false},"excerpt":{"rendered":"Par R\u00e9daction Lyon Publi\u00e9 le 8 ao\u00fbt 2025 \u00e0 20h26 Epilogue judiciaire dans l\u2019affaire de la disparition puis&hellip;\n","protected":false},"author":2,"featured_media":305748,"comment_status":"","ping_status":"","sticky":false,"template":"","format":"standard","meta":{"footnotes":""},"categories":[1889],"tags":[1111,11,2430,3676,1777,674,118,1011,27,303,2428,12,25],"class_list":{"0":"post-305747","1":"post","2":"type-post","3":"status-publish","4":"format-standard","5":"has-post-thumbnail","7":"category-lyon","8":"tag-actu","9":"tag-actualites","10":"tag-auvergne-rhone-alpes","11":"tag-disparition-inquietante","12":"tag-eu","13":"tag-europe","14":"tag-faits-divers","15":"tag-fr","16":"tag-france","17":"tag-justice","18":"tag-lyon","19":"tag-news","20":"tag-republique-francaise"},"share_on_mastodon":{"url":"https:\/\/pubeurope.com\/@fr\/114994725704636743","error":""},"_links":{"self":[{"href":"https:\/\/www.europesays.com\/fr\/wp-json\/wp\/v2\/posts\/305747","targetHints":{"allow":["GET"]}}],"collection":[{"href":"https:\/\/www.europesays.com\/fr\/wp-json\/wp\/v2\/posts"}],"about":[{"href":"https:\/\/www.europesays.com\/fr\/wp-json\/wp\/v2\/types\/post"}],"author":[{"embeddable":true,"href":"https:\/\/www.europesays.com\/fr\/wp-json\/wp\/v2\/users\/2"}],"replies":[{"embeddable":true,"href":"https:\/\/www.europesays.com\/fr\/wp-json\/wp\/v2\/comments?post=305747"}],"version-history":[{"count":0,"href":"https:\/\/www.europesays.com\/fr\/wp-json\/wp\/v2\/posts\/305747\/revisions"}],"wp:featuredmedia":[{"embeddable":true,"href":"https:\/\/www.europesays.com\/fr\/wp-json\/wp\/v2\/media\/305748"}],"wp:attachment":[{"href":"https:\/\/www.europesays.com\/fr\/wp-json\/wp\/v2\/media?parent=305747"}],"wp:term":[{"taxonomy":"category","embeddable":true,"href":"https:\/\/www.europesays.com\/fr\/wp-json\/wp\/v2\/categories?post=305747"},{"taxonomy":"post_tag","embeddable":true,"href":"https:\/\/www.europesays.com\/fr\/wp-json\/wp\/v2\/tags?post=305747"}],"curies":[{"name":"wp","href":"https:\/\/api.w.org\/{rel}","templated":true}]}}