{"id":305753,"date":"2025-08-08T19:14:21","date_gmt":"2025-08-08T19:14:21","guid":{"rendered":"https:\/\/www.europesays.com\/fr\/305753\/"},"modified":"2025-08-08T19:14:21","modified_gmt":"2025-08-08T19:14:21","slug":"entre-epicerie-et-cultures-urbaines-paris-accueille-sa-bodega-new-yorkaise","status":"publish","type":"post","link":"https:\/\/www.europesays.com\/fr\/305753\/","title":{"rendered":"Entre \u00e9picerie et cultures urbaines, Paris accueille sa bodega new-yorkaise"},"content":{"rendered":"<p>Vous r\u00eavez de voyager\u00a0? <strong>New York<\/strong> est sur votre liste de destinations de r\u00eave\u00a0? Figurez-vous que cet \u00e9t\u00e9, vous n\u2019allez m\u00eame pas avoir besoin de sauter dans un avion <strong>pour traverser l\u2019Atlantique<\/strong>\u00a0: la Grosse Pomme va venir \u00e0 vous. <strong>Du 29 ao\u00fbt au 5 octobre 2025<\/strong>, le 4e va prendre <strong>l\u2019allure de Brooklyn<\/strong> en installant l\u2019une des c\u00e9l\u00e8bres bodegas qui foisonnent dans le quartier new-yorkais. \u00c0 la fois \u00e9picerie et lieu \u00e0 la programmation culturelle riche, <strong>la Brooklyn Bodega<\/strong> promet de nous en faire voir de toutes les couleurs\u00a0!\u00a0<\/p>\n<p>&#13;<\/p>\n<p><img loading=\"lazy\" decoding=\"async\" src=\"https:\/\/www.europesays.com\/fr\/wp-content\/uploads\/2025\/08\/DAY1_GL_PARTENAIRE_WILLIAM_CHAREYRE_HD-19.jpg\" width=\"1000\" height=\"667\" alt=\"\"\/><br \/>\u00a9Brooklyn Bodega<\/p>\n<p>&#13;<br \/>\n<br \/><strong>Atmosph\u00e8re new-yorkaise garantie<\/strong>&#13;<\/p>\n<p>La Brooklyn Bodega, c\u2019est <strong>un lieu \u00e9ph\u00e9m\u00e8re<\/strong> co-anim\u00e9 par le youtubeur Raska. Bas\u00e9 sur le mod\u00e8le<strong> des \u00e9piceries de coin de rue<\/strong> qui rythment la vie new-yorkaise de l\u2019autre c\u00f4t\u00e9 du Brooklyn Bridge, la Brooklyn Bodega va permettre aux Parisien\u00b7nes de faire l\u2019exp\u00e9rience de <strong>cette ambiance singuli\u00e8re<\/strong> et profond\u00e9ment humaine. \u00c9picerie en premier lieu, l\u2019espace proposera <strong>une offre de street-food<\/strong> 100% new-yorkaise avec, bien s\u00fbr, un d\u00e9cor underground et color\u00e9 et de la <strong>musique rap et hip-hop <\/strong>qui renforcera cette impression d\u2019avoir rejoint les \u00c9tats-Unis.\u00a0<\/p>\n<p>&#13;<\/p>\n<blockquote class=\"instagram-media\" data-instgrm-permalink=\"https:\/\/www.instagram.com\/p\/DMmrb0LIfZU\/?utm_source=ig_embed&amp;utm_campaign=loading\" data-instgrm-version=\"14\" style=\"background: #FFF; border: 0; border-radius: 3px; box-shadow: 0 0 1px 0 rgba(0,0,0,0.5),0 1px 10px 0 rgba(0,0,0,0.15); margin: 1px; max-width: 540px; min-width: 326px; padding: 0; width: calc(100% - 2px);\"><p>&#13;<br \/>\n&#13;\n<\/p><\/blockquote>\n<p>&#13;<br \/>\n&#13;<br \/>\n<br \/><strong>Des expos et concerts pour s&rsquo;immerger dans la culture am\u00e9ricaine<\/strong>&#13;<\/p>\n<p>Une \u00e9picerie donc, mais pas que. Ici, <strong>les cultures urbaines<\/strong> vont \u00eatre mises \u00e0 l\u2019honneur pour laisser toute la place \u00e0 la cr\u00e9ativit\u00e9 et aux rencontres. Jusqu\u2019au 5 octobre 2025, <strong>des expositions<\/strong>, performances et autres surprises sonores vont se succ\u00e9der pour t\u00e9moigner de <strong>l\u2019effervescence culturelle new-yorkaise<\/strong> en plein Paris. \u00c0 quoi s\u2019attendre\u00a0? Des DJ sets d&rsquo;Alyas Music, Artem, Roxane ou encore Kriskrbs, <strong>des artistes hip-hop<\/strong>, mais aussi des produits tout droit venus de Brooklyn et une collection de merch cr\u00e9\u00e9e par Dido et propos\u00e9e en \u00e9dition limit\u00e9e. On ne sait pas vous, mais nous, on se r\u00e9jouit de <strong>cette escapade am\u00e9ricaine<\/strong> sans quitter Paris\u00a0!\u00a0<\/p>\n<p>&#13;<\/p>\n<p><strong>Brooklyn Bodega<br \/>34, rue de Bourg-Tibourg \u2013 4e<br \/>Du 29 au 5 ao\u00fbt 2025<br \/><a href=\"https:\/\/linkr.bio\/brooklyn_brewery_france\" rel=\"nofollow noopener noreferrer\" target=\"_blank\">Plus d\u2019infos <\/a><\/strong><\/p>\n<p><script async src=\"\/\/www.instagram.com\/embed.js\"><\/script><\/p>\n","protected":false},"excerpt":{"rendered":"Vous r\u00eavez de voyager\u00a0? New York est sur votre liste de destinations de r\u00eave\u00a0? Figurez-vous que cet \u00e9t\u00e9,&hellip;\n","protected":false},"author":2,"featured_media":305754,"comment_status":"","ping_status":"","sticky":false,"template":"","format":"standard","meta":{"footnotes":""},"categories":[1888],"tags":[1111,1928,11,1927,1777,674,1011,27,12,1926,626,1925,25],"class_list":{"0":"post-305753","1":"post","2":"type-post","3":"status-publish","4":"format-standard","5":"has-post-thumbnail","7":"category-paris","8":"tag-actu","9":"tag-actu-paris","10":"tag-actualites","11":"tag-actualites-paris","12":"tag-eu","13":"tag-europe","14":"tag-fr","15":"tag-france","16":"tag-news","17":"tag-news-paris","18":"tag-paris","19":"tag-paris-news","20":"tag-republique-francaise"},"share_on_mastodon":{"url":"https:\/\/pubeurope.com\/@fr\/114994745476606490","error":""},"_links":{"self":[{"href":"https:\/\/www.europesays.com\/fr\/wp-json\/wp\/v2\/posts\/305753","targetHints":{"allow":["GET"]}}],"collection":[{"href":"https:\/\/www.europesays.com\/fr\/wp-json\/wp\/v2\/posts"}],"about":[{"href":"https:\/\/www.europesays.com\/fr\/wp-json\/wp\/v2\/types\/post"}],"author":[{"embeddable":true,"href":"https:\/\/www.europesays.com\/fr\/wp-json\/wp\/v2\/users\/2"}],"replies":[{"embeddable":true,"href":"https:\/\/www.europesays.com\/fr\/wp-json\/wp\/v2\/comments?post=305753"}],"version-history":[{"count":0,"href":"https:\/\/www.europesays.com\/fr\/wp-json\/wp\/v2\/posts\/305753\/revisions"}],"wp:featuredmedia":[{"embeddable":true,"href":"https:\/\/www.europesays.com\/fr\/wp-json\/wp\/v2\/media\/305754"}],"wp:attachment":[{"href":"https:\/\/www.europesays.com\/fr\/wp-json\/wp\/v2\/media?parent=305753"}],"wp:term":[{"taxonomy":"category","embeddable":true,"href":"https:\/\/www.europesays.com\/fr\/wp-json\/wp\/v2\/categories?post=305753"},{"taxonomy":"post_tag","embeddable":true,"href":"https:\/\/www.europesays.com\/fr\/wp-json\/wp\/v2\/tags?post=305753"}],"curies":[{"name":"wp","href":"https:\/\/api.w.org\/{rel}","templated":true}]}}