{"id":305756,"date":"2025-08-08T19:16:11","date_gmt":"2025-08-08T19:16:11","guid":{"rendered":"https:\/\/www.europesays.com\/fr\/305756\/"},"modified":"2025-08-08T19:16:11","modified_gmt":"2025-08-08T19:16:11","slug":"chems-eddine-hafiz-dernier-trait-dunion-entre-alger-et-paris-liberation","status":"publish","type":"post","link":"https:\/\/www.europesays.com\/fr\/305756\/","title":{"rendered":"Chems-Eddine Hafiz, dernier trait d\u2019union entre Alger et Paris \u2013 Lib\u00e9ration"},"content":{"rendered":"<p class=\"sc-ksZaOG ehjQrN text-element\">Recteur de la Grande Mosqu\u00e9e de Paris, cet ancien avocat a longtemps su s\u2019y prendre pour garder les faveurs tout \u00e0 la fois d\u2019Emmanuel Macron et du pr\u00e9sident alg\u00e9rien Abdelmadjid Tebboune. Ses r\u00e9seaux, ses paroles et ses actes en faveur de la r\u00e9conciliation entre la R\u00e9publique et l\u2019islam, son discours anti-islamiste en faisaient l\u2019interm\u00e9diaire id\u00e9al entre deux pays qui peinent \u00e0 se retrouver sur leur m\u00e9moire. Il n\u2019y a rien \u00e0 faire, le pass\u00e9 colonial de la France ne passe pas en Alg\u00e9rie (et en France dans certains milieux non plus), et on ne peut pas dire que Paris y mette beaucoup du sien. Cette m\u00e9fiance, ces ranc\u0153urs, ces non-dits entre les deux capitales, Chems-Eddine Hafiz est parvenu \u00e0 les apaiser jusqu\u2019\u00e0 une date r\u00e9cente, <a href=\"https:\/\/www.liberation.fr\/societe\/religions\/chems-eddine-hafiz-recteur-de-la-grande-mosquee-lambassadeur-secret-dalger-a-paris-20250808_LOA733GN3BBAJKAPAECP3BGAQM\/\" target=\"_blank\" rel=\"noreferrer noopener\" title=\"https:\/\/www.liberation.fr\/societe\/religions\/chems-eddine-hafiz-recteur-de-la-grande-mosquee-lambassadeur-secret-dalger-a-paris-20250808_LOA733GN3BBAJKAPAECP3BGAQM\/\">notre enqu\u00eate le raconte avec beaucoup de d\u00e9tails in\u00e9dits<\/a>. <\/p>\n<p class=\"sc-ksZaOG ehjQrN text-element\">Mais quelque chose s\u2019est cass\u00e9. Sans doute un lien avec l\u2019attaque terroriste du 7 Octobre, que cet ambassadeur officieux d\u2019Alger a mis du temps \u00e0 condamner. Et puis la reconnaissance par Paris de la marocanit\u00e9 du Sahara-Occidental \u2013 tabou ultime pour Alger \u2013, la d\u00e9tention scandaleuse de Sansal que la France, malgr\u00e9 tous ses efforts, n\u2019est pas parvenue \u00e0 abr\u00e9ger, les coups de menton du ministre fran\u00e7ais de l\u2019Int\u00e9rieur, Bruno Retailleau, qui se r\u00eave en pr\u00e9sident et n\u2019en finit pas de montrer Alger du doigt pour le plus grand bonheur de la droite et de l\u2019extr\u00eame droite, ont achev\u00e9 de d\u00e9t\u00e9riorer la relation. <a href=\"https:\/\/www.liberation.fr\/international\/afrique\/sur-le-dossier-algerien-emmanuel-macron-opte-pour-un-bras-de-fer-mediatise-20250808_DOBKUWFDBRH73DPI7CYVUV5WFY\/\" target=\"_blank\" rel=\"noreferrer noopener\" title=\"https:\/\/www.liberation.fr\/international\/afrique\/sur-le-dossier-algerien-emmanuel-macron-opte-pour-un-bras-de-fer-mediatise-20250808_DOBKUWFDBRH73DPI7CYVUV5WFY\/\">Emmanuel Macron, cette semaine, a enfonc\u00e9 le clou<\/a> en annon\u00e7ant un durcissement des mesures diplomatiques et \u00e9conomiques. Chems-Eddine Hafiz n\u2019a jamais \u00e9t\u00e9 aussi utile (d\u2019autant que le v\u00e9ritable ambassadeur a \u00e9t\u00e9 rappel\u00e9 \u00e0 Alger)\u2026 \u00e0 moins qu\u2019il soit devenu d\u00e9finitivement inutile.<\/p>\n","protected":false},"excerpt":{"rendered":"Recteur de la Grande Mosqu\u00e9e de Paris, cet ancien avocat a longtemps su s\u2019y prendre pour garder les&hellip;\n","protected":false},"author":2,"featured_media":305757,"comment_status":"","ping_status":"","sticky":false,"template":"","format":"standard","meta":{"footnotes":""},"categories":[1888],"tags":[11,15,14959,1073,1777,674,1011,27,12,626,25],"class_list":{"0":"post-305756","1":"post","2":"type-post","3":"status-publish","4":"format-standard","5":"has-post-thumbnail","7":"category-paris","8":"tag-actualites","9":"tag-algerie","10":"tag-algerie-france-diplomatie","11":"tag-emmanuel-macron","12":"tag-eu","13":"tag-europe","14":"tag-fr","15":"tag-france","16":"tag-news","17":"tag-paris","18":"tag-republique-francaise"},"share_on_mastodon":{"url":"https:\/\/pubeurope.com\/@fr\/114994753669905381","error":""},"_links":{"self":[{"href":"https:\/\/www.europesays.com\/fr\/wp-json\/wp\/v2\/posts\/305756","targetHints":{"allow":["GET"]}}],"collection":[{"href":"https:\/\/www.europesays.com\/fr\/wp-json\/wp\/v2\/posts"}],"about":[{"href":"https:\/\/www.europesays.com\/fr\/wp-json\/wp\/v2\/types\/post"}],"author":[{"embeddable":true,"href":"https:\/\/www.europesays.com\/fr\/wp-json\/wp\/v2\/users\/2"}],"replies":[{"embeddable":true,"href":"https:\/\/www.europesays.com\/fr\/wp-json\/wp\/v2\/comments?post=305756"}],"version-history":[{"count":0,"href":"https:\/\/www.europesays.com\/fr\/wp-json\/wp\/v2\/posts\/305756\/revisions"}],"wp:featuredmedia":[{"embeddable":true,"href":"https:\/\/www.europesays.com\/fr\/wp-json\/wp\/v2\/media\/305757"}],"wp:attachment":[{"href":"https:\/\/www.europesays.com\/fr\/wp-json\/wp\/v2\/media?parent=305756"}],"wp:term":[{"taxonomy":"category","embeddable":true,"href":"https:\/\/www.europesays.com\/fr\/wp-json\/wp\/v2\/categories?post=305756"},{"taxonomy":"post_tag","embeddable":true,"href":"https:\/\/www.europesays.com\/fr\/wp-json\/wp\/v2\/tags?post=305756"}],"curies":[{"name":"wp","href":"https:\/\/api.w.org\/{rel}","templated":true}]}}