{"id":305758,"date":"2025-08-08T19:17:10","date_gmt":"2025-08-08T19:17:10","guid":{"rendered":"https:\/\/www.europesays.com\/fr\/305758\/"},"modified":"2025-08-08T19:17:10","modified_gmt":"2025-08-08T19:17:10","slug":"un-militaire-us-voulait-donner-les-plans-du-char-abrams-a-la-russie","status":"publish","type":"post","link":"https:\/\/www.europesays.com\/fr\/305758\/","title":{"rendered":"Un militaire US voulait donner les plans du char Abrams \u00e0 la Russie"},"content":{"rendered":"<p>Un soldat am\u00e9ricain de 22 ans, Taylor Adam Lee, a \u00e9t\u00e9 arr\u00eat\u00e9 fin juillet \u00e0 El Paso, au Texas, apr\u00e8s qu\u2019une enqu\u00eate conjointe du FBI et du U.S. Army Counterintelligence Command (ACIC) a mis au jour sa tentative pr\u00e9sum\u00e9e de transmettre des donn\u00e9es sensibles sur le char M1A2 Abrams \u00e0 la Russie. En possession d\u2019une habilitation Top Secret\/Sensitive Compartmented Information (SCI)<a id=\"d248eea3-88c5-473a-9abf-15e24d9ee21a-link\" href=\"#d248eea3-88c5-473a-9abf-15e24d9ee21a\">1<\/a>, le jeune homme est accus\u00e9 d\u2019avoir cherch\u00e9, entre mai et juillet 2025, \u00e0 vendre son expertise technique \u00e0 un interlocuteur qu\u2019il croyait rattach\u00e9 aux services de renseignement russes.<\/p>\n<p>\u00ab Mission accomplie \u00bb<\/p>\n<p>D\u2019apr\u00e8s les <a href=\"https:\/\/www.justice.gov\/opa\/pr\/active-duty-soldier-arrested-and-charged-espionage-and-export-violations\" target=\"_blank\" rel=\"noopener\">documents judiciaires<\/a>, Lee aurait d\u2019abord pris contact en ligne avec ce correspondant suppos\u00e9 et manifest\u00e9 son d\u00e9sir d\u2019\u00ab exposer les faiblesses \u00bb du blind\u00e9 am\u00e9ricain. En juin, il aurait ainsi mis \u00e0 disposition des informations contr\u00f4l\u00e9es \u2013 class\u00e9es Controlled Unclassified Information<a id=\"b8290a33-5b51-4e2a-9e3a-fe06bd3e608e-link\" href=\"#b8290a33-5b51-4e2a-9e3a-fe06bd3e608e\">2<\/a> (CUI) et soumises \u00e0 des r\u00e8gles strictes de diffusion \u2013 sur les syst\u00e8mes d\u2019armement et les proc\u00e9dures de combat li\u00e9es \u00e0 l\u2019Abrams, tout en confiant qu\u2019il \u00e9tait pr\u00eat \u00e0 \u00ab offrir ses services \u00bb \u00e0 la F\u00e9d\u00e9ration de Russie.<\/p>\n<p>Quelques semaines plus tard, une entrevue en pr\u00e9sentiel a alors scell\u00e9 la transaction : Lee a remis une carte SD contenant des plans d\u00e9taill\u00e9s et des rapports d\u2019analyse, tout en reconnaissant la nature sensible, voire confidentielle, de ces fichiers.<\/p>\n<p>L\u2019affaire a pris une tournure plus pr\u00e9occupante lorsque le pr\u00e9venu, imbu de son r\u00f4le de trait-d\u2019union entre les arm\u00e9es, a propos\u00e9 d\u2019obtenir un composant interne du char Abrams. Le 31 juillet, il a d\u00e9pos\u00e9 l\u2019\u00e9l\u00e9ment en question dans un local de stockage s\u00e9curis\u00e9 d\u2019El Paso, avant d\u2019adresser \u00e0 son contact un laconique \u00ab Mission accomplie \u00bb. Ce geste, jug\u00e9 particuli\u00e8rement grave, a conduit \u00e0 son arrestation peu apr\u00e8s.<\/p>\n<p>Les autorit\u00e9s f\u00e9d\u00e9rales n\u2019ont pas manqu\u00e9 de souligner le signal fort que repr\u00e9sente cette mise en examen. Pour Roman Rozhavsky, directeur adjoint de la division contre-<a href=\"https:\/\/opexnews.fr\/tag\/espionnage\/\" target=\"_blank\" rel=\"noopener\">espionnage<\/a> du FBI, \u00ab ce cas d\u00e9montre qu\u2019aucune trahison, surtout de la part d\u2019un militaire, ne restera impunie \u00bb. Le procureur adjoint John A. Eisenberg a, de son c\u00f4t\u00e9, insist\u00e9 sur la collaboration \u00e9troite entre la Justice et les forces arm\u00e9es pour garantir que ce type de manquement re\u00e7oive \u00ab une r\u00e9ponse proportionn\u00e9e \u00bb.<\/p>\n<p>Les autorit\u00e9s f\u00e9d\u00e9rales en alerte<\/p>\n<p>\u00c0 Washington comme \u00e0 El Paso, les responsables f\u00e9d\u00e9raux insistent sur la n\u00e9cessit\u00e9 permanente de vigilance au sein des rangs. Le procureur Justin R. Simmons rappelle que \u00ab la s\u00e9curit\u00e9 nationale demeure une priorit\u00e9 absolue \u00bb et que toute compromission d\u2019informations classifi\u00e9es sera rigoureusement poursuivie. Le g\u00e9n\u00e9ral de brigade Sean F. Stinchon, chef de l\u2019Army Counterintelligence Command, ajoute que \u00ab chaque soldat doit signaler toute activit\u00e9 suspecte : l\u2019ombre d\u2019une menace interne doit pouvoir \u00eatre lev\u00e9e imm\u00e9diatement \u00bb.<\/p>\n<p>L\u2019enjeu est de taille : le M1A2 Abrams constitue l\u2019un des fleurons de la puissance blind\u00e9e am\u00e9ricaine \u2013 un statut confirm\u00e9 sur le front ukrainien, o\u00f9 Canberra <a href=\"https:\/\/www.minister.defence.gov.au\/media-releases\/2025-07-19\/m1a1-abrams-tanks-delivered-ukraine\" target=\"_blank\" rel=\"noopener\">a r\u00e9cemment<\/a> livr\u00e9 un premier lot de M1A1 modifi\u00e9s, \u00e9quip\u00e9s de blindages additionnels et d\u2019un camouflage adapt\u00e9, pour renforcer la d\u00e9fense des forces ukrainiennes. Cette d\u00e9pendance strat\u00e9gique fait de toute vuln\u00e9rabilit\u00e9 technique une manne d\u2019informations pr\u00e9cieuse pour un adversaire ; l\u2019affaire Taylor Adam Lee rappelle ainsi que la protection de ce savoir-faire militaire ne se limite pas \u00e0 des barri\u00e8res physiques, mais exige un contr\u00f4le strict des acc\u00e8s aux donn\u00e9es classifi\u00e9es et une vigilance permanente des personnels habilit\u00e9s.<\/p>\n<p>Taylor Adam Lee, mis en examen pour tentative de transmission de renseignements de d\u00e9fense nationale et exportation ill\u00e9gale de donn\u00e9es techniques, compara\u00eetra devant une cour f\u00e9d\u00e9rale du district ouest du Texas.<\/p>\n<p>Photo \u00a9 US Army<\/p>\n<ol class=\"wp-block-footnotes\">\n<li id=\"d248eea3-88c5-473a-9abf-15e24d9ee21a\">Informations compartiment\u00e9es sensibles <a href=\"#d248eea3-88c5-473a-9abf-15e24d9ee21a-link\" aria-label=\"Aller \u00e0 la note de bas de page 1\">\u21a9\ufe0e<\/a><\/li>\n<li id=\"b8290a33-5b51-4e2a-9e3a-fe06bd3e608e\">Informations non classifi\u00e9es contr\u00f4l\u00e9es qui remplace le pr\u00e9c\u00e9dent syst\u00e8me d\u2019informations \u00ab\u00a0sensibles mais non classifi\u00e9es\u00a0\u00bb (SBU) <a href=\"#b8290a33-5b51-4e2a-9e3a-fe06bd3e608e-link\" aria-label=\"Aller \u00e0 la note de bas de page 2\">\u21a9\ufe0e<\/a><\/li>\n<\/ol>\n","protected":false},"excerpt":{"rendered":"Un soldat am\u00e9ricain de 22 ans, Taylor Adam Lee, a \u00e9t\u00e9 arr\u00eat\u00e9 fin juillet \u00e0 El Paso, au&hellip;\n","protected":false},"author":2,"featured_media":305759,"comment_status":"","ping_status":"","sticky":false,"template":"","format":"standard","meta":{"footnotes":""},"categories":[1591],"tags":[44562,11,7569,4777,73,18120,1887,1146,44563,3579,44564,12,24167,1885,1886,132,44565,44566,220,40312],"class_list":{"0":"post-305758","1":"post","2":"type-post","3":"status-publish","4":"format-standard","5":"has-post-thumbnail","7":"category-russie","8":"tag-abrams","9":"tag-actualites","10":"tag-char","11":"tag-espionnage","12":"tag-etats-unis","13":"tag-fbi","14":"tag-federation-de-russie","15":"tag-guerre","16":"tag-m1a2-abrams","17":"tag-militaire","18":"tag-national-security-division","19":"tag-news","20":"tag-renseignement","21":"tag-russia","22":"tag-russian-federation","23":"tag-russie","24":"tag-taylor-adam-lee","25":"tag-u-s-army-counterintelligence-command","26":"tag-ukraine","27":"tag-us-army"},"share_on_mastodon":{"url":"https:\/\/pubeurope.com\/@fr\/114994757355482601","error":""},"_links":{"self":[{"href":"https:\/\/www.europesays.com\/fr\/wp-json\/wp\/v2\/posts\/305758","targetHints":{"allow":["GET"]}}],"collection":[{"href":"https:\/\/www.europesays.com\/fr\/wp-json\/wp\/v2\/posts"}],"about":[{"href":"https:\/\/www.europesays.com\/fr\/wp-json\/wp\/v2\/types\/post"}],"author":[{"embeddable":true,"href":"https:\/\/www.europesays.com\/fr\/wp-json\/wp\/v2\/users\/2"}],"replies":[{"embeddable":true,"href":"https:\/\/www.europesays.com\/fr\/wp-json\/wp\/v2\/comments?post=305758"}],"version-history":[{"count":0,"href":"https:\/\/www.europesays.com\/fr\/wp-json\/wp\/v2\/posts\/305758\/revisions"}],"wp:featuredmedia":[{"embeddable":true,"href":"https:\/\/www.europesays.com\/fr\/wp-json\/wp\/v2\/media\/305759"}],"wp:attachment":[{"href":"https:\/\/www.europesays.com\/fr\/wp-json\/wp\/v2\/media?parent=305758"}],"wp:term":[{"taxonomy":"category","embeddable":true,"href":"https:\/\/www.europesays.com\/fr\/wp-json\/wp\/v2\/categories?post=305758"},{"taxonomy":"post_tag","embeddable":true,"href":"https:\/\/www.europesays.com\/fr\/wp-json\/wp\/v2\/tags?post=305758"}],"curies":[{"name":"wp","href":"https:\/\/api.w.org\/{rel}","templated":true}]}}