{"id":305760,"date":"2025-08-08T19:18:14","date_gmt":"2025-08-08T19:18:14","guid":{"rendered":"https:\/\/www.europesays.com\/fr\/305760\/"},"modified":"2025-08-08T19:18:14","modified_gmt":"2025-08-08T19:18:14","slug":"guerre-en-ukraine-kiev-ordonne-levacuation-forcee-de-civils-dans-lest-ou-les-troupes-russes-avancent","status":"publish","type":"post","link":"https:\/\/www.europesays.com\/fr\/305760\/","title":{"rendered":"Guerre en Ukraine. Kiev ordonne l&rsquo;\u00e9vacuation forc\u00e9e de civils dans l&rsquo;est, o\u00f9 les troupes russes avancent"},"content":{"rendered":"<p>Apr\u00e8s une mesure similaire prise fin juillet, l&rsquo;Ukraine a de nouveau annonc\u00e9 vendredi proc\u00e9der \u00e0 de nouvelles \u00e9vacuations forc\u00e9es de civils dans l&rsquo;est de son territoire, o\u00f9 les troupes russes continuent de gagner du terrain depuis des mois.<\/p>\n<p>\u00ab Nous commen\u00e7ons l&rsquo;\u00e9vacuation obligatoire des familles avec enfants \u00bb, a annonc\u00e9 sur Telegram Vadym Filachkine, le gouverneur de la r\u00e9gion de Donetsk, o\u00f9 se d\u00e9roule l&rsquo;essentiel des combats. Il a dress\u00e9 la liste d&rsquo;une vingtaine de localit\u00e9s devant \u00eatre \u00e9vacu\u00e9es.<\/p>\n<p>Ce contenu est bloqu\u00e9 car vous n&rsquo;avez pas accept\u00e9 les cookies et autres traceurs.<\/p>\n<p>En cliquant sur \u00ab J\u2019accepte \u00bb, les cookies et autres traceurs seront d\u00e9pos\u00e9s et vous pourrez visualiser les contenus  (<a href=\"\" class=\"consentModule_policy\" target=\"_blank\" title=\"Consulter la politique de protection des donn\u00e9es du fournisseur\">plus d&rsquo;informations<\/a>).<\/p>\n<p>En cliquant sur \u00ab J\u2019accepte tous les cookies \u00bb, vous autorisez des d\u00e9p\u00f4ts de cookies et autres traceurs pour le stockage de vos donn\u00e9es sur nos sites et applications \u00e0 des fins de personnalisation et de ciblage publicitaire.<\/p>\n<p class=\"consentModule_secondaryText\">Vous gardez la possibilit\u00e9 de retirer votre consentement \u00e0 tout moment en consultant notre <a href=\"https:\/\/www.dna.fr\/protection-des-donnees\" target=\"_blank\" title=\"Consulter notre politique de protection des donn\u00e9es\" rel=\"noopener\">politique de protection des donn\u00e9es<\/a>. <br \/>&#13;<br \/>\n            <a href=\"https:\/\/www.dna.fr\/defense-guerre-conflit\/2025\/08\/08\/javascript:Didomi.notice.show()\" class=\"consentModule_cmp\" target=\"_blank\" rel=\"noopener\">G\u00e9rer mes choix<\/a>&#13;\n        <\/p>\n<p>&#13;<br \/>\n                        J&rsquo;accepte&#13;<br \/>\n            J&rsquo;accepte tous les cookies&#13;\n        <\/p>\n<p>  A\u00a030 kilom\u00e8tres de la ligne de front<\/p>\n<p>Ces villages, qui abritent des centaines de personnes, sont tous situ\u00e9s \u00e0 environ 30 kilom\u00e8tres de la ligne de front. \u00ab Au total, environ 109 enfants se trouvent actuellement dans ces localit\u00e9s \u00bb, a pr\u00e9cis\u00e9 Filachkine. \u00ab Je le r\u00e9p\u00e8te une fois de plus : rester dans la r\u00e9gion de Donetsk est extr\u00eamement dangereux. Evacuez tant que vous le pouvez encore \u00bb, a-t-il ajout\u00e9.<\/p>\n<p>L&rsquo;arm\u00e9e russe gagne du terrain dans l&rsquo;est de l&rsquo;Ukraine depuis plus d&rsquo;un an et, en juillet, elle a acc\u00e9l\u00e9r\u00e9 ses avanc\u00e9es pour le quatri\u00e8me mois cons\u00e9cutif. Le pr\u00e9sident am\u00e9ricain <a href=\"https:\/\/www.dna.fr\/p\/donald-trump\" target=\"_blank\" rel=\"noopener\">Donald Trump<\/a>, qui fait pression pour mettre fin \u00e0 cette guerre, devrait rencontrer le pr\u00e9sident russe <a href=\"https:\/\/www.dna.fr\/p\/vladimir-poutine\" target=\"_blank\" rel=\"noopener\">Vladimir Poutine<\/a> <a href=\"https:\/\/www.dna.fr\/defense-guerre-conflit\/2025\/08\/08\/qu-attendre-de-la-rencontre-inedite-entre-donald-trump-et-vladimir-poutine\" target=\"_blank\" rel=\"noopener\">lors d&rsquo;un sommet la semaine prochaine<\/a>, selon le Kremlin.\u00a0<\/p>\n","protected":false},"excerpt":{"rendered":"Apr\u00e8s une mesure similaire prise fin juillet, l&rsquo;Ukraine a de nouveau annonc\u00e9 vendredi proc\u00e9der \u00e0 de nouvelles \u00e9vacuations&hellip;\n","protected":false},"author":2,"featured_media":305761,"comment_status":"","ping_status":"","sticky":false,"template":"","format":"standard","meta":{"footnotes":""},"categories":[1590],"tags":[11,3206,1777,674,107,329,12,220],"class_list":{"0":"post-305760","1":"post","2":"type-post","3":"status-publish","4":"format-standard","5":"has-post-thumbnail","7":"category-ukraine","8":"tag-actualites","9":"tag-defense-guerre-conflit","10":"tag-eu","11":"tag-europe","12":"tag-fil-info","13":"tag-france-monde","14":"tag-news","15":"tag-ukraine"},"share_on_mastodon":{"url":"https:\/\/pubeurope.com\/@fr\/114994761294893604","error":""},"_links":{"self":[{"href":"https:\/\/www.europesays.com\/fr\/wp-json\/wp\/v2\/posts\/305760","targetHints":{"allow":["GET"]}}],"collection":[{"href":"https:\/\/www.europesays.com\/fr\/wp-json\/wp\/v2\/posts"}],"about":[{"href":"https:\/\/www.europesays.com\/fr\/wp-json\/wp\/v2\/types\/post"}],"author":[{"embeddable":true,"href":"https:\/\/www.europesays.com\/fr\/wp-json\/wp\/v2\/users\/2"}],"replies":[{"embeddable":true,"href":"https:\/\/www.europesays.com\/fr\/wp-json\/wp\/v2\/comments?post=305760"}],"version-history":[{"count":0,"href":"https:\/\/www.europesays.com\/fr\/wp-json\/wp\/v2\/posts\/305760\/revisions"}],"wp:featuredmedia":[{"embeddable":true,"href":"https:\/\/www.europesays.com\/fr\/wp-json\/wp\/v2\/media\/305761"}],"wp:attachment":[{"href":"https:\/\/www.europesays.com\/fr\/wp-json\/wp\/v2\/media?parent=305760"}],"wp:term":[{"taxonomy":"category","embeddable":true,"href":"https:\/\/www.europesays.com\/fr\/wp-json\/wp\/v2\/categories?post=305760"},{"taxonomy":"post_tag","embeddable":true,"href":"https:\/\/www.europesays.com\/fr\/wp-json\/wp\/v2\/tags?post=305760"}],"curies":[{"name":"wp","href":"https:\/\/api.w.org\/{rel}","templated":true}]}}