{"id":305762,"date":"2025-08-08T19:19:12","date_gmt":"2025-08-08T19:19:12","guid":{"rendered":"https:\/\/www.europesays.com\/fr\/305762\/"},"modified":"2025-08-08T19:19:12","modified_gmt":"2025-08-08T19:19:12","slug":"donald-trump-veut-imposer-100-de-droits-de-douane-sur-les-semiconducteurs","status":"publish","type":"post","link":"https:\/\/www.europesays.com\/fr\/305762\/","title":{"rendered":"Donald\u00a0Trump veut imposer 100\u00a0% de droits de douane sur les semiconducteurs"},"content":{"rendered":"<p>&#13;<\/p>\n<p>Hier, le pr\u00e9sident am\u00e9ricain Donald\u00a0Trump a annonc\u00e9 l\u2019imposition d\u2019importants droits de douane sur les semiconducteurs import\u00e9s aux \u00c9tats-Unis, \u00e0 moins que les entreprises ne s\u2019engagent de mani\u00e8re substantielle \u00e0 d\u00e9velopper leur production sur le territoire am\u00e9ricain.<\/p>\n<p>\u00ab\u00a0Nous allons imposer des droits de douane tr\u00e8s \u00e9lev\u00e9s sur les puces et les semiconducteurs, mais la bonne nouvelle pour les entreprises comme Apple, c\u2019est que si vous construisez aux \u00c9tats-Unis ou si vous vous \u00eates engag\u00e9 \u00e0 construire [des usines de semiconducteurs] aux \u00c9tats-Unis, vous ne serez pas tax\u00e9\u00a0\u00bb, a d\u00e9clar\u00e9 le pr\u00e9sident, comme l\u2019atteste l\u2019enregistrement d\u2019un briefing <a href=\"https:\/\/www.youtube.com\/watch?v=Wdh_N4iFVPI\" rel=\"nofollow noopener\" target=\"_blank\">diffus\u00e9<\/a> sur YouTube par Bloomberg TV. Et de pr\u00e9ciser que, dans le cas contraire, une surtaxe de 100\u00a0% sera appliqu\u00e9e \u00e0 l\u2019entr\u00e9e de \u00ab\u00a0puces et semiconducteurs\u00a0\u00bb aux \u00c9tats-Unis.<\/p>\n<p> Apple en \u00e9l\u00e8ve mod\u00e8le pour un retour des usines de semiconducteurs aux USA<\/p>\n<p>La d\u00e9claration de Donald\u00a0Trump fait suite \u00e0 l\u2019annonce faite par Apple en d\u00e9but de semaine d\u2019un nouvel investissement de 100\u00a0milliards de dollars dans sa cha\u00eene de production aux \u00c9tats-Unis. Un effort qui s\u2019inscrit dans un plan de d\u00e9pense de plus de 600\u00a0milliards de dollars au cours des quatre prochaines ann\u00e9es.<\/p>\n<p>L\u2019American Manufacturing Program (AMP) d\u2019Apple vise plus particuli\u00e8rement \u00e0 transf\u00e9rer une plus grande part de sa cha\u00eene d\u2019approvisionnement et de sa production dans son pays d\u2019origine.<\/p>\n<p>Selon l\u2019entreprise, cela permettra d\u2019augmenter les investissements localement et d\u2019inciter les entreprises mondiales \u00e0 y produire davantage de composants essentiels.<\/p>\n<p>Cette strat\u00e9gie dont Tim\u00a0Cook, CEO d\u2019Apple, est \u00ab\u00a0fier\u00a0\u00bb implique des partenariats \u00ab\u00a0nouveaux et \u00e9tendus\u00a0\u00bb avec \u00ab\u00a010\u00a0entreprises \u00e0 travers les \u00c9tats-Unis\u00a0\u00bb.<\/p>\n<p>En avril\u00a02025, le Bureau de l\u2019industrie et de la s\u00e9curit\u00e9 du d\u00e9partement am\u00e9ricain du Commerce a lanc\u00e9 une consultation publique dans le cadre de la section\u00a0232 (enqu\u00eate sur la s\u00e9curit\u00e9 nationale relative aux importations de semiconducteurs et d\u2019\u00e9quipements de fabrication de semiconducteurs).<\/p>\n<p>Cette enqu\u00eate vise \u00e0 d\u00e9terminer les effets sur la s\u00e9curit\u00e9 nationale des importations de semiconducteurs, d\u2019\u00e9quipements de fabrication associ\u00e9s et de leurs produits d\u00e9riv\u00e9s. Cela comprend, entre autres, les substrats et les wafers nus, les puces existantes, les puces de pointe, les composants micro\u00e9lectroniques et les \u00e9l\u00e9ments SME (Semiconductor Manufacturing Equipments\u00a0: packages c\u00e9ramiques, \u00e9l\u00e9ments de refroidissement, connecteurs, etc.).<\/p>\n<p>Bien que les r\u00e9sultats de cette enqu\u00eate n\u2019aient pas encore \u00e9t\u00e9 publi\u00e9s, il semble y avoir une inqui\u00e9tude croissante au sein de l\u2019Administration am\u00e9ricaine quant au fait qu\u2019elle ne d\u00e9tienne plus une position dominante sur le march\u00e9 des semiconducteurs.<\/p>\n<p> Lip-Bu Tan (CEO d\u2019Intel) dans le viseur de Donald\u00a0Trump<\/p>\n<p>Gr\u00e2ce \u00e0 la domination d\u2019Intel, les \u00c9tats-Unis \u00e9taient autrefois consid\u00e9r\u00e9s comme un leader dans le domaine, mais Intel n\u2019a pas encore trouv\u00e9 de r\u00e9ponse efficace au quasi-monopole de Nvidia dans le secteur de l\u2019IA.<\/p>\n<p>Dans son discours pr\u00e9par\u00e9 pour la pr\u00e9sentation des r\u00e9sultats du deuxi\u00e8me trimestre\u00a02025 de l\u2019entreprise, Lip-Bu Tan, qui a succ\u00e9d\u00e9 \u00e0 Pat Gelsinger au poste de PDG en mars\u00a02025, a d\u00e9clar\u00e9\u00a0: \u00ab\u00a0Si nous devons d\u00e9velopper et consolider notre franchise dans le domaine des semiconducteurs, <a href=\"https:\/\/www.lemagit.fr\/actualites\/366627606\/Semiconducteurs-Intel-se-degraisse-et-se-recentre-sur-lIA-dappoint\" rel=\"nofollow noopener\" target=\"_blank\">sur la base de nos processeurs\u00a0x86 et de nos processeurs graphiques Xe<\/a>, nous reconnaissons la n\u00e9cessit\u00e9 de passer \u00e0 un niveau sup\u00e9rieur d\u2019abstraction, vers les syst\u00e8mes et les logiciels\u00a0\u00bb.<\/p>\n<p>\u00ab\u00a0C\u2019est un domaine dans lequel Intel a traditionnellement \u00e9t\u00e9 faible, voire totalement absent, mais nous avons l\u2019intention d\u2019incuber et de d\u00e9velopper ces comp\u00e9tences et capacit\u00e9s importantes sous ma direction\u00a0\u00bb, a-t-il poursuivi. \u00ab\u00a0Cela prendra du temps, mais il sera essentiel pour Intel de rester dans la course dans la prochaine vague de l\u2019informatique.\u00a0\u00bb.<\/p>\n<p>Contrairement \u00e0 Intel, Nvidia et AMD ne d\u00e9tiennent pas d\u2019usines. Ces deux autres acteurs am\u00e9ricains dits \u00ab\u00a0fabless\u00a0\u00bb con\u00e7oivent leurs puces (GPU pour Nvidia, CPU et GPU pour AMD) principalement aux \u00c9tats-Unis, mais les font majoritairement fabriquer par le Taiwanais TSMC. Lors de ses r\u00e9sultats, Intel a indiqu\u00e9 qu\u2019il envisage de stopper son processus\u00a018A \u00e0 moins qu\u2019il s\u00e9curise un accord cons\u00e9quent avec un client externe. Et les analystes d\u2019entrevoir pour Intel une strat\u00e9gie similaire \u00e0 Nvidia et AMD, ce qui impacterait l\u2019ensemble du secteur et rendrait la fili\u00e8re am\u00e9ricaine des semiconducteurs plus vuln\u00e9rable.<\/p>\n<p>En parall\u00e8le, Donald\u00a0Trump a r\u00e9clam\u00e9 le d\u00e9part Lip-Bu Tan. \u00ab\u00a0Le PDG d\u2019Intel est en proie \u00e0 un grave CONFLIT d\u2019int\u00e9r\u00eats et doit d\u00e9missionner imm\u00e9diatement. Il n\u2019y a pas d\u2019autre solution \u00e0 ce probl\u00e8me\u00a0\u00bb, a-t-il affirm\u00e9 sur son r\u00e9seau social Truth Social.<\/p>\n<p>Un message diffus\u00e9 apr\u00e8s que Tom\u00a0Cotton, s\u00e9nateur r\u00e9publicain et pr\u00e9sident de la commission sp\u00e9ciale sur le renseignement du S\u00e9nat des \u00c9tats-Unis, a fait parvenir une <a href=\"https:\/\/www.cotton.senate.gov\/imo\/media\/doc\/aug5letter.pdf\" rel=\"nofollow noopener\" target=\"_blank\">lettre<\/a> le 5\u00a0ao\u00fbt au pr\u00e9sident du conseil d\u2019Intel, Franck\u00a0Yeary, exprimant ses inqui\u00e9tudes concernant les relations de Lip Bu Tan avec des industriels (dont Cadence Design Systems et Walden International) ayant des liens avec l\u2019arm\u00e9e populaire de Chine.<\/p>\n<p>Dans un message interne puis diffus\u00e9 <a href=\"https:\/\/newsroom.intel.com\/corporate\/my-commitment-to-you-and-our-company\" rel=\"nofollow noopener\" target=\"_blank\">publiquement<\/a> le 7\u00a0ao\u00fbt, Lip-Bu Tan r\u00e9pond que \u00ab\u00a0De nombreuses informations erron\u00e9es ont circul\u00e9 au sujet de [ses] fonctions pr\u00e9c\u00e9dentes chez Walden International et Cadence Design Systems\u00a0\u00bb.<\/p>\n<p>\u00ab\u00a0Nous collaborons avec l\u2019Administration pour traiter les questions qui ont \u00e9t\u00e9 soulev\u00e9es et nous assurer qu\u2019elle dispose de toutes les informations n\u00e9cessaires\u00a0\u00bb, \u00e9crit-il plus loin. \u00ab\u00a0Je partage pleinement l\u2019engagement du pr\u00e9sident [Trump] \u00e0 promouvoir la s\u00e9curit\u00e9 nationale et \u00e9conomique des \u00c9tats-Unis, j\u2019appr\u00e9cie son leadership pour faire avancer ces priorit\u00e9s et je suis fier de diriger une entreprise qui joue un r\u00f4le si central dans la r\u00e9alisation de ces objectifs\u00a0\u00bb.<\/p>\n<p> TSMC et Samsung pourraient \u00e9chapper \u00e0 la surtaxe, contrairement \u00e0 ASML<\/p>\n<p>Quant \u00e0 TSMC et Samsung, ils \u00e9chapperaient suppos\u00e9ment aux droits de douane. <a href=\"https:\/\/www.reuters.com\/business\/apple-says-samsung-will-supply-chips-texas-factory-2025-08-06\/\" rel=\"nofollow noopener\" target=\"_blank\">Reuters a rapport\u00e9 que les puces Samsung fournies \u00e0 Apple<\/a> proviendront d\u2019une usine situ\u00e9e au Texas, tandis que TSMC d\u00e9veloppe depuis 2020 un site de fabrication et de R&amp;D en Arizona. En avril\u00a02025, le groupe ta\u00efwanais a commenc\u00e9 les travaux de construction de sa troisi\u00e8me usine, qui devrait \u00eatre op\u00e9rationnelle d\u2019ici la fin de la d\u00e9cennie. <a href=\"https:\/\/www.lemagit.fr\/actualites\/366625578\/Semiconducteurs-Les-USA-reduisent-la-voilure-du-CHIPS-Act\" rel=\"nofollow noopener\" target=\"_blank\">Certaines puces Blackwell de Nvidia sont \u00e9galement produites<\/a> dans l\u2019usine de TSMC en Arizona.<\/p>\n<p><a href=\"https:\/\/www.lemagit.fr\/tribune\/TSMC-et-ASML-unis-pour-maintenir-les-geants-de-lIA-dans-lultra-dependance\" rel=\"nofollow noopener\" target=\"_blank\">Ce n\u2019est pas le cas du fabricant n\u00e9erlandais ASML,<\/a> producteur des \u00e9quipements de photolithographie permettant la fabrication des puces, qui se pr\u00e9pare \u00e0 l\u2019impact des droits de douane am\u00e9ricains.<\/p>\n<p>Lorsqu\u2019il a \u00e9t\u00e9 interrog\u00e9 sur les tarifs douaniers lors de la conf\u00e9rence t\u00e9l\u00e9phonique sur les r\u00e9sultats du deuxi\u00e8me trimestre\u00a02025 de l\u2019entreprise, le PDG d\u2019ASML, Christophe\u00a0Fouquet, a d\u00e9clar\u00e9\u00a0: \u00ab\u00a0Tout d\u2019abord, \u00e9videmment, lorsque nous envoyons de nouveaux syst\u00e8mes \u00e0 nos clients aux \u00c9tats-Unis, des tarifs douaniers pourraient s\u2019appliquer. Le deuxi\u00e8me cas concerne l\u2019acheminement de pi\u00e8ces pour la fabrication aux US. Le troisi\u00e8me \u00e9l\u00e9ment affecte la livraison de pi\u00e8ces pour les op\u00e9rations de service sur le terrain\u00a0\u00bb.<\/p>\n<p>Il existe \u00e9galement une quatri\u00e8me possibilit\u00e9, si des tarifs douaniers sont impos\u00e9s sur les importations de semiconducteurs en provenance des \u00c9tats-Unis. \u00ab\u00a0Nous essayons d\u2019att\u00e9nuer l\u2019effet sur l\u2019ensemble de l\u2019\u00e9cosyst\u00e8me. Nous travaillons avec la cha\u00eene d\u2019approvisionnement et avec nos clients pour au moins nous assurer que l\u2019impact pour ASML soit aussi limit\u00e9 que possible\u00a0\u00bb, a-t-il ajout\u00e9.<\/p>\n","protected":false},"excerpt":{"rendered":"&#13; Hier, le pr\u00e9sident am\u00e9ricain Donald\u00a0Trump a annonc\u00e9 l\u2019imposition d\u2019importants droits de douane sur les semiconducteurs import\u00e9s aux&hellip;\n","protected":false},"author":2,"featured_media":305763,"comment_status":"","ping_status":"","sticky":false,"template":"","format":"standard","meta":{"footnotes":""},"categories":[1589],"tags":[11,73,1866,12,1864,1865,1863,308],"class_list":{"0":"post-305762","1":"post","2":"type-post","3":"status-publish","4":"format-standard","5":"has-post-thumbnail","7":"category-etats-unis","8":"tag-actualites","9":"tag-etats-unis","10":"tag-etats-unis-damerique","11":"tag-news","12":"tag-united-states","13":"tag-united-states-of-america","14":"tag-us","15":"tag-usa"},"share_on_mastodon":{"url":"https:\/\/pubeurope.com\/@fr\/114994765091365691","error":""},"_links":{"self":[{"href":"https:\/\/www.europesays.com\/fr\/wp-json\/wp\/v2\/posts\/305762","targetHints":{"allow":["GET"]}}],"collection":[{"href":"https:\/\/www.europesays.com\/fr\/wp-json\/wp\/v2\/posts"}],"about":[{"href":"https:\/\/www.europesays.com\/fr\/wp-json\/wp\/v2\/types\/post"}],"author":[{"embeddable":true,"href":"https:\/\/www.europesays.com\/fr\/wp-json\/wp\/v2\/users\/2"}],"replies":[{"embeddable":true,"href":"https:\/\/www.europesays.com\/fr\/wp-json\/wp\/v2\/comments?post=305762"}],"version-history":[{"count":0,"href":"https:\/\/www.europesays.com\/fr\/wp-json\/wp\/v2\/posts\/305762\/revisions"}],"wp:featuredmedia":[{"embeddable":true,"href":"https:\/\/www.europesays.com\/fr\/wp-json\/wp\/v2\/media\/305763"}],"wp:attachment":[{"href":"https:\/\/www.europesays.com\/fr\/wp-json\/wp\/v2\/media?parent=305762"}],"wp:term":[{"taxonomy":"category","embeddable":true,"href":"https:\/\/www.europesays.com\/fr\/wp-json\/wp\/v2\/categories?post=305762"},{"taxonomy":"post_tag","embeddable":true,"href":"https:\/\/www.europesays.com\/fr\/wp-json\/wp\/v2\/tags?post=305762"}],"curies":[{"name":"wp","href":"https:\/\/api.w.org\/{rel}","templated":true}]}}